{"id":1102,"date":"2019-07-27T17:59:02","date_gmt":"2019-07-27T22:59:02","guid":{"rendered":"https:\/\/redinfor.com.pe\/portal\/?p=1102"},"modified":"2019-07-27T18:01:11","modified_gmt":"2019-07-27T23:01:11","slug":"que-es-y-para-que-es-la-perspectiva-de-genero-serret-2008","status":"publish","type":"post","link":"https:\/\/redinfor.com.pe\/portal\/2019\/07\/27\/que-es-y-para-que-es-la-perspectiva-de-genero-serret-2008\/","title":{"rendered":"QU\u00c9 ES Y PARA QU\u00c9 ES LA PERSPECTIVA DE G\u00c9NERO (Serret 2008)"},"content":{"rendered":"\n<div class=\"wp-block-image\"><figure class=\"alignleft is-resized\"><img loading=\"lazy\" decoding=\"async\" src=\"https:\/\/scontent.flim17-1.fna.fbcdn.net\/v\/t1.0-9\/67318310_2318115014903218_2851645868346441728_n.jpg?_nc_cat=100&amp;_nc_oc=AQlz2fVEAT99g5SEeoAPrtwNRkz1QZ3icAyoSjDwbPdd6Zm7Y-3rJg7_ky-0fevLOTk&amp;_nc_ht=scontent.flim17-1.fna&amp;oh=07baf156d2c2f123486cfe61578ac520&amp;oe=5DE0544D\" alt=\"\" width=\"200\" height=\"283\"\/><\/figure><\/div>\n\n\n\n<p><strong>Autor<\/strong>: Estela Serret Bravo<br><strong>A\u00f1o: <\/strong>2008.<\/p>\n\n\n\n<p>Los contenidos de las investigaciones, testimonios y gu\u00edas que conforman nuestro proyecto editorial, son un manifiesto para cambiar las representaciones generalizadas del feminismo, alterar los estereotipos injustos que ahora privan y contribuir a que esta corriente asuma el espacio acad\u00e9mico y pol\u00edtico notable que por sus m\u00e9ritos le corresponde.<\/p>\n\n\n\n<p>Tambi\u00e9n esperamos que nuestras publicaciones fortalezcan el di\u00e1logo sobre los alcances de la teor\u00eda pol\u00edtica feminista y los resultados de su incorporaci\u00f3n en las pol\u00edticas p\u00fablicas, de la formulaci\u00f3n a la evaluaci\u00f3n de los programas. Por eso en cada t\u00edtulo exponemos lo hecho, con la idea de someterlo abiertamente a cr\u00edticas. Desde ahora resulta estimulante vislumbrar que recibiremos comentarios y correcciones de la gente que nos lea.<\/p>\n\n\n\n<p>Creemos que los avances en materia de igualdad entre los sexos ameritan una defensa social, confiamos en que su respaldo amplio y plural reduce las posibilidades de retroceso, al acecho siempre en estas tem\u00e1ticas. Pero tambi\u00e9n consideramos decisivo que, de motivar nuevas adhesiones hacia nuestro esfuerzo, \u00e9stas deben ser informadas y racionales, como hace falta en la cultura democr\u00e1tica del pa\u00eds. Nuestra colecci\u00f3n tiene ese destino.<\/p>\n\n\n\n<p><\/p>\n\n\n\n<p style=\"text-align:center\"><strong><a aria-label=\" (abre en una nueva pesta\u00f1a)\" rel=\"noreferrer noopener\" href=\"https:\/\/1drv.ms\/b\/s!Avlk2W1FFmH0gmvvAK9om3Tfk3PK?e=NMPS0c\" target=\"_blank\">DESCARGAR CARPETA<\/a><\/strong><\/p>\n\n\n\n<p style=\"text-align:center\"><iframe loading=\"lazy\" src=\"https:\/\/onedrive.live.com\/embed?cid=F46116456DD964F9&amp;resid=F46116456DD964F9%21363&amp;authkey=ADBPl0VkMVmxGgU&amp;em=2\" width=\"600\" height=\"800\" frameborder=\"0\" scrolling=\"no\"><\/iframe><\/p>\n\n\n\n<div class=\"wp-block-image\"><figure class=\"aligncenter\"><img loading=\"lazy\" decoding=\"async\" width=\"553\" height=\"21\" src=\"https:\/\/redinfor.com.pe\/portal\/wp-content\/uploads\/2019\/05\/Corrugado-Colores.bmp\" alt=\"\" class=\"wp-image-626\"\/><\/figure><\/div>\n\n\n\n<p style=\"text-align:center\" class=\"has-text-color has-luminous-vivid-orange-color\"><strong>TAMBI\u00c9N TE PUEDE INTERESAR<\/strong><\/p>\n\n\n\n<div class=\"wp-block-image\"><figure class=\"aligncenter\"><a href=\"https:\/\/redinfor.com.pe\/portal\/2019\/04\/24\/transversalizacion-del-enfoque-de-genero-en-programas-y-proyectos-sociales\/\"><img loading=\"lazy\" decoding=\"async\" width=\"250\" height=\"350\" src=\"https:\/\/redinfor.com.pe\/portal\/wp-content\/uploads\/2019\/05\/TEGPPS_square.jpg\" alt=\"\" class=\"wp-image-644\" srcset=\"https:\/\/redinfor.com.pe\/portal\/wp-content\/uploads\/2019\/05\/TEGPPS_square.jpg 250w, https:\/\/redinfor.com.pe\/portal\/wp-content\/uploads\/2019\/05\/TEGPPS_square-214x300.jpg 214w\" sizes=\"auto, (max-width: 250px) 100vw, 250px\" \/><\/a><\/figure><\/div>\n","protected":false},"excerpt":{"rendered":"<p>Autor: Estela Serret BravoA\u00f1o: 2008. Los contenidos de las investigaciones, testimonios y gu\u00edas que conforman nuestro proyecto editorial, son un manifiesto para cambiar las representaciones generalizadas del feminismo, alterar los&hellip; <\/p>\n","protected":false},"author":1,"featured_media":1104,"comment_status":"closed","ping_status":"closed","sticky":false,"template":"","format":"standard","meta":{"footnotes":""},"categories":[17],"tags":[56,54,53,87,105],"class_list":["post-1102","post","type-post","status-publish","format-standard","has-post-thumbnail","hentry","category-libros","tag-enfoque","tag-equidad","tag-genero","tag-perspectiva","tag-social"],"_links":{"self":[{"href":"https:\/\/redinfor.com.pe\/portal\/wp-json\/wp\/v2\/posts\/1102","targetHints":{"allow":["GET"]}}],"collection":[{"href":"https:\/\/redinfor.com.pe\/portal\/wp-json\/wp\/v2\/posts"}],"about":[{"href":"https:\/\/redinfor.com.pe\/portal\/wp-json\/wp\/v2\/types\/post"}],"author":[{"embeddable":true,"href":"https:\/\/redinfor.com.pe\/portal\/wp-json\/wp\/v2\/users\/1"}],"replies":[{"embeddable":true,"href":"https:\/\/redinfor.com.pe\/portal\/wp-json\/wp\/v2\/comments?post=1102"}],"version-history":[{"count":3,"href":"https:\/\/redinfor.com.pe\/portal\/wp-json\/wp\/v2\/posts\/1102\/revisions"}],"predecessor-version":[{"id":1106,"href":"https:\/\/redinfor.com.pe\/portal\/wp-json\/wp\/v2\/posts\/1102\/revisions\/1106"}],"wp:featuredmedia":[{"embeddable":true,"href":"https:\/\/redinfor.com.pe\/portal\/wp-json\/wp\/v2\/media\/1104"}],"wp:attachment":[{"href":"https:\/\/redinfor.com.pe\/portal\/wp-json\/wp\/v2\/media?parent=1102"}],"wp:term":[{"taxonomy":"category","embeddable":true,"href":"https:\/\/redinfor.com.pe\/portal\/wp-json\/wp\/v2\/categories?post=1102"},{"taxonomy":"post_tag","embeddable":true,"href":"https:\/\/redinfor.com.pe\/portal\/wp-json\/wp\/v2\/tags?post=1102"}],"curies":[{"name":"wp","href":"https:\/\/api.w.org\/{rel}","templated":true}]}}