{"id":1178,"date":"2019-08-04T20:28:29","date_gmt":"2019-08-05T01:28:29","guid":{"rendered":"https:\/\/redinfor.com.pe\/portal\/?p=1178"},"modified":"2019-08-04T20:28:36","modified_gmt":"2019-08-05T01:28:36","slug":"que-significa-ser-indigena-para-el-indigena-sanchez-2013","status":"publish","type":"post","link":"https:\/\/redinfor.com.pe\/portal\/2019\/08\/04\/que-significa-ser-indigena-para-el-indigena-sanchez-2013\/","title":{"rendered":"\u00bfQU\u00c9 SIGNIFICA SER IND\u00cdGENA PARA EL IND\u00cdGENA? (S\u00e1nchez 2013)"},"content":{"rendered":"\n<div class=\"wp-block-image\"><figure class=\"alignleft is-resized\"><img loading=\"lazy\" decoding=\"async\" src=\"https:\/\/scontent.flim17-1.fna.fbcdn.net\/v\/t1.0-9\/67490457_2938462633046494_6649814670880276480_n.jpg?_nc_cat=101&amp;_nc_oc=AQmHlm532OcrzE2SQ2qetgbvfzXof1LzGkxDU629-fD2n1892KwgTOlzOQmBQ3iYHUo&amp;_nc_ht=scontent.flim17-1.fna&amp;oh=e98818e8d5c9a299d7b7b5a3984aa6e1&amp;oe=5DA304A2\" alt=\"\" width=\"200\" height=\"283\"\/><\/figure><\/div>\n\n\n\n<p><strong>Autor<\/strong>: J. S\u00e1nchez Parga<br><strong>A\u00f1o: <\/strong>2013.<\/p>\n\n\n\n<p>En principio, por casi cinco siglos, los llamaron indios, despu\u00e9s, durante las \u00faltimas d\u00e9cadas, les dijeron ind\u00edgenas, y ahora comienzan a llamarse por su nombre propio: shuar, saraguros, otavalos, ca\u00f1aris, chibuleos\u2026 El t\u00e9rmino indio fue una invenci\u00f3n de la colonia, y el ind\u00edgena fue producto de la etnograf\u00eda, pero la antropolog\u00eda (la verdadera raz\u00f3n antropol\u00f3gica), que se funda sobre el discurso del \u2018otro\u2019, s\u00f3lo se construye y desarrolla a partir de lo que \u00e9l dice de s\u00ed mismo, cuando habla. Si hoy \u00e9l ya no se reconoce a partir del discurso de los \u2018otros\u2019, sino desde el suyo propio, es tarea de la antropolog\u00eda participar de este reconocimiento.<\/p>\n\n\n\n<p>Una cosa es investigar y saber qu\u00e9 es un ind\u00edgena a partir de los procesos de \u2018descomunalizaci\u00f3n\u2019 de la comuna andina y de individualizaci\u00f3n de la poblaci\u00f3n ind\u00edgena, as\u00ed como a partir del cambio ling\u00fc\u00edstico cultural, y otra cosa muy diferente es la experiencia que \u00e9l tiene de dichos procesos, c\u00f3mo se los representa y se relaciona con ellos, y c\u00f3mo a partir de \u00e9stos sigue reconoci\u00e9ndose.<\/p>\n\n\n\n<p>Este es el problema que ha dado lugar a los tres estudios que integran esta investigaci\u00f3n. Si la comunidad ha sido siempre la matriz sociocultural de sus tradiciones, cabe preguntarse en qu\u00e9 medida puede el ind\u00edgena reproducirse y, seguir reconoci\u00e9ndose como tal al cabo de un proceso de \u2018descomunalizaci\u00f3n de sus comunidades y de su progresiva individualizaci\u00f3n. As\u00ed mismo, si su lengua aborigen ha sido no s\u00f3lo su medio de comunicarse y de expresarse, sino sobre todo el modo de autosignificarse y de interpretar el mundo \u00bfc\u00f3mo puede \u00e9l seguir reconoci\u00e9ndose a s\u00ed mismo como tal al declinar el uso de su lengua tradicional?. En otras palabras, \u00bfpuede el ind\u00edgena seguir si\u00e9ndolo y tener sentido para \u00e9l su reconocimiento al margen de su comunidad de origen y pertenencia, y de su lengua tradicional?<\/p>\n\n\n\n<p><\/p>\n\n\n\n<p style=\"text-align:center\"><strong><a href=\"https:\/\/drive.google.com\/file\/d\/1lpmhPdxY-mH8mG5XDOp1gFXOldIUIKS1\/view?usp=sharing\" target=\"_blank\" rel=\"noreferrer noopener\" aria-label=\" (abre en una nueva pesta\u00f1a)\">DESCARGAR LIBRO<\/a><\/strong><\/p>\n\n\n\n<p style=\"text-align:center\"><iframe loading=\"lazy\" src=\"https:\/\/drive.google.com\/file\/d\/1lpmhPdxY-mH8mG5XDOp1gFXOldIUIKS1\/preview\" width=\"640\" height=\"800\"><\/iframe><\/p>\n\n\n\n<div class=\"wp-block-image\"><figure class=\"aligncenter\"><img loading=\"lazy\" decoding=\"async\" width=\"553\" height=\"21\" src=\"https:\/\/redinfor.com.pe\/portal\/wp-content\/uploads\/2019\/05\/Corrugado-Colores.bmp\" alt=\"\" class=\"wp-image-626\"\/><\/figure><\/div>\n\n\n\n<p style=\"text-align:center\" class=\"has-text-color has-luminous-vivid-orange-color\"><strong>TAMBI\u00c9N TE PUEDE INTERESAR<\/strong><\/p>\n\n\n\n<div class=\"wp-block-image\"><figure class=\"aligncenter is-resized\"><a href=\"https:\/\/redinfor.com.pe\/portal\/2019\/04\/24\/responsabilidad-social-empresarial-y-relaciones-comunitarias\/\"><img loading=\"lazy\" decoding=\"async\" src=\"https:\/\/redinfor.com.pe\/portal\/wp-content\/uploads\/2019\/05\/RSE-Blog-Lateral.jpg\" alt=\"\" class=\"wp-image-653\" width=\"250\" height=\"350\" srcset=\"https:\/\/redinfor.com.pe\/portal\/wp-content\/uploads\/2019\/05\/RSE-Blog-Lateral.jpg 250w, https:\/\/redinfor.com.pe\/portal\/wp-content\/uploads\/2019\/05\/RSE-Blog-Lateral-214x300.jpg 214w\" sizes=\"auto, (max-width: 250px) 100vw, 250px\" \/><\/a><\/figure><\/div>\n","protected":false},"excerpt":{"rendered":"<p>Autor: J. S\u00e1nchez PargaA\u00f1o: 2013. En principio, por casi cinco siglos, los llamaron indios, despu\u00e9s, durante las \u00faltimas d\u00e9cadas, les dijeron ind\u00edgenas, y ahora comienzan a llamarse por su nombre&hellip; <\/p>\n","protected":false},"author":1,"featured_media":1181,"comment_status":"closed","ping_status":"closed","sticky":false,"template":"","format":"standard","meta":{"footnotes":""},"categories":[17],"tags":[47,107,160,46,104,44,50],"class_list":["post-1178","post","type-post","status-publish","format-standard","has-post-thumbnail","hentry","category-libros","tag-comunidad-campesina","tag-empresa","tag-indigena","tag-relaciones-comunitarias","tag-responsabilidad","tag-rse","tag-sociedad"],"_links":{"self":[{"href":"https:\/\/redinfor.com.pe\/portal\/wp-json\/wp\/v2\/posts\/1178","targetHints":{"allow":["GET"]}}],"collection":[{"href":"https:\/\/redinfor.com.pe\/portal\/wp-json\/wp\/v2\/posts"}],"about":[{"href":"https:\/\/redinfor.com.pe\/portal\/wp-json\/wp\/v2\/types\/post"}],"author":[{"embeddable":true,"href":"https:\/\/redinfor.com.pe\/portal\/wp-json\/wp\/v2\/users\/1"}],"replies":[{"embeddable":true,"href":"https:\/\/redinfor.com.pe\/portal\/wp-json\/wp\/v2\/comments?post=1178"}],"version-history":[{"count":2,"href":"https:\/\/redinfor.com.pe\/portal\/wp-json\/wp\/v2\/posts\/1178\/revisions"}],"predecessor-version":[{"id":1180,"href":"https:\/\/redinfor.com.pe\/portal\/wp-json\/wp\/v2\/posts\/1178\/revisions\/1180"}],"wp:featuredmedia":[{"embeddable":true,"href":"https:\/\/redinfor.com.pe\/portal\/wp-json\/wp\/v2\/media\/1181"}],"wp:attachment":[{"href":"https:\/\/redinfor.com.pe\/portal\/wp-json\/wp\/v2\/media?parent=1178"}],"wp:term":[{"taxonomy":"category","embeddable":true,"href":"https:\/\/redinfor.com.pe\/portal\/wp-json\/wp\/v2\/categories?post=1178"},{"taxonomy":"post_tag","embeddable":true,"href":"https:\/\/redinfor.com.pe\/portal\/wp-json\/wp\/v2\/tags?post=1178"}],"curies":[{"name":"wp","href":"https:\/\/api.w.org\/{rel}","templated":true}]}}