{"id":1258,"date":"2019-08-17T19:30:02","date_gmt":"2019-08-18T00:30:02","guid":{"rendered":"https:\/\/redinfor.com.pe\/portal\/?p=1258"},"modified":"2019-08-17T19:30:09","modified_gmt":"2019-08-18T00:30:09","slug":"maestros-de-la-responsabilidad-social-empresarial-usb-2016","status":"publish","type":"post","link":"https:\/\/redinfor.com.pe\/portal\/2019\/08\/17\/maestros-de-la-responsabilidad-social-empresarial-usb-2016\/","title":{"rendered":"MAESTROS DE LA RESPONSABILIDAD SOCIAL EMPRESARIAL (USB 2016)"},"content":{"rendered":"\n<div class=\"wp-block-image\"><figure class=\"alignleft is-resized\"><img loading=\"lazy\" decoding=\"async\" src=\"https:\/\/scontent.flim17-1.fna.fbcdn.net\/v\/t1.0-9\/68385119_156009055550196_7965655417579634688_n.jpg?_nc_cat=110&amp;_nc_oc=AQlurS1YAs4bUKcmSC3QVFccNwpPCEy0eai1NK4qYp-Ph8fag3SAjWPXZnK3fHg_Qgo&amp;_nc_ht=scontent.flim17-1.fna&amp;oh=5a7bb5b6a16aa776e0d237a5a0133beb&amp;oe=5DDFB430\" alt=\"\" width=\"200\" height=\"283\"\/><\/figure><\/div>\n\n\n\n<p><strong>Autor<\/strong>: Universidad Sim\u00f3n Bol\u00edvar (Colombia)<br><strong>A\u00f1o: <\/strong>2016.<\/p>\n\n\n\n<p> El presente libro es el volumen No. 5 de la colecci\u00f3n bibliogr\u00e1fica RSE-RSU, sobre Responsabilidad Social Empresarial y Universitaria, que viene publicando la Universidad Sim\u00f3n Bol\u00edvar en el marco de su nueva pol\u00edtica institucional. Aqu\u00ed aparecen reunidos, seg\u00fan ense\u00f1a el t\u00edtulo de la obra, un selecto grupo de destacados maestros de la Responsabilidad Social Empresarial, a quienes su autor, Jorge Emilio Sierra Montoya, entrevist\u00f3 en la \u00faltima d\u00e9cada para presentar sus ideas centrales en forma did\u00e1ctica, sencilla, con el apoyo invaluable del lenguaje period\u00edstico, lo cual facilita en gran medida su lectura y comprensi\u00f3n. Al ser muchos de ellos ilustres acad\u00e9micos, consultores y asesores empresariales, en estas p\u00e1ginas se podr\u00e1 adquirir la formaci\u00f3n b\u00e1sica, te\u00f3rica, sobre la RSE y sus temas esenciales (sostenibilidad, medioambiente, \u00e9tica, negocios inclusivos, etc.), pero tambi\u00e9n la manera de llevarla a la pr\u00e1ctica en las diferentes organizaciones sociales, tanto en el gobierno y las empresas como en las universidades y fundaciones, sin excepci\u00f3n. <\/p>\n\n\n\n<p><\/p>\n\n\n\n<p style=\"text-align:center\"><strong><a href=\"https:\/\/drive.google.com\/file\/d\/1_s718OhUDXv-mQhdNVI3RtFNdAixSTVc\/view?usp=sharing\" target=\"_blank\" rel=\"noreferrer noopener\" aria-label=\" (abre en una nueva pesta\u00f1a)\">DESCARGAR LIBRO<\/a><\/strong><\/p>\n\n\n\n<div class=\"wp-block-image\"><figure class=\"aligncenter\"><img loading=\"lazy\" decoding=\"async\" width=\"553\" height=\"21\" src=\"https:\/\/redinfor.com.pe\/portal\/wp-content\/uploads\/2019\/05\/Corrugado-Colores.bmp\" alt=\"\" class=\"wp-image-626\"\/><\/figure><\/div>\n\n\n\n<p style=\"text-align:center\" class=\"has-text-color has-luminous-vivid-orange-color\"><strong>TAMBI\u00c9N TE PUEDE INTERESAR<\/strong><\/p>\n\n\n\n<div class=\"wp-block-image\"><figure class=\"aligncenter is-resized\"><a href=\"https:\/\/redinfor.com.pe\/portal\/2019\/04\/24\/responsabilidad-social-empresarial-y-relaciones-comunitarias\/\"><img loading=\"lazy\" decoding=\"async\" src=\"https:\/\/redinfor.com.pe\/portal\/wp-content\/uploads\/2019\/05\/RSE-Blog-Lateral.jpg\" alt=\"\" class=\"wp-image-653\" width=\"250\" height=\"350\" srcset=\"https:\/\/redinfor.com.pe\/portal\/wp-content\/uploads\/2019\/05\/RSE-Blog-Lateral.jpg 250w, https:\/\/redinfor.com.pe\/portal\/wp-content\/uploads\/2019\/05\/RSE-Blog-Lateral-214x300.jpg 214w\" sizes=\"auto, (max-width: 250px) 100vw, 250px\" \/><\/a><\/figure><\/div>\n","protected":false},"excerpt":{"rendered":"<p>Autor: Universidad Sim\u00f3n Bol\u00edvar (Colombia)A\u00f1o: 2016. El presente libro es el volumen No. 5 de la colecci\u00f3n bibliogr\u00e1fica RSE-RSU, sobre Responsabilidad Social Empresarial y Universitaria, que viene publicando la Universidad&hellip; <\/p>\n","protected":false},"author":1,"featured_media":1260,"comment_status":"closed","ping_status":"closed","sticky":false,"template":"","format":"standard","meta":{"footnotes":""},"categories":[17],"tags":[107,46,104,44,50],"class_list":["post-1258","post","type-post","status-publish","format-standard","has-post-thumbnail","hentry","category-libros","tag-empresa","tag-relaciones-comunitarias","tag-responsabilidad","tag-rse","tag-sociedad"],"_links":{"self":[{"href":"https:\/\/redinfor.com.pe\/portal\/wp-json\/wp\/v2\/posts\/1258","targetHints":{"allow":["GET"]}}],"collection":[{"href":"https:\/\/redinfor.com.pe\/portal\/wp-json\/wp\/v2\/posts"}],"about":[{"href":"https:\/\/redinfor.com.pe\/portal\/wp-json\/wp\/v2\/types\/post"}],"author":[{"embeddable":true,"href":"https:\/\/redinfor.com.pe\/portal\/wp-json\/wp\/v2\/users\/1"}],"replies":[{"embeddable":true,"href":"https:\/\/redinfor.com.pe\/portal\/wp-json\/wp\/v2\/comments?post=1258"}],"version-history":[{"count":1,"href":"https:\/\/redinfor.com.pe\/portal\/wp-json\/wp\/v2\/posts\/1258\/revisions"}],"predecessor-version":[{"id":1259,"href":"https:\/\/redinfor.com.pe\/portal\/wp-json\/wp\/v2\/posts\/1258\/revisions\/1259"}],"wp:featuredmedia":[{"embeddable":true,"href":"https:\/\/redinfor.com.pe\/portal\/wp-json\/wp\/v2\/media\/1260"}],"wp:attachment":[{"href":"https:\/\/redinfor.com.pe\/portal\/wp-json\/wp\/v2\/media?parent=1258"}],"wp:term":[{"taxonomy":"category","embeddable":true,"href":"https:\/\/redinfor.com.pe\/portal\/wp-json\/wp\/v2\/categories?post=1258"},{"taxonomy":"post_tag","embeddable":true,"href":"https:\/\/redinfor.com.pe\/portal\/wp-json\/wp\/v2\/tags?post=1258"}],"curies":[{"name":"wp","href":"https:\/\/api.w.org\/{rel}","templated":true}]}}