{"id":1261,"date":"2019-08-17T20:00:14","date_gmt":"2019-08-18T01:00:14","guid":{"rendered":"https:\/\/redinfor.com.pe\/portal\/?p=1261"},"modified":"2019-08-17T20:00:20","modified_gmt":"2019-08-18T01:00:20","slug":"responsabilidad-social-empresarial-una-respuesta-etica-ante-los-desafios-globales-kas-2012","status":"publish","type":"post","link":"https:\/\/redinfor.com.pe\/portal\/2019\/08\/17\/responsabilidad-social-empresarial-una-respuesta-etica-ante-los-desafios-globales-kas-2012\/","title":{"rendered":"RESPONSABILIDAD SOCIAL EMPRESARIAL una respuesta \u00e9tica ante los desaf\u00edos globales (KAS 2012)"},"content":{"rendered":"\n<div class=\"wp-block-image\"><figure class=\"alignleft is-resized\"><img loading=\"lazy\" decoding=\"async\" src=\"https:\/\/scontent.flim17-1.fna.fbcdn.net\/v\/t1.0-9\/68458654_156013552216413_178030328609243136_n.jpg?_nc_cat=100&amp;_nc_oc=AQkUqpJpRN2SumW65AsSWsFTtGEuMeZMQa9I2LWHH1WEKiKDJoB42U404w55BL7X_gY&amp;_nc_ht=scontent.flim17-1.fna&amp;oh=fb4dc48c15705361bac79c8f1cd44b32&amp;oe=5DE363AB\" alt=\"\" width=\"200\" height=\"283\"\/><\/figure><\/div>\n\n\n\n<p><strong>Autor<\/strong>: Fundaci\u00f3n Konrad Adenauer en M\u00e9xico<br><strong>A\u00f1o: <\/strong>2012.<\/p>\n\n\n\n<p>El presente libro es un esfuerzo conjunto de la C\u00e1mara Mexicana de la Industria de Transformaci\u00f3n Chihuahua, la Confederaci\u00f3n Patronal de la Rep\u00fablica Mexicana- Chihuahua, la Uni\u00f3n Social de Empresarios Mexicanos de Chihuahua, la Universidad La Salle Chihuahua y la Fundaci\u00f3n Konrad Adenauer en M\u00e9xico para generar y divulgar la reflexi\u00f3n y el an\u00e1lisis en torno al concepto de la Responsabilidad Social Empresarial en M\u00e9xico.<\/p>\n\n\n\n<p>Por medio de las conferencias que se realizaron durante el a\u00f1o 2012 en el marco de la C\u00e1tedra de Econom\u00eda Social de Mercado, conocimos diferentes puntos de vista para abordar la RSE y profundizar en su importancia en M\u00e9xico y el mundo contempor\u00e1neo, con el objetivo de promover el conocimiento sobre esta tendencia global que llama a implementarla de acuerdo con cada entorno particular de las empresas.<\/p>\n\n\n\n<p>Responsabilidad Social Empresarial: Una respuesta \u00e9tica ante los desaf\u00edos globales representa el producto de este esfuerzo compartido con acad\u00e9micos e investigadores que con su trabajo nos ayudan a dar forma a un escenario m\u00e1s favorable para la responsabilidad social y las buenas pr\u00e1cticas empresariales.<\/p>\n\n\n\n<p>Ofrecemos este libro como una herramienta que sirva a muchos en la b\u00fasqueda de mejorar el entorno empresarial global hacia una sociedad m\u00e1s justa y solidaria.<\/p>\n\n\n\n<p><\/p>\n\n\n\n<p style=\"text-align:center\"><strong><a aria-label=\" (abre en una nueva pesta\u00f1a)\" rel=\"noreferrer noopener\" href=\"https:\/\/drive.google.com\/file\/d\/1I_mk7FMaEtW4qHJbAO-817ArePtxcSoc\/view?usp=sharing\" target=\"_blank\">DESCARGAR LIBRO<\/a><\/strong><\/p>\n\n\n\n<p style=\"text-align:center\"><iframe loading=\"lazy\" src=\"https:\/\/drive.google.com\/file\/d\/1I_mk7FMaEtW4qHJbAO-817ArePtxcSoc\/preview\" width=\"640\" height=\"800\"><\/iframe><\/p>\n\n\n\n<div class=\"wp-block-image\"><figure class=\"aligncenter\"><img loading=\"lazy\" decoding=\"async\" width=\"553\" height=\"21\" src=\"https:\/\/redinfor.com.pe\/portal\/wp-content\/uploads\/2019\/05\/Corrugado-Colores.bmp\" alt=\"\" class=\"wp-image-626\"\/><\/figure><\/div>\n\n\n\n<p style=\"text-align:center\" class=\"has-text-color has-luminous-vivid-orange-color\"><strong>TAMBI\u00c9N TE PUEDE INTERESAR<\/strong><\/p>\n\n\n\n<div class=\"wp-block-image\"><figure class=\"aligncenter is-resized\"><a href=\"https:\/\/redinfor.com.pe\/portal\/2019\/04\/24\/responsabilidad-social-empresarial-y-relaciones-comunitarias\/\"><img loading=\"lazy\" decoding=\"async\" src=\"https:\/\/redinfor.com.pe\/portal\/wp-content\/uploads\/2019\/05\/RSE-Blog-Lateral.jpg\" alt=\"\" class=\"wp-image-653\" width=\"250\" height=\"350\" srcset=\"https:\/\/redinfor.com.pe\/portal\/wp-content\/uploads\/2019\/05\/RSE-Blog-Lateral.jpg 250w, https:\/\/redinfor.com.pe\/portal\/wp-content\/uploads\/2019\/05\/RSE-Blog-Lateral-214x300.jpg 214w\" sizes=\"auto, (max-width: 250px) 100vw, 250px\" \/><\/a><\/figure><\/div>\n","protected":false},"excerpt":{"rendered":"<p>Autor: Fundaci\u00f3n Konrad Adenauer en M\u00e9xicoA\u00f1o: 2012. El presente libro es un esfuerzo conjunto de la C\u00e1mara Mexicana de la Industria de Transformaci\u00f3n Chihuahua, la Confederaci\u00f3n Patronal de la Rep\u00fablica&hellip; <\/p>\n","protected":false},"author":1,"featured_media":1262,"comment_status":"closed","ping_status":"closed","sticky":false,"template":"","format":"standard","meta":{"footnotes":""},"categories":[17],"tags":[107,46,104,44,50],"class_list":["post-1261","post","type-post","status-publish","format-standard","has-post-thumbnail","hentry","category-libros","tag-empresa","tag-relaciones-comunitarias","tag-responsabilidad","tag-rse","tag-sociedad"],"_links":{"self":[{"href":"https:\/\/redinfor.com.pe\/portal\/wp-json\/wp\/v2\/posts\/1261","targetHints":{"allow":["GET"]}}],"collection":[{"href":"https:\/\/redinfor.com.pe\/portal\/wp-json\/wp\/v2\/posts"}],"about":[{"href":"https:\/\/redinfor.com.pe\/portal\/wp-json\/wp\/v2\/types\/post"}],"author":[{"embeddable":true,"href":"https:\/\/redinfor.com.pe\/portal\/wp-json\/wp\/v2\/users\/1"}],"replies":[{"embeddable":true,"href":"https:\/\/redinfor.com.pe\/portal\/wp-json\/wp\/v2\/comments?post=1261"}],"version-history":[{"count":1,"href":"https:\/\/redinfor.com.pe\/portal\/wp-json\/wp\/v2\/posts\/1261\/revisions"}],"predecessor-version":[{"id":1263,"href":"https:\/\/redinfor.com.pe\/portal\/wp-json\/wp\/v2\/posts\/1261\/revisions\/1263"}],"wp:featuredmedia":[{"embeddable":true,"href":"https:\/\/redinfor.com.pe\/portal\/wp-json\/wp\/v2\/media\/1262"}],"wp:attachment":[{"href":"https:\/\/redinfor.com.pe\/portal\/wp-json\/wp\/v2\/media?parent=1261"}],"wp:term":[{"taxonomy":"category","embeddable":true,"href":"https:\/\/redinfor.com.pe\/portal\/wp-json\/wp\/v2\/categories?post=1261"},{"taxonomy":"post_tag","embeddable":true,"href":"https:\/\/redinfor.com.pe\/portal\/wp-json\/wp\/v2\/tags?post=1261"}],"curies":[{"name":"wp","href":"https:\/\/api.w.org\/{rel}","templated":true}]}}