{"id":1313,"date":"2019-08-24T12:20:18","date_gmt":"2019-08-24T17:20:18","guid":{"rendered":"https:\/\/redinfor.com.pe\/portal\/?p=1313"},"modified":"2019-08-24T12:20:28","modified_gmt":"2019-08-24T17:20:28","slug":"la-responsabilidad-social-desde-una-perspectiva-critica-e-interdisciplinaria-funlam-2015","status":"publish","type":"post","link":"https:\/\/redinfor.com.pe\/portal\/2019\/08\/24\/la-responsabilidad-social-desde-una-perspectiva-critica-e-interdisciplinaria-funlam-2015\/","title":{"rendered":"LA RESPONSABILIDAD SOCIAL DESDE UNA PERSPECTIVA CR\u00cdTICA E INTERDISCIPLINARIA (FUNLAM 2015)"},"content":{"rendered":"\n<div class=\"wp-block-image\"><figure class=\"alignleft is-resized\"><img loading=\"lazy\" decoding=\"async\" src=\"https:\/\/scontent.flim17-1.fna.fbcdn.net\/v\/t1.0-9\/68799178_2365787643469288_6756739088600006656_n.jpg?_nc_cat=109&amp;_nc_oc=AQkFX8RSItfnhNUtwyjLfUHZrqNzdeYnTyD7RydkrYo1QAazFs1K7Za1skLvkBG8t50&amp;_nc_ht=scontent.flim17-1.fna&amp;oh=69af82e3fe0380f9b2da8fb17ede510e&amp;oe=5DCDD58A\" alt=\"\" width=\"200\" height=\"283\"\/><\/figure><\/div>\n\n\n\n<p><strong>Autor<\/strong>: Fundaci\u00f3n Universitaria Luis Amig\u00f3<br><strong>A\u00f1o: <\/strong>2015.<\/p>\n\n\n\n<p>El Grupo Urbanitas de la Facultad de Comunicaci\u00f3n Social y Publicidad, protagonista de los procesos de mejoramiento constante de la Fundaci\u00f3n Universitaria Luis Amig\u00f3, se complace en presentarles su nuevo libro que recopila las ponencias presentadas en el Seminario Internacional sobre \u201cLa responsabilidad social desde una perspectiva cr\u00edtica e interdisciplinaria: Investigaci\u00f3n en comunicaci\u00f3n-educaci\u00f3n y publicidad\u201d, realizado en la ciudad de Medell\u00edn, Colombia.<\/p>\n\n\n\n<p>En nueve cap\u00edtulos se presentan los resultados de distintas investigaciones que relacionan comunicaci\u00f3n, publicidad y responsabilidad social, en tiempos de cambios significativos y constantes en todos los niveles de la sociedad y, en buena medida, relacionados con el cuidado del planeta. As\u00ed lo entiende el Rector de la Instituci\u00f3n, Padre Jos\u00e9 Wilmar S\u00e1nchez Duque, en el marco de la misi\u00f3n y la visi\u00f3n que contemplan una formaci\u00f3n de profesionales con conciencia cr\u00edtica, \u00e9tica y social; con el fin de contribuir al desarrollo de la sociedad y educaci\u00f3n de seres humanos integrales en la b\u00fasqueda de la trascendencia, la calidad de vida y la dignidad.<\/p>\n\n\n\n<p>Desde los conceptos complejos e interdisciplinarios de la comunicaci\u00f3n-educaci\u00f3n y la publicidad social, los investigadores abordaron preguntas que van desde la calidad de vida hasta la ciudadan\u00eda wiki, pasando por la comunicaci\u00f3n organizacional, el marketing, el periodismo y la gesti\u00f3n de marca.<\/p>\n\n\n\n<p><\/p>\n\n\n\n<p style=\"text-align:center\"><strong><a aria-label=\" (abre en una nueva pesta\u00f1a)\" rel=\"noreferrer noopener\" href=\"https:\/\/1drv.ms\/b\/s!Avlk2W1FFmH0gm7f7kPecGZ8Xafd\" target=\"_blank\">DESCARGAR LIBRO<\/a><\/strong><\/p>\n\n\n\n<p style=\"text-align:center\"><iframe loading=\"lazy\" src=\"https:\/\/onedrive.live.com\/embed?cid=F46116456DD964F9&amp;resid=F46116456DD964F9%21366&amp;authkey=AMwUAx10ka7IZvw&amp;em=2\" width=\"640\" height=\"800\" frameborder=\"0\" scrolling=\"no\"><\/iframe><\/p>\n\n\n\n<div class=\"wp-block-image\"><figure class=\"aligncenter\"><img loading=\"lazy\" decoding=\"async\" width=\"553\" height=\"21\" src=\"https:\/\/redinfor.com.pe\/portal\/wp-content\/uploads\/2019\/05\/Corrugado-Colores.bmp\" alt=\"\" class=\"wp-image-626\"\/><\/figure><\/div>\n\n\n\n<p style=\"text-align:center\" class=\"has-text-color has-luminous-vivid-orange-color\"><strong>TAMBI\u00c9N TE PUEDE INTERESAR<\/strong><\/p>\n\n\n\n<div class=\"wp-block-image\"><figure class=\"aligncenter is-resized\"><a href=\"https:\/\/redinfor.com.pe\/portal\/2019\/04\/24\/responsabilidad-social-empresarial-y-relaciones-comunitarias\/\"><img loading=\"lazy\" decoding=\"async\" src=\"https:\/\/redinfor.com.pe\/portal\/wp-content\/uploads\/2019\/05\/RSE-Blog-Lateral.jpg\" alt=\"\" class=\"wp-image-653\" width=\"250\" height=\"350\" srcset=\"https:\/\/redinfor.com.pe\/portal\/wp-content\/uploads\/2019\/05\/RSE-Blog-Lateral.jpg 250w, https:\/\/redinfor.com.pe\/portal\/wp-content\/uploads\/2019\/05\/RSE-Blog-Lateral-214x300.jpg 214w\" sizes=\"auto, (max-width: 250px) 100vw, 250px\" \/><\/a><\/figure><\/div>\n","protected":false},"excerpt":{"rendered":"<p>Autor: Fundaci\u00f3n Universitaria Luis Amig\u00f3A\u00f1o: 2015. El Grupo Urbanitas de la Facultad de Comunicaci\u00f3n Social y Publicidad, protagonista de los procesos de mejoramiento constante de la Fundaci\u00f3n Universitaria Luis Amig\u00f3,&hellip; <\/p>\n","protected":false},"author":1,"featured_media":1314,"comment_status":"closed","ping_status":"closed","sticky":false,"template":"","format":"standard","meta":{"footnotes":""},"categories":[17],"tags":[107,104,44,50],"class_list":["post-1313","post","type-post","status-publish","format-standard","has-post-thumbnail","hentry","category-libros","tag-empresa","tag-responsabilidad","tag-rse","tag-sociedad"],"_links":{"self":[{"href":"https:\/\/redinfor.com.pe\/portal\/wp-json\/wp\/v2\/posts\/1313","targetHints":{"allow":["GET"]}}],"collection":[{"href":"https:\/\/redinfor.com.pe\/portal\/wp-json\/wp\/v2\/posts"}],"about":[{"href":"https:\/\/redinfor.com.pe\/portal\/wp-json\/wp\/v2\/types\/post"}],"author":[{"embeddable":true,"href":"https:\/\/redinfor.com.pe\/portal\/wp-json\/wp\/v2\/users\/1"}],"replies":[{"embeddable":true,"href":"https:\/\/redinfor.com.pe\/portal\/wp-json\/wp\/v2\/comments?post=1313"}],"version-history":[{"count":1,"href":"https:\/\/redinfor.com.pe\/portal\/wp-json\/wp\/v2\/posts\/1313\/revisions"}],"predecessor-version":[{"id":1315,"href":"https:\/\/redinfor.com.pe\/portal\/wp-json\/wp\/v2\/posts\/1313\/revisions\/1315"}],"wp:featuredmedia":[{"embeddable":true,"href":"https:\/\/redinfor.com.pe\/portal\/wp-json\/wp\/v2\/media\/1314"}],"wp:attachment":[{"href":"https:\/\/redinfor.com.pe\/portal\/wp-json\/wp\/v2\/media?parent=1313"}],"wp:term":[{"taxonomy":"category","embeddable":true,"href":"https:\/\/redinfor.com.pe\/portal\/wp-json\/wp\/v2\/categories?post=1313"},{"taxonomy":"post_tag","embeddable":true,"href":"https:\/\/redinfor.com.pe\/portal\/wp-json\/wp\/v2\/tags?post=1313"}],"curies":[{"name":"wp","href":"https:\/\/api.w.org\/{rel}","templated":true}]}}