{"id":14261,"date":"2021-10-17T08:37:21","date_gmt":"2021-10-17T13:37:21","guid":{"rendered":"https:\/\/redinfor.com.pe\/portal\/?p=14261"},"modified":"2021-10-17T08:40:49","modified_gmt":"2021-10-17T13:40:49","slug":"bases-para-la-evaluacion-de-impacto-de-politicas-publicas-iaap-2019","status":"publish","type":"post","link":"https:\/\/redinfor.com.pe\/portal\/2021\/10\/17\/bases-para-la-evaluacion-de-impacto-de-politicas-publicas-iaap-2019\/","title":{"rendered":"Bases para la Evaluaci\u00f3n de Impacto de Pol\u00edticas P\u00fablicas (IAAP 2019)"},"content":{"rendered":"\n<div class=\"wp-block-image\"><figure class=\"alignleft size-full is-resized\"><img loading=\"lazy\" decoding=\"async\" src=\"https:\/\/redinfor.com.pe\/portal\/wp-content\/uploads\/2021\/10\/book_iaap_beipp.jpg\" alt=\"\" class=\"wp-image-14262\" width=\"183\" height=\"259\" srcset=\"https:\/\/redinfor.com.pe\/portal\/wp-content\/uploads\/2021\/10\/book_iaap_beipp.jpg 366w, https:\/\/redinfor.com.pe\/portal\/wp-content\/uploads\/2021\/10\/book_iaap_beipp-212x300.jpg 212w\" sizes=\"auto, (max-width: 183px) 100vw, 183px\" \/><\/figure><\/div>\n\n\n\n<p><strong>Autor<\/strong>: Instituto Andaluz de Administraci\u00f3n P\u00fablica. Junta de Andaluc\u00eda.<br><strong>A\u00f1o: <\/strong>2019.<\/p>\n\n\n\n<p>En el a\u00f1o 2016, el Gobierno Andaluz inici\u00f3 un proyecto para desarrollar la evaluaci\u00f3n de pol\u00edticas p\u00fablicas en la Junta de Andaluc\u00eda. Entre otras actividades, esta iniciativa puso en marcha un trabajo colaborativo mediante la creaci\u00f3n de un grupo de personas con experiencia y\/o conocimientos en la materia que, de manera voluntaria, propusiera y abordara conjuntamente las diferentes tareas que esta empresa requiriera. Entre las tareas que se han ido abordando, se encuentra la elaboraci\u00f3n de una metodolog\u00eda propia, sencilla y pr\u00e1ctica, para la planificaci\u00f3n y evaluaci\u00f3n de las pol\u00edticas p\u00fablicas.<\/p>\n\n\n\n<p>De esta forma, y despu\u00e9s de abordar otros aspectos fundamentales como la planificaci\u00f3n, la evaluaci\u00f3n ex-ante o la misma evaluabilidad de los programas p\u00fablicos, ha llegado el momento de abordar otras evaluaciones que completaran el ciclo de las pol\u00edticas p\u00fablicas, m\u00e1s all\u00e1 de las fases de dise\u00f1o e implementaci\u00f3n, incluyendo la evaluaci\u00f3n de los efectos de las actuaciones puestas en marcha.<\/p>\n\n\n\n<p>La evaluaci\u00f3n de impacto que aqu\u00ed se plantea, se enmarca en ese concepto de los efectos causados por el plan, analizados tras su implementaci\u00f3n y en el momento adecuado para que se hayan podido producir. En definitiva, conocer los cambios en la poblaci\u00f3n o en el contexto que han sido fruto, de alg\u00fan modo, de la pol\u00edtica p\u00fablica.<\/p>\n\n\n\n<p>Al mismo tiempo, se opta por unas determinadas metodolog\u00edas para abordar este tipo de evaluaci\u00f3n de pol\u00edticas p\u00fablicas, de cara a contar con una forma com\u00fan de emprender este proceso para toda la Junta de Andaluc\u00eda. La elecci\u00f3n de m\u00e9todos y la forma en que se proponen, responden al enfoque eminentemente pr\u00e1ctico que se le quiere dar a estas gu\u00edas, por lo que, lejos de aproximaciones te\u00f3ricas, las propuestas recogidas en los cap\u00edtulos siguientes y en el apartado \u201cPara saber m\u00e1s\u201d, que pueden resultar ecl\u00e9cticas desde el punto de vista de la teor\u00eda y la conceptualizaci\u00f3n de la evaluaci\u00f3n, han sido propuestas a trav\u00e9s del debate y el consenso, de manera que respondan a las necesidades y la visi\u00f3n propias del equipo de evaluaci\u00f3n que luego tendr\u00e1 que usarlas.<\/p>\n\n\n\n<p class=\"has-text-align-center\"><strong><a href=\"https:\/\/drive.google.com\/file\/d\/1xq_Cf5aW6W77atRXlK4iWlXzWUKvs4At\/view?usp=sharing\" target=\"_blank\" rel=\"noreferrer noopener\">DESCARGAR LIBRO<\/a><\/strong><\/p>\n\n\n\n<p class=\"has-text-align-center\"><iframe loading=\"lazy\" src=\"https:\/\/drive.google.com\/file\/d\/1xq_Cf5aW6W77atRXlK4iWlXzWUKvs4At\/preview\" width=\"600\" height=\"850\" allow=\"autoplay\"><\/iframe><\/p>\n\n\n\n<div class=\"wp-block-image\"><figure class=\"aligncenter\"><img loading=\"lazy\" decoding=\"async\" width=\"553\" height=\"21\" src=\"https:\/\/redinfor.com.pe\/portal\/wp-content\/uploads\/2019\/05\/Corrugado-Colores.bmp\" alt=\"\" class=\"wp-image-626\"\/><\/figure><\/div>\n\n\n\n<p class=\"has-text-align-center has-vivid-red-color has-text-color\"><strong>TAMBI\u00c9N TE PUEDE INTERESAR<\/strong><\/p>\n\n\n\n<p class=\"has-text-align-center\"><a href=\"https:\/\/redinfor.com.pe\/portal\/2019\/04\/24\/monitoreo-y-evaluacion-de-programas-y-proyectos-sociales\/\" target=\"_blank\" rel=\"noreferrer noopener\"><img decoding=\"async\" src=\" https:\/\/www.redinfor.com.pe\/Avisos\/MEPPS\/MEPPS_advisor.jpg \" style=\"width: 450px;\"><\/a><\/p>\n","protected":false},"excerpt":{"rendered":"<p>Autor: Instituto Andaluz de Administraci\u00f3n P\u00fablica. Junta de Andaluc\u00eda.A\u00f1o: 2019. En el a\u00f1o 2016, el Gobierno Andaluz inici\u00f3 un proyecto para desarrollar la evaluaci\u00f3n de pol\u00edticas p\u00fablicas en la Junta&hellip; <\/p>\n","protected":false},"author":1,"featured_media":14264,"comment_status":"closed","ping_status":"closed","sticky":false,"template":"","format":"standard","meta":{"footnotes":""},"categories":[17],"tags":[66,2494,35,36,1488],"class_list":["post-14261","post","type-post","status-publish","format-standard","has-post-thumbnail","hentry","category-libros","tag-evaluacion","tag-iaap","tag-politicas","tag-publicas","tag-publicos"],"_links":{"self":[{"href":"https:\/\/redinfor.com.pe\/portal\/wp-json\/wp\/v2\/posts\/14261","targetHints":{"allow":["GET"]}}],"collection":[{"href":"https:\/\/redinfor.com.pe\/portal\/wp-json\/wp\/v2\/posts"}],"about":[{"href":"https:\/\/redinfor.com.pe\/portal\/wp-json\/wp\/v2\/types\/post"}],"author":[{"embeddable":true,"href":"https:\/\/redinfor.com.pe\/portal\/wp-json\/wp\/v2\/users\/1"}],"replies":[{"embeddable":true,"href":"https:\/\/redinfor.com.pe\/portal\/wp-json\/wp\/v2\/comments?post=14261"}],"version-history":[{"count":1,"href":"https:\/\/redinfor.com.pe\/portal\/wp-json\/wp\/v2\/posts\/14261\/revisions"}],"predecessor-version":[{"id":14263,"href":"https:\/\/redinfor.com.pe\/portal\/wp-json\/wp\/v2\/posts\/14261\/revisions\/14263"}],"wp:featuredmedia":[{"embeddable":true,"href":"https:\/\/redinfor.com.pe\/portal\/wp-json\/wp\/v2\/media\/14264"}],"wp:attachment":[{"href":"https:\/\/redinfor.com.pe\/portal\/wp-json\/wp\/v2\/media?parent=14261"}],"wp:term":[{"taxonomy":"category","embeddable":true,"href":"https:\/\/redinfor.com.pe\/portal\/wp-json\/wp\/v2\/categories?post=14261"},{"taxonomy":"post_tag","embeddable":true,"href":"https:\/\/redinfor.com.pe\/portal\/wp-json\/wp\/v2\/tags?post=14261"}],"curies":[{"name":"wp","href":"https:\/\/api.w.org\/{rel}","templated":true}]}}