{"id":19880,"date":"2022-05-24T19:36:00","date_gmt":"2022-05-25T00:36:00","guid":{"rendered":"https:\/\/redinfor.com.pe\/portal\/?p=19880"},"modified":"2022-05-24T19:36:02","modified_gmt":"2022-05-25T00:36:02","slug":"agroecologia-y-resiliencia-socioecologica-adaptandose-al-cambio-climatico","status":"publish","type":"post","link":"https:\/\/redinfor.com.pe\/portal\/2022\/05\/24\/agroecologia-y-resiliencia-socioecologica-adaptandose-al-cambio-climatico\/","title":{"rendered":"AGROECOLOG\u00cdA Y RESILIENCIA SOCIOECOL\u00d3GICA: ADAPT\u00c1NDOSE AL CAMBIO CLIM\u00c1TICO"},"content":{"rendered":"<div class=\"wp-block-image\">\n<figure class=\"alignleft size-full\"><img loading=\"lazy\" decoding=\"async\" width=\"246\" height=\"350\" src=\"https:\/\/redinfor.com.pe\/portal\/wp-content\/uploads\/2022\/05\/book_mcpr_agroeco.jpg\" alt=\"\" class=\"wp-image-19881\" srcset=\"https:\/\/redinfor.com.pe\/portal\/wp-content\/uploads\/2022\/05\/book_mcpr_agroeco.jpg 246w, https:\/\/redinfor.com.pe\/portal\/wp-content\/uploads\/2022\/05\/book_mcpr_agroeco-211x300.jpg 211w\" sizes=\"auto, (max-width: 246px) 100vw, 246px\" \/><\/figure>\n<\/div>\n\n\n<p><strong>Autor<\/strong>: Clara In\u00e9s Nicholls Estrada; Leonardo Alberto R\u00edos Osorio; y Miguel \u00c1ngel Altieri<br><strong>A\u00f1o: <\/strong>2013<\/p>\n\n\n\n<p>La amenaza del cambio clim\u00e1tico global ha causado consternaci\u00f3n entre los cient\u00edficos, ya que la producci\u00f3n de cultivos se podr\u00eda ver seriamente afectada al cambiar radicalmente los reg\u00edmenes de temperaturas y lluvias, comprometiendo as\u00ed la seguridad alimentaria tanto a nivel local como mundial. Aunque los efectos del cambio clim\u00e1tico sobre los rendimientos agr\u00edcolas variar\u00e1n de regi\u00f3n a regi\u00f3n, los efectos mas dram\u00e1ticos se esperan en pa\u00edses en v\u00edas de desarrollo. Las estad\u00edsticas oficiales predicen que los agricultores m\u00e1s pobres son especialmente vulnerables a los impactos del cambio clim\u00e1tico debido a su exposici\u00f3n geogr\u00e1fica, bajos ingresos, mayor dependencia en la agricultura para su sobrevivencia y su limitada capacidad de buscar otras alternativas de vida. La peor pobreza rural se encuentra frecuentemente en zonas \u00e1ridas o semi\u00e1ridas y en laderas que son ecol\u00f3gicamente muy vulnerables. Si bien es verdad que para estos grupos vulnerables, peque\u00f1os cambios en el clima pueden tener impactos desastrosos, las estad\u00edsticas son muchas veces aproximaciones muy burdas que no toman en cuenta la heterogeneidad de la agricultura campesina, ni la diversidad de estrategias que los campesinos han utilizado y a\u00fan utilizan para resistir e incluso recuperarse de sequ\u00edas, inundaciones, huracanes, etc. Quiz\u00e1s el hallazgo m\u00e1s importante de los \u00faltimos a\u00f1os es la revelaci\u00f3n de que muchos agricultores no solo lidian con la variaci\u00f3n clim\u00e1tica sino que de hecho se preparan para el cambio, minimizando la p\u00e9rdida de rendimientos mediante el uso de una serie de t\u00e9cnicas tradicionales como el uso de variedades locales resistentes a la sequ\u00eda o los extremos de humedad, sistemas de cosecha de agua, sistemas diversificados de producci\u00f3n como policultivos y agroforester\u00eda, t\u00e9cnicas de conservaci\u00f3n de suelos y agua incluyendo practicas de cosecha de agua, etc.<\/p>\n\n\n<div class=\"wp-block-image\">\n<figure class=\"aligncenter size-full\"><a href=\"https:\/\/docs.google.com\/forms\/d\/13pS_1pCYPicvl-glG4TpYdynOg4XpuYqcg08bGCD9Ic\/viewform\" target=\"_blank\" rel=\"noopener\"><img loading=\"lazy\" decoding=\"async\" width=\"648\" height=\"108\" src=\"https:\/\/redinfor.com.pe\/portal\/wp-content\/uploads\/2021\/12\/mcpr_banner_suscripcion.jpg\" alt=\"\" class=\"wp-image-15563\" srcset=\"https:\/\/redinfor.com.pe\/portal\/wp-content\/uploads\/2021\/12\/mcpr_banner_suscripcion.jpg 648w, https:\/\/redinfor.com.pe\/portal\/wp-content\/uploads\/2021\/12\/mcpr_banner_suscripcion-300x50.jpg 300w\" sizes=\"auto, (max-width: 648px) 100vw, 648px\" \/><\/a><\/figure>\n<\/div>\n\n\n<p>El an\u00e1lisis sobre el comportamiento de la agricultura campesina despu\u00e9s de fuertes eventos clim\u00e1ticos, ha puesto de manifiesto que la resistencia a los desastres clim\u00e1ticos est\u00e1 estrechamente relacionada con la biodiversidad presente en los sistemas productivos. Sin duda, la gran cantidad de sistemas tradicionales existentes en Am\u00e9rica Latina adaptados a diferentes ambientes, constituyen un patrimonio mundial que refleja el valor de la diversidad de dichos sistemas y cuenta una historia fascinante de la capacidad y el ingenio de los seres humanos para ajustarse y adaptarse a los caprichos de un entorno cambiante a trav\u00e9s del tiempo. Sistemas agr\u00edcolas mas diversos con una gama mas amplia de rasgos y funciones son capaces de comportarse mejor bajo condiciones ambientales cambiantes. Las investigaciones revelan que hay tres maneras como la biodiversidad se relaciona con la capacidad funcional y la resiliencia de agroecosistemas:<\/p>\n\n\n\n<ul class=\"wp-block-list\"><li>La biodiversidad incrementa la funci\u00f3n del agroecosistema pues diferentes especies juegan roles diferentes y ocupan nichos diversos.<\/li><li>En general hay mas especies que funciones en un agroecosistema diverso, por lo que existe redundancia en los sistemas.<\/li><li>La biodiversidad incrementa la funci\u00f3n del agroecosistema porque esos componentes que parecen ser redundantes en un tiempo determinado, son importantes cuando ocurre un cambio ambiental. De esta manera las redundancias del sistema permiten que en medio de cambios ambientales el agroecosistema siga cumpliendo funciones y prestando servicios ecol\u00f3gicos.<\/li><\/ul>\n\n\n\n<p>Este libro recoge contribuciones de miembros de REDAGRES basados en an\u00e1lisis te\u00f3ricos y\/o sistematizaciones de experiencias practicas, conducentes a elucidar principios y estrategias socio- ecol\u00f3gicas que explican c\u00f3mo comunidades rurales y sus sistemas productivos resisten y se recuperan de eventos extremos. Tales principios proveer\u00e1n las bases agroecol\u00f3gicas para que miles de agricultores puedan dise\u00f1ar sistemas resilientes, evitando as\u00ed p\u00e9rdidas econ\u00f3micas y de producci\u00f3n excesivas cuando sean afectados por sequ\u00edas, huracanes, inundaciones, etc.<\/p>\n\n\n\n<p class=\"has-text-align-center has-medium-font-size\"><strong><a href=\"https:\/\/drive.google.com\/file\/d\/1WaU41nvLcDSBs7ha7iO9Y7Vt9xuu0r2e\/view?usp=sharing\" target=\"_blank\" rel=\"noreferrer noopener\">DESCARGAR LIBRO<\/a><\/strong><\/p>\n\n\n\n<p class=\"has-text-align-center\"><iframe loading=\"lazy\" src=\"https:\/\/drive.google.com\/file\/d\/1WaU41nvLcDSBs7ha7iO9Y7Vt9xuu0r2e\/preview\" width=\"600\" height=\"800\" allow=\"autoplay\"><\/iframe><\/p>\n\n\n<div class=\"wp-block-image\">\n<figure class=\"aligncenter\"><img loading=\"lazy\" decoding=\"async\" width=\"553\" height=\"21\" src=\"https:\/\/redinfor.com.pe\/portal\/wp-content\/uploads\/2019\/05\/Corrugado-Colores.bmp\" alt=\"\" class=\"wp-image-626\"\/><\/figure>\n<\/div>\n\n\n<p class=\"has-text-align-center has-luminous-vivid-orange-color has-text-color\"><strong>TAMBI\u00c9N TE PUEDE INTERESAR<\/strong><\/p>\n\n\n<div class=\"wp-block-image\">\n<figure class=\"aligncenter size-full\"><a href=\"https:\/\/redinfor.com.pe\/portal\/2021\/05\/16\/metodologias-de-capacitacion-para-poblaciones-rurales\/\"><img loading=\"lazy\" decoding=\"async\" width=\"250\" height=\"350\" src=\"https:\/\/redinfor.com.pe\/portal\/wp-content\/uploads\/2019\/05\/MCPR-Blog-Lateral.jpg\" alt=\"\" class=\"wp-image-662\" srcset=\"https:\/\/redinfor.com.pe\/portal\/wp-content\/uploads\/2019\/05\/MCPR-Blog-Lateral.jpg 250w, https:\/\/redinfor.com.pe\/portal\/wp-content\/uploads\/2019\/05\/MCPR-Blog-Lateral-214x300.jpg 214w\" sizes=\"auto, (max-width: 250px) 100vw, 250px\" \/><\/a><\/figure>\n<\/div>","protected":false},"excerpt":{"rendered":"<p>Autor: Clara In\u00e9s Nicholls Estrada; Leonardo Alberto R\u00edos Osorio; y Miguel \u00c1ngel AltieriA\u00f1o: 2013 La amenaza del cambio clim\u00e1tico global ha causado consternaci\u00f3n entre los cient\u00edficos, ya que la producci\u00f3n&hellip; <\/p>\n","protected":false},"author":1,"featured_media":19882,"comment_status":"closed","ping_status":"closed","sticky":false,"template":"","format":"standard","meta":{"footnotes":""},"categories":[17],"tags":[157,40,127,2973],"class_list":["post-19880","post","type-post","status-publish","format-standard","has-post-thumbnail","hentry","category-libros","tag-agroecologia","tag-cambio-climatico","tag-resiliencia","tag-socioecologica"],"_links":{"self":[{"href":"https:\/\/redinfor.com.pe\/portal\/wp-json\/wp\/v2\/posts\/19880","targetHints":{"allow":["GET"]}}],"collection":[{"href":"https:\/\/redinfor.com.pe\/portal\/wp-json\/wp\/v2\/posts"}],"about":[{"href":"https:\/\/redinfor.com.pe\/portal\/wp-json\/wp\/v2\/types\/post"}],"author":[{"embeddable":true,"href":"https:\/\/redinfor.com.pe\/portal\/wp-json\/wp\/v2\/users\/1"}],"replies":[{"embeddable":true,"href":"https:\/\/redinfor.com.pe\/portal\/wp-json\/wp\/v2\/comments?post=19880"}],"version-history":[{"count":1,"href":"https:\/\/redinfor.com.pe\/portal\/wp-json\/wp\/v2\/posts\/19880\/revisions"}],"predecessor-version":[{"id":19883,"href":"https:\/\/redinfor.com.pe\/portal\/wp-json\/wp\/v2\/posts\/19880\/revisions\/19883"}],"wp:featuredmedia":[{"embeddable":true,"href":"https:\/\/redinfor.com.pe\/portal\/wp-json\/wp\/v2\/media\/19882"}],"wp:attachment":[{"href":"https:\/\/redinfor.com.pe\/portal\/wp-json\/wp\/v2\/media?parent=19880"}],"wp:term":[{"taxonomy":"category","embeddable":true,"href":"https:\/\/redinfor.com.pe\/portal\/wp-json\/wp\/v2\/categories?post=19880"},{"taxonomy":"post_tag","embeddable":true,"href":"https:\/\/redinfor.com.pe\/portal\/wp-json\/wp\/v2\/tags?post=19880"}],"curies":[{"name":"wp","href":"https:\/\/api.w.org\/{rel}","templated":true}]}}