{"id":24666,"date":"2022-12-27T19:12:38","date_gmt":"2022-12-28T00:12:38","guid":{"rendered":"https:\/\/redinfor.com.pe\/portal\/?p=24666"},"modified":"2022-12-27T19:12:42","modified_gmt":"2022-12-28T00:12:42","slug":"guia-de-unicef-para-la-incidencia-de-los-y-las-jovenes","status":"publish","type":"post","link":"https:\/\/redinfor.com.pe\/portal\/2022\/12\/27\/guia-de-unicef-para-la-incidencia-de-los-y-las-jovenes\/","title":{"rendered":"GU\u00cdA DE UNICEF PARA LA INCIDENCIA DE LOS Y LAS J\u00d3VENES."},"content":{"rendered":"<div class=\"wp-block-image\">\n<figure class=\"alignleft size-full\"><img loading=\"lazy\" decoding=\"async\" width=\"247\" height=\"350\" src=\"https:\/\/redinfor.com.pe\/portal\/wp-content\/uploads\/2022\/12\/book_ipp_incidencia_jov.jpg\" alt=\"\" class=\"wp-image-24667\" srcset=\"https:\/\/redinfor.com.pe\/portal\/wp-content\/uploads\/2022\/12\/book_ipp_incidencia_jov.jpg 247w, https:\/\/redinfor.com.pe\/portal\/wp-content\/uploads\/2022\/12\/book_ipp_incidencia_jov-212x300.jpg 212w\" sizes=\"auto, (max-width: 247px) 100vw, 247px\" \/><\/figure>\n<\/div>\n\n\n<p><strong>Autor<\/strong>: UNICEF<br><strong>A\u00f1o: <\/strong>2022<\/p>\n\n\n\n<p>Esta gu\u00eda para la incidencia de los y las j\u00f3venes pretende ayudarte a TI a navegar y abogar por un cambio. Piensa en esta gu\u00eda como una aliada mientras trabajas para dejar tu huella en el mundo. El objetivo de la gu\u00eda es orientarte a lo largo del proceso de incidencia, combinando instrucciones paso a paso con historias inspiradoras de otros j\u00f3venes que se esfuerzan por lograr un cambio. Cuando leas estas historias de victorias y desaf\u00edos, que van desde la prevenci\u00f3n del matrimonio infantil hasta el activismo ambiental inspirador, recordar\u00e1s que no est\u00e1s solo(a).<\/p>\n\n\n\n<p>Por el contrario, perteneces a una creciente comunidad de j\u00f3venes que lenta y sistem\u00e1ticamente est\u00e1n cambiando el mundo.<\/p>\n\n\n\n<p>Puedes utilizar esta gu\u00eda en el orden que desees. Si bien el recurso est\u00e1 dise\u00f1ado para leerse de principio a fin, sabemos que la incidencia puede ser complicada y nunca se realiza exactamente como se plane\u00f3. Experimentar\u00e1s altibajos, \u00a1y eso est\u00e1 bien! Te sugerimos que te tomes un tiempo para leer el documento completo, pero tambi\u00e9n eres libre de saltar a diferentes secciones como mejor te parezca.<\/p>\n\n\n<div class=\"wp-block-image\">\n<figure class=\"aligncenter size-full\"><a href=\"https:\/\/docs.google.com\/forms\/d\/17lnIZ4jCT4CUSkiy4UTr1JsSGzttDaEoBeVkpmlgoLU\/viewform\" target=\"_blank\" rel=\"noopener\"><img loading=\"lazy\" decoding=\"async\" width=\"600\" height=\"100\" src=\"https:\/\/redinfor.com.pe\/portal\/wp-content\/uploads\/2021\/11\/banner_ipp_suscribete.jpg\" alt=\"\" class=\"wp-image-14804\" srcset=\"https:\/\/redinfor.com.pe\/portal\/wp-content\/uploads\/2021\/11\/banner_ipp_suscribete.jpg 600w, https:\/\/redinfor.com.pe\/portal\/wp-content\/uploads\/2021\/11\/banner_ipp_suscribete-300x50.jpg 300w\" sizes=\"auto, (max-width: 600px) 100vw, 600px\" \/><\/a><\/figure>\n<\/div>\n\n\n<p>La incidencia se enfoca en hacer algo para apoyar, recomendar o implementar acciones vinculadas a una idea o causa en la que est\u00e1s interesado(a). Todas las personas, incluidos los ni\u00f1os, las ni\u00f1as y los y las j\u00f3venes, tienen derecho a opinar acerca de las decisiones que les afectan. Cuando t\u00fa abogas por una causa, fomentas que las personas responsables rindan cuentas para garantizar la protecci\u00f3n y la garant\u00eda de tus derechos. No est\u00e1s pidiendo favores. La incidencia tambi\u00e9n significa hacer o\u00edr tu voz ya que, a menudo, las ideas o pr\u00e1cticas que se quieren cambiar afectan a las personas m\u00e1s vulnerables de la sociedad. La incidencia utiliza la voz colectiva de los y las j\u00f3venes para defender y proteger derechos o para apoyar diferentes iniciativas o causas. Tu labor de incidencia puede generar cambios en pol\u00edticas, programas, instituciones e inversiones, as\u00ed como en acciones y comportamientos.<\/p>\n\n\n\n<p class=\"has-text-align-center has-medium-font-size\"><strong><a href=\"https:\/\/drive.google.com\/file\/d\/18Lp-B9cp6F7dzkFJqqoUP0lA_gVl62pH\/view?usp=sharing\" target=\"_blank\" rel=\"noreferrer noopener\">DESCARGAR LIBRO<\/a><\/strong><\/p>\n\n\n\n<p class=\"has-text-align-center\"><iframe loading=\"lazy\" src=\"https:\/\/drive.google.com\/file\/d\/18Lp-B9cp6F7dzkFJqqoUP0lA_gVl62pH\/preview\" width=\"600\" height=\"800\" allow=\"autoplay\"><\/iframe><\/p>\n\n\n<div class=\"wp-block-image\">\n<figure class=\"aligncenter\"><img loading=\"lazy\" decoding=\"async\" width=\"553\" height=\"21\" src=\"https:\/\/redinfor.com.pe\/portal\/wp-content\/uploads\/2019\/05\/Corrugado-Colores.bmp\" alt=\"\" class=\"wp-image-626\"\/><\/figure>\n<\/div>\n\n\n<p class=\"has-text-align-center has-luminous-vivid-orange-color has-text-color\"><strong>TAMBI\u00c9N TE PUEDE INTERESAR<\/strong><\/p>\n\n\n<div class=\"wp-block-image\">\n<figure class=\"aligncenter size-full\"><a href=\"https:\/\/redinfor.com.pe\/portal\/2021\/05\/09\/incidencia-en-politicas-publicas\/\" target=\"_blank\" rel=\"noreferrer noopener\"><img loading=\"lazy\" decoding=\"async\" width=\"250\" height=\"350\" src=\"https:\/\/redinfor.com.pe\/portal\/wp-content\/uploads\/2019\/05\/IPP-Blog-Lateral.jpg\" alt=\"\" class=\"wp-image-628\" srcset=\"https:\/\/redinfor.com.pe\/portal\/wp-content\/uploads\/2019\/05\/IPP-Blog-Lateral.jpg 250w, https:\/\/redinfor.com.pe\/portal\/wp-content\/uploads\/2019\/05\/IPP-Blog-Lateral-214x300.jpg 214w\" sizes=\"auto, (max-width: 250px) 100vw, 250px\" \/><\/a><\/figure>\n<\/div>","protected":false},"excerpt":{"rendered":"<p>Autor: UNICEFA\u00f1o: 2022 Esta gu\u00eda para la incidencia de los y las j\u00f3venes pretende ayudarte a TI a navegar y abogar por un cambio. Piensa en esta gu\u00eda como una&hellip; <\/p>\n","protected":false},"author":1,"featured_media":24669,"comment_status":"closed","ping_status":"closed","sticky":false,"template":"","format":"standard","meta":{"footnotes":""},"categories":[17],"tags":[1742,164,252,61,37,250,101,215,38,3427],"class_list":["post-24666","post","type-post","status-publish","format-standard","has-post-thumbnail","hentry","category-libros","tag-abogacia","tag-advocacy","tag-cabildeo","tag-cambios","tag-incidencia","tag-incidir","tag-influir","tag-jovenes","tag-politica","tag-unicef"],"_links":{"self":[{"href":"https:\/\/redinfor.com.pe\/portal\/wp-json\/wp\/v2\/posts\/24666","targetHints":{"allow":["GET"]}}],"collection":[{"href":"https:\/\/redinfor.com.pe\/portal\/wp-json\/wp\/v2\/posts"}],"about":[{"href":"https:\/\/redinfor.com.pe\/portal\/wp-json\/wp\/v2\/types\/post"}],"author":[{"embeddable":true,"href":"https:\/\/redinfor.com.pe\/portal\/wp-json\/wp\/v2\/users\/1"}],"replies":[{"embeddable":true,"href":"https:\/\/redinfor.com.pe\/portal\/wp-json\/wp\/v2\/comments?post=24666"}],"version-history":[{"count":1,"href":"https:\/\/redinfor.com.pe\/portal\/wp-json\/wp\/v2\/posts\/24666\/revisions"}],"predecessor-version":[{"id":24668,"href":"https:\/\/redinfor.com.pe\/portal\/wp-json\/wp\/v2\/posts\/24666\/revisions\/24668"}],"wp:featuredmedia":[{"embeddable":true,"href":"https:\/\/redinfor.com.pe\/portal\/wp-json\/wp\/v2\/media\/24669"}],"wp:attachment":[{"href":"https:\/\/redinfor.com.pe\/portal\/wp-json\/wp\/v2\/media?parent=24666"}],"wp:term":[{"taxonomy":"category","embeddable":true,"href":"https:\/\/redinfor.com.pe\/portal\/wp-json\/wp\/v2\/categories?post=24666"},{"taxonomy":"post_tag","embeddable":true,"href":"https:\/\/redinfor.com.pe\/portal\/wp-json\/wp\/v2\/tags?post=24666"}],"curies":[{"name":"wp","href":"https:\/\/api.w.org\/{rel}","templated":true}]}}