{"id":28613,"date":"2023-06-15T11:40:27","date_gmt":"2023-06-15T16:40:27","guid":{"rendered":"https:\/\/redinfor.com.pe\/portal\/?p=28613"},"modified":"2023-06-15T11:40:29","modified_gmt":"2023-06-15T16:40:29","slug":"guia-para-la-planificacion-e-implementacion-de-propuestas-de-comunicacion-dirigida-a-activistas","status":"publish","type":"post","link":"https:\/\/redinfor.com.pe\/portal\/2023\/06\/15\/guia-para-la-planificacion-e-implementacion-de-propuestas-de-comunicacion-dirigida-a-activistas\/","title":{"rendered":"GU\u00cdA PARA LA PLANIFICACI\u00d3N E IMPLEMENTACI\u00d3N DE PROPUESTAS DE COMUNICACI\u00d3N DIRIGIDA A ACTIVISTAS"},"content":{"rendered":"<div class=\"wp-block-image\">\n<figure class=\"alignleft size-full\"><img loading=\"lazy\" decoding=\"async\" width=\"260\" height=\"350\" src=\"https:\/\/redinfor.com.pe\/portal\/wp-content\/uploads\/2023\/06\/book_ipp_guia_activistas.jpg\" alt=\"\" class=\"wp-image-28614\" srcset=\"https:\/\/redinfor.com.pe\/portal\/wp-content\/uploads\/2023\/06\/book_ipp_guia_activistas.jpg 260w, https:\/\/redinfor.com.pe\/portal\/wp-content\/uploads\/2023\/06\/book_ipp_guia_activistas-223x300.jpg 223w\" sizes=\"auto, (max-width: 260px) 100vw, 260px\" \/><\/figure>\n<\/div>\n\n\n<p><strong>Autor<\/strong>: OXFAM<br><strong>A\u00f1o: <\/strong>2021<\/p>\n\n\n\n<p>Desde los a\u00f1os 60 y 70 las y los activistas han impulsado el cambio hacia pol\u00edticas menos da\u00f1inas con el ambiente. Sin embargo, su accionar no implica solo defender \u00abplantas y animalitos\u00bb, sino que est\u00e1 \u00edntimamente relacionado con las personas, con el ejercicio de sus libertades y el respeto a sus derechos humanos, pues un ambiente deteriorado origina escasez de recursos, contaminaci\u00f3n, pandemias mundiales y el incremento de la desigualdad en perjuicio de las poblaciones m\u00e1s vulnerables.<\/p>\n\n\n\n<p>Sin embargo, ser activista ambiental no es una tarea f\u00e1cil, ya que implica m\u00faltiples habilidades y capacidades necesarias para lograr el cambio social. Implica educar a la ciudadan\u00eda acerca de la importancia del cuidado de los bosques; investigar y adaptar el lenguaje abstracto de la ciencia a palabras sencillas y amigables para dar a conocer los beneficios de una transici\u00f3n energ\u00e9tica justa; dialogar y convencer a las autoridades para aprobar leyes a favor del ambiente; denunciar delitos ambientales y exigir sanciones a los responsables; reaccionar frente a la injusticia, la violencia o la discriminaci\u00f3n causada por defender la naturaleza; tambi\u00e9n implica mostrar solidaridad con las luchas de los pueblos ind\u00edgenas.<\/p>\n\n\n<div class=\"wp-block-image\">\n<figure class=\"aligncenter size-full\"><a href=\"https:\/\/docs.google.com\/forms\/d\/17lnIZ4jCT4CUSkiy4UTr1JsSGzttDaEoBeVkpmlgoLU\/viewform\" target=\"_blank\" rel=\"noopener\"><img loading=\"lazy\" decoding=\"async\" width=\"600\" height=\"100\" src=\"https:\/\/redinfor.com.pe\/portal\/wp-content\/uploads\/2021\/11\/banner_ipp_suscribete.jpg\" alt=\"\" class=\"wp-image-14804\" srcset=\"https:\/\/redinfor.com.pe\/portal\/wp-content\/uploads\/2021\/11\/banner_ipp_suscribete.jpg 600w, https:\/\/redinfor.com.pe\/portal\/wp-content\/uploads\/2021\/11\/banner_ipp_suscribete-300x50.jpg 300w\" sizes=\"auto, (max-width: 600px) 100vw, 600px\" \/><\/a><\/figure>\n<\/div>\n\n\n<p>En resumen, ser activista es saber educar, informar, sensibilizar, negociar, denunciar y mostrar empat\u00eda. Todo al mismo tiempo. En funci\u00f3n a estos objetivos, la comunicaci\u00f3n es una herramienta fundamental para la construcci\u00f3n de puentes de di\u00e1logo orientados a generar los cambios necesarios para aspirar a una sociedad m\u00e1s justa y equitativa con todas las personas.<\/p>\n\n\n\n<p>Por ello, Oxfam Per\u00fa, que viene trabajando para confrontar las desigualdades en la sociedad peruana, pone a disposici\u00f3n de las y los activistas esta Gu\u00eda para la planificaci\u00f3n e implementaci\u00f3n de campa\u00f1as de comunicaci\u00f3n, con el objetivo de mejorar la eficacia, la eficiencia y el impacto de las propuestas de aquellos agentes de cambio que trabajan por el ambiente, en especial, por la Amazon\u00eda.<\/p>\n\n\n\n<p>Asimismo, cabe resaltar que la presente gu\u00eda se construy\u00f3 en el marco de la segunda edici\u00f3n del fondo concursable \u00abAlza la Voz por la Amazon\u00eda\u00bb, que financi\u00f3 la implementaci\u00f3n de seis propuestas de colectivos juveniles y organizaciones ind\u00edgenas que trabajaron los siguientes ejes: lucha contra la deforestaci\u00f3n, transici\u00f3n energ\u00e9tica justa, y protecci\u00f3n de personas defensoras del ambiente y el territorio. Por lo que sus voces y aprendizajes y tambi\u00e9n han sido recogidos en el presente documento.<\/p>\n\n\n\n<p class=\"has-text-align-center has-medium-font-size\"><strong><a href=\"https:\/\/drive.google.com\/file\/d\/1uZY0QYYskT7I3KX9RQrwIIa4O938u0EO\/view?usp=sharing\" target=\"_blank\" rel=\"noreferrer noopener\">DESCARGAR LIBRO<\/a><\/strong><\/p>\n\n\n\n<p class=\"has-text-align-center\"><\/p>\n\n\n<div class=\"wp-block-image\">\n<figure class=\"aligncenter\"><img loading=\"lazy\" decoding=\"async\" width=\"553\" height=\"21\" src=\"https:\/\/redinfor.com.pe\/portal\/wp-content\/uploads\/2019\/05\/Corrugado-Colores.bmp\" alt=\"\" class=\"wp-image-626\"\/><\/figure>\n<\/div>\n\n\n<p class=\"has-text-align-center has-luminous-vivid-orange-color has-text-color\"><strong>TAMBI\u00c9N TE PUEDE INTERESAR<\/strong><\/p>\n\n\n<div class=\"wp-block-image\">\n<figure class=\"aligncenter size-full\"><a href=\"https:\/\/redinfor.com.pe\/portal\/2021\/05\/09\/incidencia-en-politicas-publicas\/\" target=\"_blank\" rel=\"noreferrer noopener\"><img loading=\"lazy\" decoding=\"async\" width=\"250\" height=\"350\" src=\"https:\/\/redinfor.com.pe\/portal\/wp-content\/uploads\/2019\/05\/IPP-Blog-Lateral.jpg\" alt=\"\" class=\"wp-image-628\" srcset=\"https:\/\/redinfor.com.pe\/portal\/wp-content\/uploads\/2019\/05\/IPP-Blog-Lateral.jpg 250w, https:\/\/redinfor.com.pe\/portal\/wp-content\/uploads\/2019\/05\/IPP-Blog-Lateral-214x300.jpg 214w\" sizes=\"auto, (max-width: 250px) 100vw, 250px\" \/><\/a><\/figure>\n<\/div>","protected":false},"excerpt":{"rendered":"<p>Autor: OXFAMA\u00f1o: 2021 Desde los a\u00f1os 60 y 70 las y los activistas han impulsado el cambio hacia pol\u00edticas menos da\u00f1inas con el ambiente. Sin embargo, su accionar no implica&hellip; <\/p>\n","protected":false},"author":1,"featured_media":28615,"comment_status":"closed","ping_status":"closed","sticky":false,"template":"","format":"standard","meta":{"footnotes":""},"categories":[17],"tags":[3766,262,61,437,2211,3767,799,101,215,2498,68,38,35,197],"class_list":["post-28613","post","type-post","status-publish","format-standard","has-post-thumbnail","hentry","category-libros","tag-activistas","tag-ambiente","tag-cambios","tag-comunicacion","tag-defensa","tag-dialogo","tag-implementacion","tag-influir","tag-jovenes","tag-oxfam","tag-planificacion","tag-politica","tag-politicas","tag-propuesta"],"_links":{"self":[{"href":"https:\/\/redinfor.com.pe\/portal\/wp-json\/wp\/v2\/posts\/28613","targetHints":{"allow":["GET"]}}],"collection":[{"href":"https:\/\/redinfor.com.pe\/portal\/wp-json\/wp\/v2\/posts"}],"about":[{"href":"https:\/\/redinfor.com.pe\/portal\/wp-json\/wp\/v2\/types\/post"}],"author":[{"embeddable":true,"href":"https:\/\/redinfor.com.pe\/portal\/wp-json\/wp\/v2\/users\/1"}],"replies":[{"embeddable":true,"href":"https:\/\/redinfor.com.pe\/portal\/wp-json\/wp\/v2\/comments?post=28613"}],"version-history":[{"count":1,"href":"https:\/\/redinfor.com.pe\/portal\/wp-json\/wp\/v2\/posts\/28613\/revisions"}],"predecessor-version":[{"id":28616,"href":"https:\/\/redinfor.com.pe\/portal\/wp-json\/wp\/v2\/posts\/28613\/revisions\/28616"}],"wp:featuredmedia":[{"embeddable":true,"href":"https:\/\/redinfor.com.pe\/portal\/wp-json\/wp\/v2\/media\/28615"}],"wp:attachment":[{"href":"https:\/\/redinfor.com.pe\/portal\/wp-json\/wp\/v2\/media?parent=28613"}],"wp:term":[{"taxonomy":"category","embeddable":true,"href":"https:\/\/redinfor.com.pe\/portal\/wp-json\/wp\/v2\/categories?post=28613"},{"taxonomy":"post_tag","embeddable":true,"href":"https:\/\/redinfor.com.pe\/portal\/wp-json\/wp\/v2\/tags?post=28613"}],"curies":[{"name":"wp","href":"https:\/\/api.w.org\/{rel}","templated":true}]}}