{"id":32872,"date":"2023-12-16T10:15:25","date_gmt":"2023-12-16T15:15:25","guid":{"rendered":"https:\/\/redinfor.com.pe\/portal\/?p=32872"},"modified":"2023-12-16T10:15:26","modified_gmt":"2023-12-16T15:15:26","slug":"indicadores-para-entender-al-peru-de-los-proximos-anos","status":"publish","type":"post","link":"https:\/\/redinfor.com.pe\/portal\/2023\/12\/16\/indicadores-para-entender-al-peru-de-los-proximos-anos\/","title":{"rendered":"INDICADORES PARA ENTENDER AL PER\u00da DE LOS PR\u00d3XIMOS A\u00d1OS"},"content":{"rendered":"<div class=\"wp-block-image\">\n<figure class=\"alignleft size-full\"><img loading=\"lazy\" decoding=\"async\" width=\"269\" height=\"350\" src=\"https:\/\/redinfor.com.pe\/portal\/wp-content\/uploads\/2023\/12\/book_indicadores_peru_up.jpg\" alt=\"\" class=\"wp-image-32873\" srcset=\"https:\/\/redinfor.com.pe\/portal\/wp-content\/uploads\/2023\/12\/book_indicadores_peru_up.jpg 269w, https:\/\/redinfor.com.pe\/portal\/wp-content\/uploads\/2023\/12\/book_indicadores_peru_up-231x300.jpg 231w\" sizes=\"auto, (max-width: 269px) 100vw, 269px\" \/><\/figure>\n<\/div>\n\n\n<p><strong>Autor<\/strong>: Universidad del Pac\u00edfico (UP)<br><strong>A\u00f1o: <\/strong>2023.<\/p>\n\n\n\n<p>El presente documento busca acompa\u00f1ar las reflexiones del D\u00eda de la Gesti\u00f3n P\u00fablica 2023 sobre Escenarios de futuro para un crecimiento sostenible del Per\u00fa y lo que requerimos preparar para lograrlo.<\/p>\n\n\n\n<p>Carlos Amat y Le\u00f3n, en su obra p\u00f3stuma \u201cEl Per\u00fa nuestro de cada d\u00eda: territorio, distribuci\u00f3n del ingreso y desarrollo\u201d nos recomend\u00f3 conjugar la mirada del c\u00f3ndor y la mirada de la perdiz para entender las complejidades de nuestro pa\u00eds.<\/p>\n\n\n\n<p>Siguiendo sus ense\u00f1anzas buscamos que esta recopilaci\u00f3n de informaci\u00f3n sirva para motivar que revisemos la evoluci\u00f3n reciente de nuestro pa\u00eds en distintos aspectos sociales, econ\u00f3micos y ambientales; que tomemos conciencia de las desigualdades y oportunidades presentes en nuestro territorio; y propongamos un curso de acci\u00f3n hacia una visi\u00f3n compartida para el Per\u00fa.<\/p>\n\n\n\n<p>El Per\u00fa es un pa\u00eds mega biodiverso, con un territorio complejo y expuesto a peligros de origen natural o antr\u00f3pico. En este territorio coinciden recursos valiosos de diferente \u00edndole como su biodiversidad, recursos energ\u00e9ticos renovables, reservas de minerales y el origen del r\u00edo m\u00e1s caudaloso del mundo.<\/p>\n\n\n<div class=\"wp-block-image\">\n<figure class=\"aligncenter size-full\"><a href=\"https:\/\/docs.google.com\/forms\/d\/e\/1FAIpQLSdTbm1w4eDwABrxOHGM7MZjcjfmThCxfYYcTah5HDdV8qt2ug\/viewform\" target=\"_blank\" rel=\"noreferrer noopener\"><img loading=\"lazy\" decoding=\"async\" width=\"600\" height=\"100\" src=\"https:\/\/redinfor.com.pe\/portal\/wp-content\/uploads\/2022\/06\/mepps_banner_suscribete.jpg\" alt=\"\" class=\"wp-image-20663\" srcset=\"https:\/\/redinfor.com.pe\/portal\/wp-content\/uploads\/2022\/06\/mepps_banner_suscribete.jpg 600w, https:\/\/redinfor.com.pe\/portal\/wp-content\/uploads\/2022\/06\/mepps_banner_suscribete-300x50.jpg 300w\" sizes=\"auto, (max-width: 600px) 100vw, 600px\" \/><\/a><\/figure>\n<\/div>\n\n\n<p>Esta riqueza se ve amenazada por los efectos del cambio clim\u00e1tico, el cual afectar\u00e1 el oc\u00e9ano, la temperatura y las precipitaciones, exponiendo a diferentes zonas del territorio a sequ\u00edas, inundaciones, movimientos en masa, heladas, friajes, entre otros eventos. Adicionalmente, el territorio se ve amenazado permanentemente por un potencial movimiento s\u00edsmico. Por otro lado, acciones lideradas por el hombre como la deforestaci\u00f3n o la contaminaci\u00f3n afectan el patrimonio natural y la herencia que dejaremos para los futuros peruanos.<\/p>\n\n\n\n<p>Esta complejidad requiere ser gestionada con la construcci\u00f3n de una visi\u00f3n compartida y consensuada que se traduzca en un plan estrat\u00e9gico de desarrollo nacional y, a partir de all\u00ed, alimente las pol\u00edticas nacionales, planes de desarrollo sectoriales y planes de desarrollo sectoriales y, en \u00faltima instancia a la gesti\u00f3n p\u00fablica guiada por planes estrat\u00e9gicos y planes operativos a nivel de cada entidad p\u00fablica.<\/p>\n\n\n\n<p>En la construcci\u00f3n de ese pa\u00eds anhelado es importante pensar en el crecimiento econ\u00f3mico tomando en consideraci\u00f3n las restricciones internacionales y las limitaciones generadas por la propia din\u00e1mica del Per\u00fa. Entre estas \u00faltimas destaca la desconfianza y la informalidad en la econom\u00eda.<\/p>\n\n\n\n<p class=\"has-text-align-center\"><strong><a href=\"https:\/\/drive.google.com\/file\/d\/1gMEJVSOhsxrEkfT25lrwFQ8Yu4JsVHJU\/view?usp=sharing\" target=\"_blank\" rel=\"noreferrer noopener\">DESCARG<\/a><a href=\"https:\/\/drive.google.com\/file\/d\/1gMEJVSOhsxrEkfT25lrwFQ8Yu4JsVHJU\/view?usp=sharing\">AR LIBRO<\/a><\/strong><\/p>\n\n\n\n<p class=\"has-text-align-center\"><iframe loading=\"lazy\" src=\"https:\/\/drive.google.com\/file\/d\/1gMEJVSOhsxrEkfT25lrwFQ8Yu4JsVHJU\/preview\" width=\"600\" height=\"800\" allow=\"autoplay\"><\/iframe><\/p>\n\n\n<div class=\"wp-block-image\">\n<figure class=\"aligncenter\"><img loading=\"lazy\" decoding=\"async\" width=\"553\" height=\"21\" src=\"https:\/\/redinfor.com.pe\/portal\/wp-content\/uploads\/2019\/05\/Corrugado-Colores.bmp\" alt=\"\" class=\"wp-image-626\"\/><\/figure>\n<\/div>\n\n\n<p class=\"has-text-align-center has-vivid-red-color has-text-color\"><strong>TAMBI\u00c9N TE PUEDE INTERESAR<\/strong><\/p>\n\n\n\n<p class=\"has-text-align-center has-vivid-red-color has-text-color\"><a href=\"https:\/\/redinfor.com.pe\/portal\/2021\/06\/14\/monitoreo-y-evaluacion-de-programas-y-proyectos-sociales\/\"><img loading=\"lazy\" decoding=\"async\" width=\"350\" height=\"496\" class=\"wp-image-4774\" style=\"width: 350px;\" src=\"https:\/\/redinfor.com.pe\/portal\/wp-content\/uploads\/2020\/07\/MEPPS_advisor.jpg\" alt=\"\" srcset=\"https:\/\/redinfor.com.pe\/portal\/wp-content\/uploads\/2020\/07\/MEPPS_advisor.jpg 300w, https:\/\/redinfor.com.pe\/portal\/wp-content\/uploads\/2020\/07\/MEPPS_advisor-212x300.jpg 212w\" sizes=\"auto, (max-width: 350px) 100vw, 350px\" \/><\/a><a href=\"https:\/\/redinfor.com.pe\/portal\/2019\/04\/24\/monitoreo-y-evaluacion-de-programas-y-proyectos-sociales\/\"><\/a><\/p>\n","protected":false},"excerpt":{"rendered":"<p>Autor: Universidad del Pac\u00edfico (UP)A\u00f1o: 2023. El presente documento busca acompa\u00f1ar las reflexiones del D\u00eda de la Gesti\u00f3n P\u00fablica 2023 sobre Escenarios de futuro para un crecimiento sostenible del Per\u00fa&hellip; <\/p>\n","protected":false},"author":1,"featured_media":32874,"comment_status":"closed","ping_status":"closed","sticky":false,"template":"","format":"standard","meta":{"footnotes":""},"categories":[17],"tags":[228,90,1729,66,669,131,135,65,435,67,4140],"class_list":["post-32872","post","type-post","status-publish","format-standard","has-post-thumbnail","hentry","category-libros","tag-analisis","tag-desarrollo","tag-efectos","tag-evaluacion","tag-impactos","tag-indicadores","tag-metodologia","tag-monitoreo","tag-peru","tag-proyectos","tag-universidad-del-pacifico"],"_links":{"self":[{"href":"https:\/\/redinfor.com.pe\/portal\/wp-json\/wp\/v2\/posts\/32872","targetHints":{"allow":["GET"]}}],"collection":[{"href":"https:\/\/redinfor.com.pe\/portal\/wp-json\/wp\/v2\/posts"}],"about":[{"href":"https:\/\/redinfor.com.pe\/portal\/wp-json\/wp\/v2\/types\/post"}],"author":[{"embeddable":true,"href":"https:\/\/redinfor.com.pe\/portal\/wp-json\/wp\/v2\/users\/1"}],"replies":[{"embeddable":true,"href":"https:\/\/redinfor.com.pe\/portal\/wp-json\/wp\/v2\/comments?post=32872"}],"version-history":[{"count":1,"href":"https:\/\/redinfor.com.pe\/portal\/wp-json\/wp\/v2\/posts\/32872\/revisions"}],"predecessor-version":[{"id":32875,"href":"https:\/\/redinfor.com.pe\/portal\/wp-json\/wp\/v2\/posts\/32872\/revisions\/32875"}],"wp:featuredmedia":[{"embeddable":true,"href":"https:\/\/redinfor.com.pe\/portal\/wp-json\/wp\/v2\/media\/32874"}],"wp:attachment":[{"href":"https:\/\/redinfor.com.pe\/portal\/wp-json\/wp\/v2\/media?parent=32872"}],"wp:term":[{"taxonomy":"category","embeddable":true,"href":"https:\/\/redinfor.com.pe\/portal\/wp-json\/wp\/v2\/categories?post=32872"},{"taxonomy":"post_tag","embeddable":true,"href":"https:\/\/redinfor.com.pe\/portal\/wp-json\/wp\/v2\/tags?post=32872"}],"curies":[{"name":"wp","href":"https:\/\/api.w.org\/{rel}","templated":true}]}}