{"id":34465,"date":"2024-03-04T09:04:10","date_gmt":"2024-03-04T14:04:10","guid":{"rendered":"https:\/\/redinfor.com.pe\/portal\/?p=34465"},"modified":"2024-03-04T09:04:10","modified_gmt":"2024-03-04T14:04:10","slug":"la-perspectiva-de-genero-como-elemento-de-calidad-en-la-gestion-de-las-ong","status":"publish","type":"post","link":"https:\/\/redinfor.com.pe\/portal\/2024\/03\/04\/la-perspectiva-de-genero-como-elemento-de-calidad-en-la-gestion-de-las-ong\/","title":{"rendered":"LA PERSPECTIVA DE G\u00c9NERO COMO ELEMENTO DE CALIDAD EN LA GESTI\u00d3N DE LAS ONG"},"content":{"rendered":"<div class=\"wp-block-image\">\n<figure class=\"alignleft size-full\"><img loading=\"lazy\" decoding=\"async\" width=\"249\" height=\"350\" src=\"https:\/\/redinfor.com.pe\/portal\/wp-content\/uploads\/2024\/03\/book_tegpps_gestion_ong.jpg\" alt=\"\" class=\"wp-image-34466\" srcset=\"https:\/\/redinfor.com.pe\/portal\/wp-content\/uploads\/2024\/03\/book_tegpps_gestion_ong.jpg 249w, https:\/\/redinfor.com.pe\/portal\/wp-content\/uploads\/2024\/03\/book_tegpps_gestion_ong-213x300.jpg 213w\" sizes=\"auto, (max-width: 249px) 100vw, 249px\" \/><\/figure>\n<\/div>\n\n\n<p><strong>Autor<\/strong>: INSTITUTO PARA LA CALIDAD DE LAS ONG (ICONG)<br><strong>A\u00f1o: <\/strong>2023<\/p>\n\n\n\n<p><strong>En esta Gu\u00eda partimos de una hip\u00f3tesis b\u00e1sica: hemos heredado una manera de entender y proyectar el mundo que, en su intento de ser generalista, ha dejado de lado la particularidad.<\/strong><\/p>\n\n\n\n<p>En esta voluntad globalizadora se han obviado los matices que configuran la realidad diversa de las personas y que determinan las desigualdades sist\u00e9micas. La analog\u00eda ha subsumido esta visi\u00f3n, impidiendo profundizar en las particularidades y obviando los privilegios y las relaciones de discriminaci\u00f3n.<\/p>\n\n\n\n<p>As\u00ed, esta herencia ha mantenido en los m\u00e1rgenes a muchas personas. En particular a las mujeres. <\/p>\n\n\n\n<p>Precisamente, una de las caracter\u00edsticas de esa visi\u00f3n generalista es neutralizar la realidad en t\u00e9rminos de g\u00e9nero. Es decir, considerar como no relevante la influencia del sexo\/g\u00e9nero en el lugar que las personas ocupan en el mundo, u omitir el impacto de la expectativa social depositada sobre las personas seg\u00fan sean le\u00eddas como mujeres o como hombres.<\/p>\n\n\n\n<p><strong>Para hablar de este efecto, se pueden adoptar t\u00e9rminos como ceguera, opacidad o neutralidad de g\u00e9nero.<\/strong><\/p>\n\n\n\n<p>Adem\u00e1s de esta ceguera, la intenci\u00f3n globalizadora que estamos analizando identifica la norma con lo masculino.<\/p>\n\n\n\n<p>Lo interesante es descubrir que, mientras esta perspectiva heredada se nos presenta como neutra a cualquier categor\u00eda de diferenciaci\u00f3n, en realidad pivota en torno a las circunstancias de un sujeto claramente definido. La universalidad de un supuesto sujeto neutro responde, en lo cotidiano, a las caracter\u00edsticas, posibilidades y aspiraciones de un sujeto masculino.<\/p>\n\n\n<div class=\"wp-block-image\">\n<figure class=\"aligncenter size-full\"><a href=\"https:\/\/docs.google.com\/forms\/d\/12kDzDpU7Ysi6OrHy4HpfqngAT0WSorjvzYCu9EkT2yE\/viewform\" target=\"_blank\" rel=\"noopener\"><img loading=\"lazy\" decoding=\"async\" width=\"600\" height=\"100\" src=\"https:\/\/redinfor.com.pe\/portal\/wp-content\/uploads\/2021\/12\/TEGPPS_banner_cursos.jpg\" alt=\"\" class=\"wp-image-15488\" srcset=\"https:\/\/redinfor.com.pe\/portal\/wp-content\/uploads\/2021\/12\/TEGPPS_banner_cursos.jpg 600w, https:\/\/redinfor.com.pe\/portal\/wp-content\/uploads\/2021\/12\/TEGPPS_banner_cursos-300x50.jpg 300w\" sizes=\"auto, (max-width: 600px) 100vw, 600px\" \/><\/a><\/figure>\n<\/div>\n\n\n<p><strong>Esta es la segunda caracter\u00edstica de esta perspectiva heredada: el androcentrismo.<\/strong><\/p>\n\n\n\n<p>Por consiguiente, cuando en las organizaciones se aplican sistemas de gesti\u00f3n opacas al g\u00e9nero, que destinan recursos, actividades o servicios a personas \u2018neutras\u2019 en relaci\u00f3n con el g\u00e9nero, lo que en realidad sucede es que se toma un solo modelo como universal. El corte que divide al colectivo en, al menos, dos grandes grupos mayoritarios (mujeres y hombres) desaparece y, con \u00e9l, se elimina tambi\u00e9n la posibilidad de contemplar las diferentes experiencias, necesidades y deseos del grupo humano.<\/p>\n\n\n\n<p><strong>Desde aqu\u00ed se puede llegar a descubrir la tercera caracter\u00edstica de la visi\u00f3n globalizadora heredada: la uniformidad.<\/strong><\/p>\n\n\n\n<p>Con este concepto se quiere poner en evidencia que el androcentrismo no solo invisibiliza al sujeto femenino per se, sino a la variedad que impera tanto entre las mujeres como entre los hombres. La uniformidad borra las caracter\u00edsticas que diferencian a las mujeres entre s\u00ed y a los hombres entre s\u00ed, a pesar de que el d\u00eda a d\u00eda nos recuerda que las personas somos diversas.<\/p>\n\n\n\n<p>Siempre existen aristas, factores que nos recolocan seg\u00fan qu\u00e9 circunstancias y contextos. El sexo\/g\u00e9nero es transversal a todo un abanico de factores que modulan la vida de las personas, determinando sus derechos y sus posibilidades de desarrollarse plenamente.<\/p>\n\n\n\n<p class=\"has-text-align-center has-medium-font-size\"><strong><a href=\"https:\/\/drive.google.com\/file\/d\/17chB8gZ3TRSj4wx1-m5XoodopVyGFTN6\/view?usp=sharing\" target=\"_blank\" rel=\"noreferrer noopener\">DESCARGAR LIBRO<\/a><\/strong><\/p>\n\n\n\n<p class=\"has-text-align-center\"><iframe loading=\"lazy\" src=\"https:\/\/drive.google.com\/file\/d\/17chB8gZ3TRSj4wx1-m5XoodopVyGFTN6\/preview\" width=\"600\" height=\"800\" allow=\"autoplay\"><\/iframe><\/p>\n\n\n<div class=\"wp-block-image\">\n<figure class=\"aligncenter\"><img loading=\"lazy\" decoding=\"async\" width=\"553\" height=\"21\" src=\"https:\/\/redinfor.com.pe\/portal\/wp-content\/uploads\/2019\/05\/Corrugado-Colores.bmp\" alt=\"\" class=\"wp-image-626\"\/><\/figure>\n<\/div>\n\n\n<p class=\"has-text-align-center has-luminous-vivid-orange-color has-text-color\"><strong>TAMBI\u00c9N TE PUEDE INTERESAR<\/strong><\/p>\n\n\n<div class=\"wp-block-image\">\n<figure class=\"aligncenter\"><a href=\"https:\/\/redinfor.com.pe\/portal\/2019\/04\/24\/transversalizacion-del-enfoque-de-genero-en-programas-y-proyectos-sociales\/\"><img loading=\"lazy\" decoding=\"async\" width=\"250\" height=\"350\" src=\"https:\/\/redinfor.com.pe\/portal\/wp-content\/uploads\/2019\/05\/TEGPPS_square.jpg\" alt=\"\" class=\"wp-image-644\" srcset=\"https:\/\/redinfor.com.pe\/portal\/wp-content\/uploads\/2019\/05\/TEGPPS_square.jpg 250w, https:\/\/redinfor.com.pe\/portal\/wp-content\/uploads\/2019\/05\/TEGPPS_square-214x300.jpg 214w\" sizes=\"auto, (max-width: 250px) 100vw, 250px\" \/><\/a><\/figure>\n<\/div>","protected":false},"excerpt":{"rendered":"<p>Autor: INSTITUTO PARA LA CALIDAD DE LAS ONG (ICONG)A\u00f1o: 2023 En esta Gu\u00eda partimos de una hip\u00f3tesis b\u00e1sica: hemos heredado una manera de entender y proyectar el mundo que, en&hellip; <\/p>\n","protected":false},"author":1,"featured_media":34467,"comment_status":"closed","ping_status":"closed","sticky":false,"template":"","format":"standard","meta":{"footnotes":""},"categories":[17],"tags":[228,632,3714,56,52,54,53,323,4220,55,131,165,3393,87,133],"class_list":["post-34465","post","type-post","status-publish","format-standard","has-post-thumbnail","hentry","category-libros","tag-analisis","tag-calidad","tag-desigualdades","tag-enfoque","tag-enfoque-de-genero","tag-equidad","tag-genero","tag-gestion","tag-icong","tag-igualdad","tag-indicadores","tag-mujeres","tag-ong","tag-perspectiva","tag-transversalizacion"],"_links":{"self":[{"href":"https:\/\/redinfor.com.pe\/portal\/wp-json\/wp\/v2\/posts\/34465","targetHints":{"allow":["GET"]}}],"collection":[{"href":"https:\/\/redinfor.com.pe\/portal\/wp-json\/wp\/v2\/posts"}],"about":[{"href":"https:\/\/redinfor.com.pe\/portal\/wp-json\/wp\/v2\/types\/post"}],"author":[{"embeddable":true,"href":"https:\/\/redinfor.com.pe\/portal\/wp-json\/wp\/v2\/users\/1"}],"replies":[{"embeddable":true,"href":"https:\/\/redinfor.com.pe\/portal\/wp-json\/wp\/v2\/comments?post=34465"}],"version-history":[{"count":1,"href":"https:\/\/redinfor.com.pe\/portal\/wp-json\/wp\/v2\/posts\/34465\/revisions"}],"predecessor-version":[{"id":34468,"href":"https:\/\/redinfor.com.pe\/portal\/wp-json\/wp\/v2\/posts\/34465\/revisions\/34468"}],"wp:featuredmedia":[{"embeddable":true,"href":"https:\/\/redinfor.com.pe\/portal\/wp-json\/wp\/v2\/media\/34467"}],"wp:attachment":[{"href":"https:\/\/redinfor.com.pe\/portal\/wp-json\/wp\/v2\/media?parent=34465"}],"wp:term":[{"taxonomy":"category","embeddable":true,"href":"https:\/\/redinfor.com.pe\/portal\/wp-json\/wp\/v2\/categories?post=34465"},{"taxonomy":"post_tag","embeddable":true,"href":"https:\/\/redinfor.com.pe\/portal\/wp-json\/wp\/v2\/tags?post=34465"}],"curies":[{"name":"wp","href":"https:\/\/api.w.org\/{rel}","templated":true}]}}