{"id":35769,"date":"2024-04-30T18:48:58","date_gmt":"2024-04-30T23:48:58","guid":{"rendered":"https:\/\/redinfor.com.pe\/portal\/?p=35769"},"modified":"2024-04-30T18:54:53","modified_gmt":"2024-04-30T23:54:53","slug":"transversalizacion-de-los-enfoques-de-genero-y-juventud-caja-de-herramientas","status":"publish","type":"post","link":"https:\/\/redinfor.com.pe\/portal\/2024\/04\/30\/transversalizacion-de-los-enfoques-de-genero-y-juventud-caja-de-herramientas\/","title":{"rendered":"TRANSVERSALIZACI\u00d3N DE LOS ENFOQUES DE G\u00c9NERO Y JUVENTUD: CAJA DE HERRAMIENTAS"},"content":{"rendered":"<div class=\"wp-block-image\">\n<figure class=\"alignleft size-full\"><img loading=\"lazy\" decoding=\"async\" width=\"249\" height=\"350\" src=\"https:\/\/redinfor.com.pe\/portal\/wp-content\/uploads\/2024\/04\/book_tegpps_genero_caja_herra.jpg\" alt=\"\" class=\"wp-image-35770\" srcset=\"https:\/\/redinfor.com.pe\/portal\/wp-content\/uploads\/2024\/04\/book_tegpps_genero_caja_herra.jpg 249w, https:\/\/redinfor.com.pe\/portal\/wp-content\/uploads\/2024\/04\/book_tegpps_genero_caja_herra-213x300.jpg 213w\" sizes=\"auto, (max-width: 249px) 100vw, 249px\" \/><\/figure>\n<\/div>\n\n\n<p><strong>Autor<\/strong>: AVANZAR RURAL <br><strong>A\u00f1o: <\/strong>2023<\/p>\n\n\n\n<p>El Proyecto \u201cMejoramiento y Ampliaci\u00f3n de los Servicios P\u00fablicos para el Desarrollo Productivo Local en el \u00c1mbito de la Sierra y la Selva del Per\u00fa\u201d \u2013 AVANZAR RURAL tiene la estrategia de transversalizaci\u00f3n de los enfoques de g\u00e9nero y juventud, para lo cual se plantean objetivos, productos y criterios. Con la finalidad de implementar esta estrategia por los equipos de las OZ y equipos de los componentes del proyecto en campo, se cuentan con recursos y metodolog\u00edas en campo para sensibilizar a OPP y peque\u00f1os\/as productores\/as y preparar las condiciones para lograr las metas de inclusi\u00f3n social del proyecto.<\/p>\n\n\n\n<p>Esta Caja de Herramientas comprende recursos y metodolog\u00edas para que sean implementadas por los equipos del proyecto en campo. Adem\u00e1s, incluye consideraciones para la facilitaci\u00f3n de las sesiones.<\/p>\n\n\n<div class=\"wp-block-image\">\n<figure class=\"aligncenter size-full\"><a href=\"https:\/\/docs.google.com\/forms\/d\/12kDzDpU7Ysi6OrHy4HpfqngAT0WSorjvzYCu9EkT2yE\/viewform\" target=\"_blank\" rel=\"noopener\"><img loading=\"lazy\" decoding=\"async\" width=\"600\" height=\"100\" src=\"https:\/\/redinfor.com.pe\/portal\/wp-content\/uploads\/2021\/12\/TEGPPS_banner_cursos.jpg\" alt=\"\" class=\"wp-image-15488\" srcset=\"https:\/\/redinfor.com.pe\/portal\/wp-content\/uploads\/2021\/12\/TEGPPS_banner_cursos.jpg 600w, https:\/\/redinfor.com.pe\/portal\/wp-content\/uploads\/2021\/12\/TEGPPS_banner_cursos-300x50.jpg 300w\" sizes=\"auto, (max-width: 600px) 100vw, 600px\" \/><\/a><\/figure>\n<\/div>\n\n\n<p>La inclusi\u00f3n social en el proyecto Avanzar Rural comprende la transversalizaci\u00f3n del enfoque de g\u00e9nero, juventud y pueblos ind\u00edgenas en el proyecto Avanzar Rural y tiene como prop\u00f3sito garantizar que las mujeres y j\u00f3venes accedan a los beneficios y recursos del proyecto, superando las desigualdades y brechas de g\u00e9nero e intergeneracionales (EGJ, 2021).<\/p>\n\n\n\n<p>En el Per\u00fa, la situaci\u00f3n de las mujeres rurales enfrenta brechas de g\u00e9nero en tenencia de tierra (1.8 ha mujeres y 3 ha hombres), analfabetismo (triple analfabetismo en comparaci\u00f3n a los hombres) y la participaci\u00f3n en la producci\u00f3n agropecuaria (doble y triple la diferencia entre hombres y mujeres). Por su parte, la juventud rural enfrenta brechas en educaci\u00f3n (analfabetismo 1% zona urbana y 4% en zona rural) y la calidad del empleo (35-41% se dedican a labores familiares no remuneradas, negocio familiar y trabajo independiente).<\/p>\n\n\n\n<p class=\"has-text-align-center has-medium-font-size\"><strong><a href=\"https:\/\/drive.google.com\/file\/d\/1f9lJ6XaAZdntdlZys-ZLeZ7okuA4hV3N\/view?usp=sharing\" target=\"_blank\" rel=\"noreferrer noopener\">DESCARGAR LIBRO<\/a><\/strong><\/p>\n\n\n\n<p class=\"has-text-align-center\"><iframe loading=\"lazy\" src=\"https:\/\/drive.google.com\/file\/d\/1f9lJ6XaAZdntdlZys-ZLeZ7okuA4hV3N\/preview\" width=\"800\" height=\"600\" allow=\"autoplay\"><\/iframe><\/p>\n\n\n<div class=\"wp-block-image\">\n<figure class=\"aligncenter\"><img loading=\"lazy\" decoding=\"async\" width=\"553\" height=\"21\" src=\"https:\/\/redinfor.com.pe\/portal\/wp-content\/uploads\/2019\/05\/Corrugado-Colores.bmp\" alt=\"\" class=\"wp-image-626\"\/><\/figure>\n<\/div>\n\n\n<p class=\"has-text-align-center has-luminous-vivid-orange-color has-text-color\"><strong>TAMBI\u00c9N TE PUEDE INTERESAR<\/strong><\/p>\n\n\n<div class=\"wp-block-image\">\n<figure class=\"aligncenter\"><a href=\"https:\/\/redinfor.com.pe\/portal\/2019\/04\/24\/transversalizacion-del-enfoque-de-genero-en-programas-y-proyectos-sociales\/\"><img loading=\"lazy\" decoding=\"async\" width=\"250\" height=\"350\" src=\"https:\/\/redinfor.com.pe\/portal\/wp-content\/uploads\/2019\/05\/TEGPPS_square.jpg\" alt=\"\" class=\"wp-image-644\" srcset=\"https:\/\/redinfor.com.pe\/portal\/wp-content\/uploads\/2019\/05\/TEGPPS_square.jpg 250w, https:\/\/redinfor.com.pe\/portal\/wp-content\/uploads\/2019\/05\/TEGPPS_square-214x300.jpg 214w\" sizes=\"auto, (max-width: 250px) 100vw, 250px\" \/><\/a><\/figure>\n<\/div>","protected":false},"excerpt":{"rendered":"<p>Autor: AVANZAR RURAL A\u00f1o: 2023 El Proyecto \u201cMejoramiento y Ampliaci\u00f3n de los Servicios P\u00fablicos para el Desarrollo Productivo Local en el \u00c1mbito de la Sierra y la Selva del Per\u00fa\u201d&hellip; <\/p>\n","protected":false},"author":1,"featured_media":35773,"comment_status":"closed","ping_status":"closed","sticky":false,"template":"","format":"standard","meta":{"footnotes":""},"categories":[17],"tags":[4102,1323,56,52,54,53,323,187,55,131,3750,21,165,3393,87,133],"class_list":["post-35769","post","type-post","status-publish","format-standard","has-post-thumbnail","hentry","category-libros","tag-avanzar-rural","tag-caja","tag-enfoque","tag-enfoque-de-genero","tag-equidad","tag-genero","tag-gestion","tag-herramientas","tag-igualdad","tag-indicadores","tag-juventud","tag-metodologias","tag-mujeres","tag-ong","tag-perspectiva","tag-transversalizacion"],"_links":{"self":[{"href":"https:\/\/redinfor.com.pe\/portal\/wp-json\/wp\/v2\/posts\/35769","targetHints":{"allow":["GET"]}}],"collection":[{"href":"https:\/\/redinfor.com.pe\/portal\/wp-json\/wp\/v2\/posts"}],"about":[{"href":"https:\/\/redinfor.com.pe\/portal\/wp-json\/wp\/v2\/types\/post"}],"author":[{"embeddable":true,"href":"https:\/\/redinfor.com.pe\/portal\/wp-json\/wp\/v2\/users\/1"}],"replies":[{"embeddable":true,"href":"https:\/\/redinfor.com.pe\/portal\/wp-json\/wp\/v2\/comments?post=35769"}],"version-history":[{"count":1,"href":"https:\/\/redinfor.com.pe\/portal\/wp-json\/wp\/v2\/posts\/35769\/revisions"}],"predecessor-version":[{"id":35771,"href":"https:\/\/redinfor.com.pe\/portal\/wp-json\/wp\/v2\/posts\/35769\/revisions\/35771"}],"wp:featuredmedia":[{"embeddable":true,"href":"https:\/\/redinfor.com.pe\/portal\/wp-json\/wp\/v2\/media\/35773"}],"wp:attachment":[{"href":"https:\/\/redinfor.com.pe\/portal\/wp-json\/wp\/v2\/media?parent=35769"}],"wp:term":[{"taxonomy":"category","embeddable":true,"href":"https:\/\/redinfor.com.pe\/portal\/wp-json\/wp\/v2\/categories?post=35769"},{"taxonomy":"post_tag","embeddable":true,"href":"https:\/\/redinfor.com.pe\/portal\/wp-json\/wp\/v2\/tags?post=35769"}],"curies":[{"name":"wp","href":"https:\/\/api.w.org\/{rel}","templated":true}]}}