{"id":38834,"date":"2024-09-08T15:21:24","date_gmt":"2024-09-08T20:21:24","guid":{"rendered":"https:\/\/redinfor.com.pe\/portal\/?p=38834"},"modified":"2024-09-08T15:21:25","modified_gmt":"2024-09-08T20:21:25","slug":"la-perspectiva-de-genero-en-las-infraestructuras-de-vialidad-y-transporte","status":"publish","type":"post","link":"https:\/\/redinfor.com.pe\/portal\/2024\/09\/08\/la-perspectiva-de-genero-en-las-infraestructuras-de-vialidad-y-transporte\/","title":{"rendered":"LA PERSPECTIVA DE G\u00c9NERO EN LAS INFRAESTRUCTURAS DE VIALIDAD Y TRANSPORTE"},"content":{"rendered":"<div class=\"wp-block-image\">\n<figure class=\"alignleft size-full\"><img loading=\"lazy\" decoding=\"async\" width=\"248\" height=\"350\" src=\"https:\/\/redinfor.com.pe\/portal\/wp-content\/uploads\/2024\/09\/book_tegpps_persp_infra.jpg\" alt=\"\" class=\"wp-image-38835\" srcset=\"https:\/\/redinfor.com.pe\/portal\/wp-content\/uploads\/2024\/09\/book_tegpps_persp_infra.jpg 248w, https:\/\/redinfor.com.pe\/portal\/wp-content\/uploads\/2024\/09\/book_tegpps_persp_infra-213x300.jpg 213w\" sizes=\"auto, (max-width: 248px) 100vw, 248px\" \/><\/figure>\n<\/div>\n\n\n<p><strong>Autor<\/strong>: Ministerio de Obras P\u00fablicas de Argentina <br><strong>A\u00f1o: <\/strong>2023<\/p>\n\n\n\n<p>Las infraestructuras de vialidad y de transporte son de gran importancia tanto para proveer los medios para conectar puntos y personas, como para garantizar el ejercicio de los derechos de la ciudadan\u00eda de acceder a servicios esenciales, oportunidades productivas y a los mercados. Tambi\u00e9n son indispensables para crear y fortalecer v\u00ednculos y relaciones entre los diferentes territorios y sus comunidades.<\/p>\n\n\n\n<p>A pesar de la percepci\u00f3n generalizada de que las infraestructuras son neutrales al g\u00e9nero, existe evidencia que demuestra que el acceso y uso de las carreteras y de los medios de transporte var\u00eda considerablemente entre personas seg\u00fan su g\u00e9nero, edad o condiciones f\u00edsicas. El acceso a servicios de salud y educaci\u00f3n, a transportes accesibles y seguros o tener la oportunidad de llevar adelante emprendimientos y actividades econ\u00f3micas depende muchas veces de c\u00f3mo fue planificada, dise\u00f1ada y construida la infraestructura vial y c\u00f3mo fueron dispuestos los servicios y opciones de transporte. Cuando se analiza el sector del transporte desde el enfoque de g\u00e9nero y diversidad, se revela un contexto donde las mujeres y LGBTI+ acceden a muy pocos y determinados puestos de trabajo, debido a la persistencia de un supuesto de que operar medios de transporte, construir infraestructura, reparar maquinaria, etc., es una tarea reservada para varones.<\/p>\n\n\n<div class=\"wp-block-image\">\n<figure class=\"aligncenter size-full\"><a href=\"https:\/\/docs.google.com\/forms\/d\/12kDzDpU7Ysi6OrHy4HpfqngAT0WSorjvzYCu9EkT2yE\/viewform\" target=\"_blank\" rel=\"noopener\"><img loading=\"lazy\" decoding=\"async\" width=\"600\" height=\"100\" src=\"https:\/\/redinfor.com.pe\/portal\/wp-content\/uploads\/2021\/12\/TEGPPS_banner_cursos.jpg\" alt=\"\" class=\"wp-image-15488\" srcset=\"https:\/\/redinfor.com.pe\/portal\/wp-content\/uploads\/2021\/12\/TEGPPS_banner_cursos.jpg 600w, https:\/\/redinfor.com.pe\/portal\/wp-content\/uploads\/2021\/12\/TEGPPS_banner_cursos-300x50.jpg 300w\" sizes=\"auto, (max-width: 600px) 100vw, 600px\" \/><\/a><\/figure>\n<\/div>\n\n\n<p>Las mujeres son adem\u00e1s quienes se ocupan de gran parte de las responsabilidades de reproducci\u00f3n social y de cuidado, por lo que sus viajes son mucho m\u00e1s complejos e implican recorridos de diversos puntos y paradas, llevar bultos o ir acompa\u00f1adas de menores de edad, personas con discapacidad o que requieran alg\u00fan tipo de asistencia. Adem\u00e1s, son quienes m\u00e1s experimentan violencia e inseguridad durante el uso de los servicios de transporte, ya sea desde la caminata hacia una parada, la falta de iluminaci\u00f3n adecuada, o la experiencia dentro del veh\u00edculo.<\/p>\n\n\n\n<p>Estas circunstancias, entre muchas otras, marcan la necesidad de incorporar un enfoque de g\u00e9nero y diversidad en la planificaci\u00f3n de infraestructura vial y de transporte. Un dise\u00f1o concebido desde esta perspectiva tendr\u00e1 en cuenta las necesidades, usos e impactos potenciales de estas infraestructuras en mujeres, varones, infancias y grupos que podr\u00edan encontrarse en desventaja. Esto puede implicar, entre otras cosas, desarrollar carreteras que faciliten el acceso a centros de salud y escuelas; pavimentar y mantener otras existentes para todas las condiciones meteorol\u00f3gicas; implementar soluciones de iluminaci\u00f3n sostenibles y rentables a lo largo de corredores viales y pedestres para garantizar mayor seguridad; asegurar las medidas de dise\u00f1o universal para garantizar la accesibilidad de las personas con movilidad reducida y promover mayores oportunidades de empleo, incluida la contrataci\u00f3n de mujeres y otros miembros de la comunidad como trabajadores en la construcci\u00f3n, explotaci\u00f3n y mantenimiento de las carreteras.<\/p>\n\n\n\n<p>Esperamos que esta publicaci\u00f3n sirva de gu\u00eda orientativa para quienes est\u00e9n involucrados en la planificaci\u00f3n e implementaci\u00f3n de proyectos de infraestructura vial y de transporte, y que las m\u00faltiples oportunidades de acciones presentadas animen a incorporar la perspectiva de g\u00e9nero, diversidad e inclusi\u00f3n en su trabajo. Confiamos en que el sector de la Obra P\u00fablica en Argentina est\u00e1 listo para sumarse a este cambio de paradigma, en el que las infraestructuras p\u00fablicas benefician a todas las personas con la meta de no dejar a nadie atr\u00e1s.<\/p>\n\n\n\n<p class=\"has-text-align-center has-medium-font-size\"><strong><a href=\"https:\/\/drive.google.com\/file\/d\/1eEMhVNxcm6MJoOb-jgH0FHFDFrwT8vdy\/view?usp=sharing\" target=\"_blank\" rel=\"noreferrer noopener\">DESCARGAR LIBRO<\/a><\/strong><\/p>\n\n\n\n<p class=\"has-text-align-center\"><iframe loading=\"lazy\" src=\"https:\/\/drive.google.com\/file\/d\/1eEMhVNxcm6MJoOb-jgH0FHFDFrwT8vdy\/preview\" width=\"600\" height=\"800\" allow=\"autoplay\"><\/iframe><\/p>\n\n\n<div class=\"wp-block-image\">\n<figure class=\"aligncenter\"><img loading=\"lazy\" decoding=\"async\" width=\"553\" height=\"21\" src=\"https:\/\/redinfor.com.pe\/portal\/wp-content\/uploads\/2019\/05\/Corrugado-Colores.bmp\" alt=\"\" class=\"wp-image-626\"\/><\/figure>\n<\/div>\n\n\n<p class=\"has-text-align-center has-luminous-vivid-orange-color has-text-color\"><strong>TAMBI\u00c9N TE PUEDE INTERESAR<\/strong><\/p>\n\n\n<div class=\"wp-block-image\">\n<figure class=\"aligncenter\"><a href=\"https:\/\/redinfor.com.pe\/portal\/2019\/04\/24\/transversalizacion-del-enfoque-de-genero-en-programas-y-proyectos-sociales\/\"><img loading=\"lazy\" decoding=\"async\" width=\"250\" height=\"350\" src=\"https:\/\/redinfor.com.pe\/portal\/wp-content\/uploads\/2019\/05\/TEGPPS_square.jpg\" alt=\"\" class=\"wp-image-644\" srcset=\"https:\/\/redinfor.com.pe\/portal\/wp-content\/uploads\/2019\/05\/TEGPPS_square.jpg 250w, https:\/\/redinfor.com.pe\/portal\/wp-content\/uploads\/2019\/05\/TEGPPS_square-214x300.jpg 214w\" sizes=\"auto, (max-width: 250px) 100vw, 250px\" \/><\/a><\/figure>\n<\/div>","protected":false},"excerpt":{"rendered":"<p>Autor: Ministerio de Obras P\u00fablicas de Argentina A\u00f1o: 2023 Las infraestructuras de vialidad y de transporte son de gran importancia tanto para proveer los medios para conectar puntos y personas,&hellip; <\/p>\n","protected":false},"author":1,"featured_media":38837,"comment_status":"closed","ping_status":"closed","sticky":false,"template":"","format":"standard","meta":{"footnotes":""},"categories":[17],"tags":[56,52,54,53,323,187,55,131,536,21,165,87,1535,133,4554],"class_list":["post-38834","post","type-post","status-publish","format-standard","has-post-thumbnail","hentry","category-libros","tag-enfoque","tag-enfoque-de-genero","tag-equidad","tag-genero","tag-gestion","tag-herramientas","tag-igualdad","tag-indicadores","tag-infraestructura","tag-metodologias","tag-mujeres","tag-perspectiva","tag-transporte","tag-transversalizacion","tag-vialidad"],"_links":{"self":[{"href":"https:\/\/redinfor.com.pe\/portal\/wp-json\/wp\/v2\/posts\/38834","targetHints":{"allow":["GET"]}}],"collection":[{"href":"https:\/\/redinfor.com.pe\/portal\/wp-json\/wp\/v2\/posts"}],"about":[{"href":"https:\/\/redinfor.com.pe\/portal\/wp-json\/wp\/v2\/types\/post"}],"author":[{"embeddable":true,"href":"https:\/\/redinfor.com.pe\/portal\/wp-json\/wp\/v2\/users\/1"}],"replies":[{"embeddable":true,"href":"https:\/\/redinfor.com.pe\/portal\/wp-json\/wp\/v2\/comments?post=38834"}],"version-history":[{"count":1,"href":"https:\/\/redinfor.com.pe\/portal\/wp-json\/wp\/v2\/posts\/38834\/revisions"}],"predecessor-version":[{"id":38836,"href":"https:\/\/redinfor.com.pe\/portal\/wp-json\/wp\/v2\/posts\/38834\/revisions\/38836"}],"wp:featuredmedia":[{"embeddable":true,"href":"https:\/\/redinfor.com.pe\/portal\/wp-json\/wp\/v2\/media\/38837"}],"wp:attachment":[{"href":"https:\/\/redinfor.com.pe\/portal\/wp-json\/wp\/v2\/media?parent=38834"}],"wp:term":[{"taxonomy":"category","embeddable":true,"href":"https:\/\/redinfor.com.pe\/portal\/wp-json\/wp\/v2\/categories?post=38834"},{"taxonomy":"post_tag","embeddable":true,"href":"https:\/\/redinfor.com.pe\/portal\/wp-json\/wp\/v2\/tags?post=38834"}],"curies":[{"name":"wp","href":"https:\/\/api.w.org\/{rel}","templated":true}]}}