{"id":38965,"date":"2024-09-13T10:10:15","date_gmt":"2024-09-13T15:10:15","guid":{"rendered":"https:\/\/redinfor.com.pe\/portal\/?p=38965"},"modified":"2024-09-13T10:10:16","modified_gmt":"2024-09-13T15:10:16","slug":"hacia-la-transversalizacion-de-la-perspectiva-de-genero-en-la-produccion-estadistica-en-america-latina-y-el-caribe","status":"publish","type":"post","link":"https:\/\/redinfor.com.pe\/portal\/2024\/09\/13\/hacia-la-transversalizacion-de-la-perspectiva-de-genero-en-la-produccion-estadistica-en-america-latina-y-el-caribe\/","title":{"rendered":"HACIA LA TRANSVERSALIZACI\u00d3N DE LA PERSPECTIVA DE G\u00c9NERO EN LA PRODUCCI\u00d3N ESTAD\u00cdSTICA EN AM\u00c9RICA LATINA Y EL CARIBE"},"content":{"rendered":"<div class=\"wp-block-image\">\n<figure class=\"alignleft size-full\"><img loading=\"lazy\" decoding=\"async\" width=\"270\" height=\"350\" src=\"https:\/\/redinfor.com.pe\/portal\/wp-content\/uploads\/2024\/09\/book_tegpps_transv_persp_genero.jpg\" alt=\"\" class=\"wp-image-38966\" srcset=\"https:\/\/redinfor.com.pe\/portal\/wp-content\/uploads\/2024\/09\/book_tegpps_transv_persp_genero.jpg 270w, https:\/\/redinfor.com.pe\/portal\/wp-content\/uploads\/2024\/09\/book_tegpps_transv_persp_genero-231x300.jpg 231w\" sizes=\"auto, (max-width: 270px) 100vw, 270px\" \/><\/figure>\n<\/div>\n\n\n<p><strong>Autor<\/strong>: CEPAL <br><strong>A\u00f1o: <\/strong>2024<\/p>\n\n\n\n<p>Las barreras que impiden el logro de la igualdad de g\u00e9nero y el ejercicio de la autonom\u00eda de las mujeres y las ni\u00f1as son un desaf\u00edo importante para Am\u00e9rica Latina y el Caribe. A fin de superar estas barreras los Gobiernos de la regi\u00f3n dise\u00f1an e implementan pol\u00edticas p\u00fablicas sin\u00e9rgicas con los acuerdos de la Agenda Regional de G\u00e9nero. Esta Agenda, acumulativa e integral, es una hoja de ruta emanada de la Conferencia Regional sobre la Mujer de Am\u00e9rica Latina y el Caribe, principal foro sobre los derechos de las mujeres y la igualdad de g\u00e9nero en la regi\u00f3n, con cerca de 50 a\u00f1os de existencia.<\/p>\n\n\n\n<p>Entre los temas que hacen parte de la Agenda Regional de G\u00e9nero, el compromiso de producir mejores estad\u00edsticas para tomar mejores decisiones para la igualdad estuvo presente desde la primera Conferencia, celebrada en 1977 en La Habana. Estos acuerdos fueron evolucionando hasta la generaci\u00f3n de un eje sobre sistemas de informaci\u00f3n en la Estrategia de Montevideo para la Implementaci\u00f3n de la Agenda Regional de G\u00e9nero en el Marco del Desarrollo Sostenible hacia 2030 (2016), en la que se acord\u00f3 \u201ctransformar datos en informaci\u00f3n, informaci\u00f3n en conocimiento y conocimiento en decisi\u00f3n pol\u00edtica\u201d. Tal como indica el Compromiso de Buenos Aires, acuerdo alcanzado en el marco de la XV Conferencia Regional sobre la Mujer de Am\u00e9rica Latina y el Caribe, los pa\u00edses de la regi\u00f3n se comprometieron a promover la transversalizaci\u00f3n del enfoque de g\u00e9nero en los sistemas estad\u00edsticos nacionales, lo que implica asignar recursos suficientes y realizar de forma peri\u00f3dica mediciones que revelen la situaci\u00f3n de las mujeres y las brechas existentes, as\u00ed como impulsar un enfoque de g\u00e9nero, interseccional e intercultural en la producci\u00f3n y uso de la informaci\u00f3n estad\u00edstica.<\/p>\n\n\n<div class=\"wp-block-image\">\n<figure class=\"aligncenter size-full\"><a href=\"https:\/\/docs.google.com\/forms\/d\/12kDzDpU7Ysi6OrHy4HpfqngAT0WSorjvzYCu9EkT2yE\/viewform\" target=\"_blank\" rel=\"noopener\"><img loading=\"lazy\" decoding=\"async\" width=\"600\" height=\"100\" src=\"https:\/\/redinfor.com.pe\/portal\/wp-content\/uploads\/2021\/12\/TEGPPS_banner_cursos.jpg\" alt=\"\" class=\"wp-image-15488\" srcset=\"https:\/\/redinfor.com.pe\/portal\/wp-content\/uploads\/2021\/12\/TEGPPS_banner_cursos.jpg 600w, https:\/\/redinfor.com.pe\/portal\/wp-content\/uploads\/2021\/12\/TEGPPS_banner_cursos-300x50.jpg 300w\" sizes=\"auto, (max-width: 600px) 100vw, 600px\" \/><\/a><\/figure>\n<\/div>\n\n\n<p>El presente documento refleja el esfuerzo continuo por integrar la perspectiva de g\u00e9nero en la producci\u00f3n estad\u00edstica oficial en los pa\u00edses de la regi\u00f3n, que han aportado su experiencia y las lecciones aprendidas para documentar las buenas pr\u00e1cticas y dise\u00f1ar los lineamientos que aqu\u00ed se compilan, como una hoja de ruta esencial para continuar avanzando hacia la generaci\u00f3n de datos precisos que permitan comprender, identificar y abordar las desigualdades en nuestras sociedades.<\/p>\n\n\n\n<p>Dichos aportes se han generado en el contexto de la articulaci\u00f3n virtuosa entre la Conferencia Regional sobre la Mujer de Am\u00e9rica Latina y el Caribe y la Conferencia Estad\u00edstica de las Am\u00e9ricas de la Comisi\u00f3n Econ\u00f3mica para Am\u00e9rica Latina y el Caribe (CEA-CEPAL), promoviendo de manera coordinada la institucionalizaci\u00f3n de la perspectiva de g\u00e9nero en la producci\u00f3n y el uso de estad\u00edsticas oficiales. En esta l\u00ednea, la CEA-CEPAL conform\u00f3 un Grupo de Trabajo encargado de elaborar la Gu\u00eda para la transversalizaci\u00f3n de la perspectiva de g\u00e9nero en la producci\u00f3n estad\u00edstica durante el bienio 2022-2023, cuyo resumen fue aprobado en la resoluci\u00f3n 13(XII) de la CEA-CEPAL. Para aprovechar toda la informaci\u00f3n proporcionada y documentada por los pa\u00edses en este contexto, el presente documento complementa y ampl\u00eda el an\u00e1lisis de dicha gu\u00eda, con la intenci\u00f3n de apoyar a los equipos t\u00e9cnicos de las oficinas nacionales de estad\u00edstica, de los mecanismos para el adelanto de las mujeres y dem\u00e1s instituciones competentes en la producci\u00f3n estad\u00edstica y el an\u00e1lisis de informaci\u00f3n con perspectiva de g\u00e9nero.<\/p>\n\n\n\n<p>Solo a trav\u00e9s de un compromiso sostenido y transversal con los derechos humanos de las mujeres y su autonom\u00eda ser\u00e1 posible alcanzar un desarrollo verdaderamente sostenible y equitativo. Lo anterior no ser\u00e1 posible si no se cuenta con estad\u00edsticas oficiales efectivas y actualizadas, que permitan hacer un seguimiento de los avances hacia la igualdad de oportunidades, y libres de sesgos de g\u00e9nero en todo su proceso de producci\u00f3n y uso. La existencia de la Gu\u00eda y del presente documento refleja el compromiso de los Estados de Am\u00e9rica Latina y el Caribe con la igualdad de g\u00e9nero al establecer una visi\u00f3n y metodolog\u00edas claras para la consolidaci\u00f3n de sistemas estad\u00edsticos con perspectiva de g\u00e9nero y el dise\u00f1o de pol\u00edticas p\u00fablicas concretas basadas en el uso de los mejores datos posibles.<\/p>\n\n\n\n<p class=\"has-text-align-center has-medium-font-size\"><strong><a href=\"https:\/\/drive.google.com\/file\/d\/1kR7wz8yP3fsf66VGJK1OVIFtVyvrfpbR\/view?usp=sharing\" target=\"_blank\" rel=\"noreferrer noopener\">DESCARGAR LIBRO<\/a><\/strong><\/p>\n\n\n\n<p class=\"has-text-align-center\"><iframe loading=\"lazy\" src=\"https:\/\/drive.google.com\/file\/d\/1kR7wz8yP3fsf66VGJK1OVIFtVyvrfpbR\/preview\" width=\"600\" height=\"800\" allow=\"autoplay\"><\/iframe><\/p>\n\n\n<div class=\"wp-block-image\">\n<figure class=\"aligncenter\"><img loading=\"lazy\" decoding=\"async\" width=\"553\" height=\"21\" src=\"https:\/\/redinfor.com.pe\/portal\/wp-content\/uploads\/2019\/05\/Corrugado-Colores.bmp\" alt=\"\" class=\"wp-image-626\"\/><\/figure>\n<\/div>\n\n\n<p class=\"has-text-align-center has-luminous-vivid-orange-color has-text-color\"><strong>TAMBI\u00c9N TE PUEDE INTERESAR<\/strong><\/p>\n\n\n<div class=\"wp-block-image\">\n<figure class=\"aligncenter\"><a href=\"https:\/\/redinfor.com.pe\/portal\/2019\/04\/24\/transversalizacion-del-enfoque-de-genero-en-programas-y-proyectos-sociales\/\"><img loading=\"lazy\" decoding=\"async\" width=\"250\" height=\"350\" src=\"https:\/\/redinfor.com.pe\/portal\/wp-content\/uploads\/2019\/05\/TEGPPS_square.jpg\" alt=\"\" class=\"wp-image-644\" srcset=\"https:\/\/redinfor.com.pe\/portal\/wp-content\/uploads\/2019\/05\/TEGPPS_square.jpg 250w, https:\/\/redinfor.com.pe\/portal\/wp-content\/uploads\/2019\/05\/TEGPPS_square-214x300.jpg 214w\" sizes=\"auto, (max-width: 250px) 100vw, 250px\" \/><\/a><\/figure>\n<\/div>","protected":false},"excerpt":{"rendered":"<p>Autor: CEPAL A\u00f1o: 2024 Las barreras que impiden el logro de la igualdad de g\u00e9nero y el ejercicio de la autonom\u00eda de las mujeres y las ni\u00f1as son un desaf\u00edo&hellip; <\/p>\n","protected":false},"author":1,"featured_media":38967,"comment_status":"closed","ping_status":"closed","sticky":false,"template":"","format":"standard","meta":{"footnotes":""},"categories":[17],"tags":[2216,56,52,54,384,53,187,55,21,165,87,709,133],"class_list":["post-38965","post","type-post","status-publish","format-standard","has-post-thumbnail","hentry","category-libros","tag-cepal","tag-enfoque","tag-enfoque-de-genero","tag-equidad","tag-estadistica","tag-genero","tag-herramientas","tag-igualdad","tag-metodologias","tag-mujeres","tag-perspectiva","tag-produccion","tag-transversalizacion"],"_links":{"self":[{"href":"https:\/\/redinfor.com.pe\/portal\/wp-json\/wp\/v2\/posts\/38965","targetHints":{"allow":["GET"]}}],"collection":[{"href":"https:\/\/redinfor.com.pe\/portal\/wp-json\/wp\/v2\/posts"}],"about":[{"href":"https:\/\/redinfor.com.pe\/portal\/wp-json\/wp\/v2\/types\/post"}],"author":[{"embeddable":true,"href":"https:\/\/redinfor.com.pe\/portal\/wp-json\/wp\/v2\/users\/1"}],"replies":[{"embeddable":true,"href":"https:\/\/redinfor.com.pe\/portal\/wp-json\/wp\/v2\/comments?post=38965"}],"version-history":[{"count":1,"href":"https:\/\/redinfor.com.pe\/portal\/wp-json\/wp\/v2\/posts\/38965\/revisions"}],"predecessor-version":[{"id":38968,"href":"https:\/\/redinfor.com.pe\/portal\/wp-json\/wp\/v2\/posts\/38965\/revisions\/38968"}],"wp:featuredmedia":[{"embeddable":true,"href":"https:\/\/redinfor.com.pe\/portal\/wp-json\/wp\/v2\/media\/38967"}],"wp:attachment":[{"href":"https:\/\/redinfor.com.pe\/portal\/wp-json\/wp\/v2\/media?parent=38965"}],"wp:term":[{"taxonomy":"category","embeddable":true,"href":"https:\/\/redinfor.com.pe\/portal\/wp-json\/wp\/v2\/categories?post=38965"},{"taxonomy":"post_tag","embeddable":true,"href":"https:\/\/redinfor.com.pe\/portal\/wp-json\/wp\/v2\/tags?post=38965"}],"curies":[{"name":"wp","href":"https:\/\/api.w.org\/{rel}","templated":true}]}}