{"id":39951,"date":"2024-10-14T21:05:31","date_gmt":"2024-10-15T02:05:31","guid":{"rendered":"https:\/\/redinfor.com.pe\/portal\/?p=39951"},"modified":"2024-10-14T21:05:32","modified_gmt":"2024-10-15T02:05:32","slug":"integracion-del-enfoque-de-genero-en-cambio-climatico-resiliencia-y-reduccion-del-riesgo-de-desastres","status":"publish","type":"post","link":"https:\/\/redinfor.com.pe\/portal\/2024\/10\/14\/integracion-del-enfoque-de-genero-en-cambio-climatico-resiliencia-y-reduccion-del-riesgo-de-desastres\/","title":{"rendered":"INTEGRACI\u00d3N DEL ENFOQUE DE G\u00c9NERO EN CAMBIO CLIM\u00c1TICO, RESILIENCIA Y REDUCCI\u00d3N DEL RIESGO DE DESASTRES"},"content":{"rendered":"<div class=\"wp-block-image\">\n<figure class=\"alignleft size-full\"><img loading=\"lazy\" decoding=\"async\" width=\"248\" height=\"350\" src=\"https:\/\/redinfor.com.pe\/portal\/wp-content\/uploads\/2024\/10\/book_tegpps_integracion_genero.jpg\" alt=\"\" class=\"wp-image-39952\" srcset=\"https:\/\/redinfor.com.pe\/portal\/wp-content\/uploads\/2024\/10\/book_tegpps_integracion_genero.jpg 248w, https:\/\/redinfor.com.pe\/portal\/wp-content\/uploads\/2024\/10\/book_tegpps_integracion_genero-213x300.jpg 213w\" sizes=\"auto, (max-width: 248px) 100vw, 248px\" \/><\/figure>\n<\/div>\n\n\n<p><strong>Autor<\/strong>: PNUMA<br><strong>A\u00f1o: <\/strong>2024<\/p>\n\n\n\n<p>El presente resumen regional fue elaborado con las contribuciones de nueve agencias del Sistema de Naciones Unidas con presencia en Am\u00e9rica Latina y el Caribe (ALC): PNUMA, UNDRR, PNUD, OIT, ONU Mujeres, CEPAL, UNICEF, ACNUR y OIM. Estas agencias son integrantes de la Coalici\u00f3n Basada en Temas (IBC) en Cambio Clim\u00e1tico y Resiliencia de ALC. Desde el a\u00f1o 2020, esta IBC viene generando una serie de documentos regionales sobre tem\u00e1ticas de importancia estrat\u00e9gica para Am\u00e9rica Latina y el Caribe, con el prop\u00f3sito de brindar informaci\u00f3n relevante, insumos y herramientas para los tomadores de decisiones y para las y los Coordinadores Residentes (RC) y los equipos de pa\u00eds del Sistema de Naciones Unidas (UNCT).<\/p>\n\n\n\n<p>Dentro del proceso de reforma de las Naciones Unidas, esta IBC surgi\u00f3 con el objetivo de facilitar el trabajo conjunto de las agencias del Sistema de Naciones Unidas (SNU) en la regi\u00f3n, con el fin de apoyar una implementaci\u00f3n coherente y alineada de las agendas globales1. Al mismo tiempo, la IBC busca fortalecer y racionalizar la coordinaci\u00f3n entre agencias y la rendici\u00f3n de cuentas del SNU sobre el cambio clim\u00e1tico, la resiliencia y la reducci\u00f3n del riesgo de desastres (RRD), a nivel regional y subregional. La Coalici\u00f3n est\u00e1 liderada por UNDRR y el PNUMA y cuenta con la participaci\u00f3n de otras 21 entidades del SNU de la regi\u00f3n.<\/p>\n\n\n<div class=\"wp-block-image\">\n<figure class=\"aligncenter size-full\"><a href=\"https:\/\/docs.google.com\/forms\/d\/12kDzDpU7Ysi6OrHy4HpfqngAT0WSorjvzYCu9EkT2yE\/viewform\" target=\"_blank\" rel=\"noopener\"><img loading=\"lazy\" decoding=\"async\" width=\"600\" height=\"100\" src=\"https:\/\/redinfor.com.pe\/portal\/wp-content\/uploads\/2021\/12\/TEGPPS_banner_cursos.jpg\" alt=\"\" class=\"wp-image-15488\" srcset=\"https:\/\/redinfor.com.pe\/portal\/wp-content\/uploads\/2021\/12\/TEGPPS_banner_cursos.jpg 600w, https:\/\/redinfor.com.pe\/portal\/wp-content\/uploads\/2021\/12\/TEGPPS_banner_cursos-300x50.jpg 300w\" sizes=\"auto, (max-width: 600px) 100vw, 600px\" \/><\/a><\/figure>\n<\/div>\n\n\n<p>Este documento est\u00e1 especialmente dirigido a las y los Coordinadores Residentes y a los equipos de pa\u00eds del SNU en los pa\u00edses de Am\u00e9rica Latina y el Caribe y, tiene el objetivo de generar recomendaciones para asistirlos en su misi\u00f3n de brindar apoyo a los pa\u00edses anfitriones en el desarrollo de acciones para el cumplimiento de los Objetivos de Desarrollo Sostenible (ODS), en especial sobre la integraci\u00f3n del enfoque de g\u00e9nero en las agendas de desarrollo sostenible, biodiversidad, cambio clim\u00e1tico, contaminaci\u00f3n, desechos y reducci\u00f3n del riesgo de desastres, con miras hacia la convergencia.<\/p>\n\n\n\n<p class=\"has-text-align-center has-medium-font-size\"><strong><a href=\"https:\/\/drive.google.com\/file\/d\/1yO7WTVErq055pPralqmhbybaA_cp19kL\/view?usp=sharing\" target=\"_blank\" rel=\"noreferrer noopener\">DESCARGAR LIBRO<\/a><\/strong><\/p>\n\n\n\n<p class=\"has-text-align-center\"><iframe loading=\"lazy\" src=\"https:\/\/drive.google.com\/file\/d\/1yO7WTVErq055pPralqmhbybaA_cp19kL\/preview\" width=\"600\" height=\"800\" allow=\"autoplay\"><\/iframe><\/p>\n\n\n<div class=\"wp-block-image\">\n<figure class=\"aligncenter\"><img loading=\"lazy\" decoding=\"async\" width=\"553\" height=\"21\" src=\"https:\/\/redinfor.com.pe\/portal\/wp-content\/uploads\/2019\/05\/Corrugado-Colores.bmp\" alt=\"\" class=\"wp-image-626\"\/><\/figure>\n<\/div>\n\n\n<p class=\"has-text-align-center has-luminous-vivid-orange-color has-text-color\"><strong>TAMBI\u00c9N TE PUEDE INTERESAR<\/strong><\/p>\n\n\n<div class=\"wp-block-image\">\n<figure class=\"aligncenter\"><a href=\"https:\/\/redinfor.com.pe\/portal\/2019\/04\/24\/transversalizacion-del-enfoque-de-genero-en-programas-y-proyectos-sociales\/\"><img loading=\"lazy\" decoding=\"async\" width=\"250\" height=\"350\" src=\"https:\/\/redinfor.com.pe\/portal\/wp-content\/uploads\/2019\/05\/TEGPPS_square.jpg\" alt=\"\" class=\"wp-image-644\" srcset=\"https:\/\/redinfor.com.pe\/portal\/wp-content\/uploads\/2019\/05\/TEGPPS_square.jpg 250w, https:\/\/redinfor.com.pe\/portal\/wp-content\/uploads\/2019\/05\/TEGPPS_square-214x300.jpg 214w\" sizes=\"auto, (max-width: 250px) 100vw, 250px\" \/><\/a><\/figure>\n<\/div>","protected":false},"excerpt":{"rendered":"<p>Autor: PNUMAA\u00f1o: 2024 El presente resumen regional fue elaborado con las contribuciones de nueve agencias del Sistema de Naciones Unidas con presencia en Am\u00e9rica Latina y el Caribe (ALC): PNUMA,&hellip; <\/p>\n","protected":false},"author":1,"featured_media":39953,"comment_status":"closed","ping_status":"closed","sticky":false,"template":"","format":"standard","meta":{"footnotes":""},"categories":[17],"tags":[4123,40,2216,851,56,52,54,53,55,165,798,1242,87,4732,1466,127,1098,3427],"class_list":["post-39951","post","type-post","status-publish","format-standard","has-post-thumbnail","hentry","category-libros","tag-acnur","tag-cambio-climatico","tag-cepal","tag-desastres","tag-enfoque","tag-enfoque-de-genero","tag-equidad","tag-genero","tag-igualdad","tag-mujeres","tag-oit","tag-onu","tag-perspectiva","tag-pnuma","tag-reduccion","tag-resiliencia","tag-riesgo","tag-unicef"],"_links":{"self":[{"href":"https:\/\/redinfor.com.pe\/portal\/wp-json\/wp\/v2\/posts\/39951","targetHints":{"allow":["GET"]}}],"collection":[{"href":"https:\/\/redinfor.com.pe\/portal\/wp-json\/wp\/v2\/posts"}],"about":[{"href":"https:\/\/redinfor.com.pe\/portal\/wp-json\/wp\/v2\/types\/post"}],"author":[{"embeddable":true,"href":"https:\/\/redinfor.com.pe\/portal\/wp-json\/wp\/v2\/users\/1"}],"replies":[{"embeddable":true,"href":"https:\/\/redinfor.com.pe\/portal\/wp-json\/wp\/v2\/comments?post=39951"}],"version-history":[{"count":1,"href":"https:\/\/redinfor.com.pe\/portal\/wp-json\/wp\/v2\/posts\/39951\/revisions"}],"predecessor-version":[{"id":39954,"href":"https:\/\/redinfor.com.pe\/portal\/wp-json\/wp\/v2\/posts\/39951\/revisions\/39954"}],"wp:featuredmedia":[{"embeddable":true,"href":"https:\/\/redinfor.com.pe\/portal\/wp-json\/wp\/v2\/media\/39953"}],"wp:attachment":[{"href":"https:\/\/redinfor.com.pe\/portal\/wp-json\/wp\/v2\/media?parent=39951"}],"wp:term":[{"taxonomy":"category","embeddable":true,"href":"https:\/\/redinfor.com.pe\/portal\/wp-json\/wp\/v2\/categories?post=39951"},{"taxonomy":"post_tag","embeddable":true,"href":"https:\/\/redinfor.com.pe\/portal\/wp-json\/wp\/v2\/tags?post=39951"}],"curies":[{"name":"wp","href":"https:\/\/api.w.org\/{rel}","templated":true}]}}