{"id":40288,"date":"2024-10-24T12:56:27","date_gmt":"2024-10-24T17:56:27","guid":{"rendered":"https:\/\/redinfor.com.pe\/portal\/?p=40288"},"modified":"2024-10-24T12:56:28","modified_gmt":"2024-10-24T17:56:28","slug":"tendencias-de-la-cooperacion-internacional-en-america-latina-y-el-caribe","status":"publish","type":"post","link":"https:\/\/redinfor.com.pe\/portal\/2024\/10\/24\/tendencias-de-la-cooperacion-internacional-en-america-latina-y-el-caribe\/","title":{"rendered":"TENDENCIAS DE LA COOPERACI\u00d3N INTERNACIONAL EN AM\u00c9RICA LATINA Y EL CARIBE"},"content":{"rendered":"<div class=\"wp-block-image\">\n<figure class=\"alignleft size-full\"><img loading=\"lazy\" decoding=\"async\" width=\"271\" height=\"350\" src=\"https:\/\/redinfor.com.pe\/portal\/wp-content\/uploads\/2024\/10\/book_tendencias_coop_int.jpg\" alt=\"\" class=\"wp-image-40290\" srcset=\"https:\/\/redinfor.com.pe\/portal\/wp-content\/uploads\/2024\/10\/book_tendencias_coop_int.jpg 271w, https:\/\/redinfor.com.pe\/portal\/wp-content\/uploads\/2024\/10\/book_tendencias_coop_int-232x300.jpg 232w\" sizes=\"auto, (max-width: 271px) 100vw, 271px\" \/><\/figure>\n<\/div>\n\n\n<p><strong>Autor<\/strong>: RACI<br><strong>A\u00f1o: <\/strong>2023<\/p>\n\n\n\n<p>RACI se encuentra plenamente comprometida con la promoci\u00f3n de acciones coordinadas hacia el fortalecimiento de la sociedad civil. Siempre con el mismo objetivo en mente, desde hace m\u00e1s de diez a\u00f1os, RACI ofrece un espacio de di\u00e1logo e intercambio para quienes deseen trabajar en el desarrollo sostenible, tanto en un plano nacional como regional e internacional.<\/p>\n\n\n\n<p>Resulta innegable el gran rol que cumplen las organizaciones sociales en una regi\u00f3n compleja como Am\u00e9rica Latina y el Caribe que, si bien no es la m\u00e1s pobre del mundo, es sin dudas la m\u00e1s desigual. Sabemos que las necesidades son crecientes y hemos visto la capacidad de respuesta de la sociedad civil frente a las mismas, por lo que presentar este estudio en este momento nos parece crucial para fortalecerla en l\u00ednea con nuestra misi\u00f3n y visi\u00f3n.<\/p>\n\n\n\n<p>Es por eso que, desde RACI, con el apoyo del Centro Regional para Am\u00e9rica Latina y el Caribe de Innovaci\u00f3n para el Cambio (I4C), creemos que es necesario brindar a las organizaciones de nuestra regi\u00f3n datos fehacientes que les permitan saber cu\u00e1les son las prioridades tem\u00e1ticas y geogr\u00e1ficas, en un mundo atravesado por fen\u00f3menos globales, que tienen su impacto en la Cooperaci\u00f3n Internacional y en su accionar en nuestra regi\u00f3n. Sabemos que la agenda de los donantes no es ajena a estos cambios y se muestra un tanto permeable ante din\u00e1micas que repercuten en varios rincones del mundo. En ese sentido, es imprescindible contar con un panorama actualizado sobre estas cuestiones que funcione como un insumo tanto para organizaciones como para donantes.<\/p>\n\n\n<div class=\"wp-block-image\">\n<figure class=\"aligncenter size-full\"><a href=\"https:\/\/docs.google.com\/forms\/d\/1H9WGS36SBJneB3GnUNwqbY_cHi2yEAS1B6TQwOHucGU\/viewform\" target=\"_blank\" rel=\"noreferrer noopener\"><img loading=\"lazy\" decoding=\"async\" width=\"605\" height=\"96\" src=\"https:\/\/redinfor.com.pe\/portal\/wp-content\/uploads\/2024\/04\/ecf_banner_info_curso.jpg\" alt=\"\" class=\"wp-image-35763\" srcset=\"https:\/\/redinfor.com.pe\/portal\/wp-content\/uploads\/2024\/04\/ecf_banner_info_curso.jpg 605w, https:\/\/redinfor.com.pe\/portal\/wp-content\/uploads\/2024\/04\/ecf_banner_info_curso-300x48.jpg 300w\" sizes=\"auto, (max-width: 605px) 100vw, 605px\" \/><\/a><\/figure>\n<\/div>\n\n\n<p>Consideramos que ser\u00e1 una herramienta esencial para hacer visibles los problemas de la regi\u00f3n, la m\u00e1s desigual del mundo, a los ojos de los gobiernos, de las OSC m\u00e1s grandes, de las empresas y de la sociedad en su conjunto. Asimismo, podr\u00eda contribuir tambi\u00e9n a concientizar sobre la falta cr\u00f3nica de financiaci\u00f3n en la regi\u00f3n y la necesidad de crear mejores \u00edndices de medici\u00f3n que orienten la distribuci\u00f3n de la cooperaci\u00f3n en todo el mundo.<\/p>\n\n\n\n<p>Como mencionamos precedentemente, este estudio tiene como objetivo presentar una imagen clara del escenario actual del financiamiento para las Organizaciones de la Sociedad Civil de Am\u00e9rica Latina y el Caribe.<\/p>\n\n\n\n<p>Asimismo, busca explorar los efectos de la pandemia Covid-19 en la Cooperaci\u00f3n Internacional en la regi\u00f3n, las tem\u00e1ticas y actividades m\u00e1s y menos apoyadas, y presentar una sistematizaci\u00f3n de las principales dificultades y recomendaciones para las Organizaciones de la Sociedad Civil a la hora de acceder a la Cooperaci\u00f3n Internacional.<\/p>\n\n\n\n<p class=\"has-text-align-center\"><strong><a href=\"https:\/\/drive.google.com\/file\/d\/1dy2Rq4bFiO5QENVlqOs4a1OeIDu2ltJM\/view?usp=sharing\" target=\"_blank\" rel=\"noreferrer noopener\">DESCARGAR LIBRO<\/a><\/strong><\/p>\n\n\n\n<p class=\"has-text-align-center\"><iframe loading=\"lazy\" src=\"https:\/\/drive.google.com\/file\/d\/1dy2Rq4bFiO5QENVlqOs4a1OeIDu2ltJM\/preview\" width=\"600\" height=\"800\" allow=\"autoplay\"><\/iframe><\/p>\n\n\n<div class=\"wp-block-image\">\n<figure class=\"aligncenter\"><img loading=\"lazy\" decoding=\"async\" width=\"553\" height=\"21\" src=\"https:\/\/redinfor.com.pe\/portal\/wp-content\/uploads\/2019\/05\/Corrugado-Colores.bmp\" alt=\"\" class=\"wp-image-626\"\/><\/figure>\n<\/div>\n\n\n<p class=\"has-text-align-center has-vivid-red-color has-text-color\"><strong>TAMBI\u00c9N TE PUEDE INTERESAR<\/strong><\/p>\n\n\n\n<p class=\"has-text-align-center\"><a href=\"https:\/\/redinfor.com.pe\/portal\/2019\/04\/24\/fundraising-estrategias-de-captacion-de-fondos-para-ongds\/\" target=\"_blank\" rel=\"noreferrer noopener\"><img decoding=\"async\" src=\" https:\/\/www.redinfor.com.pe\/Avisos\/ECF\/ECF_advisor.jpg\" style=\"width: 400px;\"><\/a><\/p>\n","protected":false},"excerpt":{"rendered":"<p>Autor: RACIA\u00f1o: 2023 RACI se encuentra plenamente comprometida con la promoci\u00f3n de acciones coordinadas hacia el fortalecimiento de la sociedad civil. Siempre con el mismo objetivo en mente, desde hace&hellip; <\/p>\n","protected":false},"author":1,"featured_media":40296,"comment_status":"closed","ping_status":"closed","sticky":false,"template":"","format":"standard","meta":{"footnotes":""},"categories":[17],"tags":[2520,2001,30,1044,90,313,2521,67,4773,4772],"class_list":["post-40288","post","type-post","status-publish","format-standard","has-post-thumbnail","hentry","category-libros","tag-america","tag-caribe","tag-cooperacion","tag-crisis","tag-desarrollo","tag-internacional","tag-latina","tag-proyectos","tag-raci","tag-tendencias"],"_links":{"self":[{"href":"https:\/\/redinfor.com.pe\/portal\/wp-json\/wp\/v2\/posts\/40288","targetHints":{"allow":["GET"]}}],"collection":[{"href":"https:\/\/redinfor.com.pe\/portal\/wp-json\/wp\/v2\/posts"}],"about":[{"href":"https:\/\/redinfor.com.pe\/portal\/wp-json\/wp\/v2\/types\/post"}],"author":[{"embeddable":true,"href":"https:\/\/redinfor.com.pe\/portal\/wp-json\/wp\/v2\/users\/1"}],"replies":[{"embeddable":true,"href":"https:\/\/redinfor.com.pe\/portal\/wp-json\/wp\/v2\/comments?post=40288"}],"version-history":[{"count":1,"href":"https:\/\/redinfor.com.pe\/portal\/wp-json\/wp\/v2\/posts\/40288\/revisions"}],"predecessor-version":[{"id":40298,"href":"https:\/\/redinfor.com.pe\/portal\/wp-json\/wp\/v2\/posts\/40288\/revisions\/40298"}],"wp:featuredmedia":[{"embeddable":true,"href":"https:\/\/redinfor.com.pe\/portal\/wp-json\/wp\/v2\/media\/40296"}],"wp:attachment":[{"href":"https:\/\/redinfor.com.pe\/portal\/wp-json\/wp\/v2\/media?parent=40288"}],"wp:term":[{"taxonomy":"category","embeddable":true,"href":"https:\/\/redinfor.com.pe\/portal\/wp-json\/wp\/v2\/categories?post=40288"},{"taxonomy":"post_tag","embeddable":true,"href":"https:\/\/redinfor.com.pe\/portal\/wp-json\/wp\/v2\/tags?post=40288"}],"curies":[{"name":"wp","href":"https:\/\/api.w.org\/{rel}","templated":true}]}}