{"id":40641,"date":"2024-11-07T14:13:42","date_gmt":"2024-11-07T19:13:42","guid":{"rendered":"https:\/\/redinfor.com.pe\/portal\/?p=40641"},"modified":"2024-11-07T14:13:42","modified_gmt":"2024-11-07T19:13:42","slug":"guia-metodologica-eje-genero-y-cuidados-instrumentos-diagnosticos","status":"publish","type":"post","link":"https:\/\/redinfor.com.pe\/portal\/2024\/11\/07\/guia-metodologica-eje-genero-y-cuidados-instrumentos-diagnosticos\/","title":{"rendered":"GU\u00cdA METODOL\u00d3GICA: EJE G\u00c9NERO Y CUIDADOS. Instrumentos Diagn\u00f3sticos"},"content":{"rendered":"<div class=\"wp-block-image\">\n<figure class=\"alignleft size-full\"><img loading=\"lazy\" decoding=\"async\" width=\"249\" height=\"350\" src=\"https:\/\/redinfor.com.pe\/portal\/wp-content\/uploads\/2024\/11\/book_tegpps_genero_cuidados.jpg\" alt=\"\" class=\"wp-image-40642\" srcset=\"https:\/\/redinfor.com.pe\/portal\/wp-content\/uploads\/2024\/11\/book_tegpps_genero_cuidados.jpg 249w, https:\/\/redinfor.com.pe\/portal\/wp-content\/uploads\/2024\/11\/book_tegpps_genero_cuidados-213x300.jpg 213w\" sizes=\"auto, (max-width: 249px) 100vw, 249px\" \/><\/figure>\n<\/div>\n\n\n<p><strong>Autor<\/strong>: Ministerio de Vivienda y Urbanismo Gobierno de Chile; Secretar\u00eda Distrital de la Mujer, Alcald\u00eda de Bogot\u00e1; y Programa de las Naciones Unidas para el Desarrollo, PNUD Chile.<br><strong>A\u00f1o: <\/strong>2024<\/p>\n\n\n\n<p>La Gu\u00eda metodol\u00f3gica eje g\u00e9nero y cuidados instrumentos diagn\u00f3stico, se constituye como un esfuerzo conjunto que proporciona orientaciones y herramientas metodol\u00f3gicas concretas para la elaboraci\u00f3n de diagn\u00f3sticos integrales, poniendo el \u00e9nfasis en la incorporaci\u00f3n de la dimensi\u00f3n de los cuidados en la construcci\u00f3n de barrios y territorios m\u00e1s inclusivos.<\/p>\n\n\n\n<p>La publicaci\u00f3n contiene cuatro cap\u00edtulos, el primero de ellos, releva la importancia de la transversalizaci\u00f3n del enfoque de g\u00e9nero y cuidados en el abordaje territorial y la elaboraci\u00f3n de diagn\u00f3sticos integrales. El segundo cap\u00edtulo, proporciona recomendaciones concretas para la incorporaci\u00f3n del enfoque y sus dimensiones en tres instrumentos espec\u00edficos: la encuesta de caracterizaci\u00f3n y percepci\u00f3n vecinal; los talleres de autodiagn\u00f3stico y los recorridos barriales. En el tercer cap\u00edtulo, se presentan ejemplos de aplicaci\u00f3n pr\u00e1ctica de los tres instrumentos con el fin de ilustrar sus posible usos y alcances. Y finalmente el cuarto cap\u00edtulo, presenta una propuesta de cuestionario e indicadores, espec\u00edficos para la dimensi\u00f3n de g\u00e9nero y cuidado.<\/p>\n\n\n\n<p>La planificaci\u00f3n territorial con enfoque de g\u00e9nero y cuidados es una necesidad clave en nuestras sociedades. Este enfoque garantiza que las pol\u00edticas y proyectos de desarrollo territorial sean inclusivos, equitativos y sostenibles, reconociendo y respondiendo a las diversas necesidades de todos los grupos de la poblaci\u00f3n. La Gu\u00eda Metodol\u00f3gica Eje G\u00e9nero y Cuidados: Instrumentos de Diagn\u00f3stico ha sido dise\u00f1ada para apoyar a personas que trabajan en distintas escalas de planificaci\u00f3n territorial, proporcionando herramientas pr\u00e1cticas y conceptualizaciones claves para integrar estas perspectivas de manera efectiva, en la elaboraci\u00f3n de diagn\u00f3sticos.<\/p>\n\n\n<div class=\"wp-block-image\">\n<figure class=\"aligncenter size-full\"><a href=\"https:\/\/docs.google.com\/forms\/d\/12kDzDpU7Ysi6OrHy4HpfqngAT0WSorjvzYCu9EkT2yE\/viewform\" target=\"_blank\" rel=\"noopener\"><img loading=\"lazy\" decoding=\"async\" width=\"600\" height=\"100\" src=\"https:\/\/redinfor.com.pe\/portal\/wp-content\/uploads\/2021\/12\/TEGPPS_banner_cursos.jpg\" alt=\"\" class=\"wp-image-15488\" srcset=\"https:\/\/redinfor.com.pe\/portal\/wp-content\/uploads\/2021\/12\/TEGPPS_banner_cursos.jpg 600w, https:\/\/redinfor.com.pe\/portal\/wp-content\/uploads\/2021\/12\/TEGPPS_banner_cursos-300x50.jpg 300w\" sizes=\"auto, (max-width: 600px) 100vw, 600px\" \/><\/a><\/figure>\n<\/div>\n\n\n<p>Mediante la Gu\u00eda se espera contribuir a un diagn\u00f3stico inicial y an\u00e1lisis de contexto, generando informaci\u00f3n relevante que posteriormente permita dise\u00f1ar, planificar, implementar, monitorear y evaluar proyectos y\/o programas a escala barrial. Sin embargo, las orientaciones e instrumentos presentados en esta Gu\u00eda pueden ser utilizados y\/o extrapolados para otras escalas territoriales.<\/p>\n\n\n\n<p>El documento utiliza como referencia las escalas definidas por el Ministerio de Vivienda y Urbanismo de Chile (2024) con el objetivo de establecer variabilidad de escalas y de p\u00fablicos relacionados con las infraestructuras de cuidados.<\/p>\n\n\n\n<p class=\"has-text-align-center has-medium-font-size\"><strong><a href=\"https:\/\/drive.google.com\/file\/d\/1SFg_8HFVbpFTX9UHjEiZYkdSjkTMTCHT\/view?usp=sharing\" target=\"_blank\" rel=\"noreferrer noopener\">DESCARGAR LIBRO<\/a><\/strong><\/p>\n\n\n\n<p class=\"has-text-align-center\"><iframe loading=\"lazy\" src=\"https:\/\/drive.google.com\/file\/d\/1SFg_8HFVbpFTX9UHjEiZYkdSjkTMTCHT\/preview\" width=\"600\" height=\"800\" allow=\"autoplay\"><\/iframe><\/p>\n\n\n<div class=\"wp-block-image\">\n<figure class=\"aligncenter\"><img loading=\"lazy\" decoding=\"async\" width=\"553\" height=\"21\" src=\"https:\/\/redinfor.com.pe\/portal\/wp-content\/uploads\/2019\/05\/Corrugado-Colores.bmp\" alt=\"\" class=\"wp-image-626\"\/><\/figure>\n<\/div>\n\n\n<p class=\"has-text-align-center has-luminous-vivid-orange-color has-text-color\"><strong>TAMBI\u00c9N TE PUEDE INTERESAR<\/strong><\/p>\n\n\n<div class=\"wp-block-image\">\n<figure class=\"aligncenter\"><a href=\"https:\/\/redinfor.com.pe\/portal\/2019\/04\/24\/transversalizacion-del-enfoque-de-genero-en-programas-y-proyectos-sociales\/\"><img loading=\"lazy\" decoding=\"async\" width=\"250\" height=\"350\" src=\"https:\/\/redinfor.com.pe\/portal\/wp-content\/uploads\/2019\/05\/TEGPPS_square.jpg\" alt=\"\" class=\"wp-image-644\" srcset=\"https:\/\/redinfor.com.pe\/portal\/wp-content\/uploads\/2019\/05\/TEGPPS_square.jpg 250w, https:\/\/redinfor.com.pe\/portal\/wp-content\/uploads\/2019\/05\/TEGPPS_square-214x300.jpg 214w\" sizes=\"auto, (max-width: 250px) 100vw, 250px\" \/><\/a><\/figure>\n<\/div>","protected":false},"excerpt":{"rendered":"<p>Autor: Ministerio de Vivienda y Urbanismo Gobierno de Chile; Secretar\u00eda Distrital de la Mujer, Alcald\u00eda de Bogot\u00e1; y Programa de las Naciones Unidas para el Desarrollo, PNUD Chile.A\u00f1o: 2024 La&hellip; <\/p>\n","protected":false},"author":1,"featured_media":40655,"comment_status":"closed","ping_status":"closed","sticky":false,"template":"","format":"standard","meta":{"footnotes":""},"categories":[17],"tags":[4577,4820,4669,1503,56,52,54,53,153,55,977,165,87,68,472],"class_list":["post-40641","post","type-post","status-publish","format-standard","has-post-thumbnail","hentry","category-libros","tag-bogota","tag-chile","tag-cuidados","tag-diagnosticos","tag-enfoque","tag-enfoque-de-genero","tag-equidad","tag-genero","tag-guia","tag-igualdad","tag-instrumentos","tag-mujeres","tag-perspectiva","tag-planificacion","tag-pnud"],"_links":{"self":[{"href":"https:\/\/redinfor.com.pe\/portal\/wp-json\/wp\/v2\/posts\/40641","targetHints":{"allow":["GET"]}}],"collection":[{"href":"https:\/\/redinfor.com.pe\/portal\/wp-json\/wp\/v2\/posts"}],"about":[{"href":"https:\/\/redinfor.com.pe\/portal\/wp-json\/wp\/v2\/types\/post"}],"author":[{"embeddable":true,"href":"https:\/\/redinfor.com.pe\/portal\/wp-json\/wp\/v2\/users\/1"}],"replies":[{"embeddable":true,"href":"https:\/\/redinfor.com.pe\/portal\/wp-json\/wp\/v2\/comments?post=40641"}],"version-history":[{"count":1,"href":"https:\/\/redinfor.com.pe\/portal\/wp-json\/wp\/v2\/posts\/40641\/revisions"}],"predecessor-version":[{"id":40656,"href":"https:\/\/redinfor.com.pe\/portal\/wp-json\/wp\/v2\/posts\/40641\/revisions\/40656"}],"wp:featuredmedia":[{"embeddable":true,"href":"https:\/\/redinfor.com.pe\/portal\/wp-json\/wp\/v2\/media\/40655"}],"wp:attachment":[{"href":"https:\/\/redinfor.com.pe\/portal\/wp-json\/wp\/v2\/media?parent=40641"}],"wp:term":[{"taxonomy":"category","embeddable":true,"href":"https:\/\/redinfor.com.pe\/portal\/wp-json\/wp\/v2\/categories?post=40641"},{"taxonomy":"post_tag","embeddable":true,"href":"https:\/\/redinfor.com.pe\/portal\/wp-json\/wp\/v2\/tags?post=40641"}],"curies":[{"name":"wp","href":"https:\/\/api.w.org\/{rel}","templated":true}]}}