{"id":41184,"date":"2024-11-29T16:46:11","date_gmt":"2024-11-29T21:46:11","guid":{"rendered":"https:\/\/redinfor.com.pe\/portal\/?p=41184"},"modified":"2024-11-29T16:46:12","modified_gmt":"2024-11-29T21:46:12","slug":"guia-para-el-diseno-de-programas-y-proyectos-subnacionales-de-desarrollo-productivo","status":"publish","type":"post","link":"https:\/\/redinfor.com.pe\/portal\/2024\/11\/29\/guia-para-el-diseno-de-programas-y-proyectos-subnacionales-de-desarrollo-productivo\/","title":{"rendered":"GU\u00cdA PARA EL DISE\u00d1O DE PROGRAMAS Y PROYECTOS SUBNACIONALES DE DESARROLLO PRODUCTIVO"},"content":{"rendered":"<div class=\"wp-block-image\">\n<figure class=\"alignleft size-full\"><img loading=\"lazy\" decoding=\"async\" width=\"274\" height=\"350\" src=\"https:\/\/redinfor.com.pe\/portal\/wp-content\/uploads\/2024\/11\/book_dfps_diseno_prog_proy.jpg\" alt=\"\" class=\"wp-image-41185\" srcset=\"https:\/\/redinfor.com.pe\/portal\/wp-content\/uploads\/2024\/11\/book_dfps_diseno_prog_proy.jpg 274w, https:\/\/redinfor.com.pe\/portal\/wp-content\/uploads\/2024\/11\/book_dfps_diseno_prog_proy-235x300.jpg 235w\" sizes=\"auto, (max-width: 274px) 100vw, 274px\" \/><\/figure>\n<\/div>\n\n\n<p><strong>Autor<\/strong>: CEPAL<br><strong>A\u00f1o: <\/strong>2024<\/p>\n\n\n\n<p>La necesidad de una recuperaci\u00f3n sostenible, justa y resiliente del impacto que ha tenido la pandemia por COVID-19 sobre Am\u00e9rica Latina y el Caribe reclama el dise\u00f1o de pol\u00edticas p\u00fablicas de desarrollo productivo (PolDP) que sean de car\u00e1cter multinivel para generar un nuevo equilibrio entre el Estado, el mercado y la sociedad (CEPAL, 2012), que ponga de relieve las interdependencias entre la econom\u00eda, la poblaci\u00f3n y el medio ambiente para aumentar el bienestar de todas las personas, sobre todo las m\u00e1s vulnerables (Rodr\u00edguez V\u00e1zquez, Olvera y Plata, 2020). En esta perspectiva los gobiernos subnacionales juegan un rol esencial. Si antes tuvieron que adoptar medidas de reactivaci\u00f3n para atender la emergencia de salud junto al Estado central, ahora tienen que acompa\u00f1ar y ser protagonistas de la recuperaci\u00f3n para que sus econom\u00edas crezcan sosteniblemente en el largo plazo.<\/p>\n\n\n\n<p>La recuperaci\u00f3n exige un papel activo del Estado central y de los gobiernos subnacionales que buscan potenciar la articulaci\u00f3n con otros actores y fortalecer la innovaci\u00f3n a trav\u00e9s de la implementaci\u00f3n de PolDP. En el contexto actual, y para que dicha recuperaci\u00f3n sea verdaderamente sostenible, justa y resiliente, es imperativo transformar los sistemas de producci\u00f3n y consumo aline\u00e1ndolos con la Agenda 2030, para evitar que los instrumentos de recuperaci\u00f3n tengan un \u201cefecto rebote\u201d en t\u00e9rminos de emisiones de gases de efecto invernadero (GEI), entre otras externalidades negativas, tal y como ocurri\u00f3 en la recuperaci\u00f3n de la crisis financiera de 2008 (Rivera, 2011; WWF, 2008).<\/p>\n\n\n\n<p>Mucho se ha escrito sobre las pol\u00edticas de desarrollo industrial a nivel del Estado central, pero menos se ha publicado sobre este tipo de pol\u00edticas a escala subnacional dentro de la literatura especializada. Por ello, este documento aporta una gu\u00eda pr\u00e1ctica para el dise\u00f1o e implementaci\u00f3n de pol\u00edticas de desarrollo productivo a nivel subnacional, con particular atenci\u00f3n en los gobiernos intermedios (GI); es decir, regiones, provincias, departamentos o estados federados.<\/p>\n\n\n\n<p>En esta perspectiva, lo que se presenta a continuaci\u00f3n en esta gu\u00eda, si bien est\u00e1 pensado principalmente como una herramienta que oriente y respalde el trabajo de los hacedores de pol\u00edticas p\u00fablicas, debe ser interpretado como parte de un proceso m\u00e1s amplio en los cuales las comunidades, las empresas, los trabajadores y la academia tienen un rol relevante.<\/p>\n\n\n<div class=\"wp-block-image\">\n<figure class=\"aligncenter size-full\"><a href=\"https:\/\/docs.google.com\/forms\/d\/1MVgNq5gdAttE8eDJdtTP37P4tpaVsSscThXGO533ScA\/viewform\" target=\"_blank\" rel=\"noopener\"><img loading=\"lazy\" decoding=\"async\" width=\"600\" height=\"100\" src=\"https:\/\/redinfor.com.pe\/portal\/wp-content\/uploads\/2021\/11\/banner_-suscripcion_dfps.jpg\" alt=\"\" class=\"wp-image-15199\" srcset=\"https:\/\/redinfor.com.pe\/portal\/wp-content\/uploads\/2021\/11\/banner_-suscripcion_dfps.jpg 600w, https:\/\/redinfor.com.pe\/portal\/wp-content\/uploads\/2021\/11\/banner_-suscripcion_dfps-300x50.jpg 300w\" sizes=\"auto, (max-width: 600px) 100vw, 600px\" \/><\/a><\/figure>\n<\/div>\n\n\n<p>Hay que tener presente que la elaboraci\u00f3n de la gu\u00eda nos oblig\u00f3 a seleccionar y priorizar los temas, conceptos y herramientas analizadas. En este sentido es importante tener presente que la gu\u00eda:<\/p>\n\n\n\n<ul class=\"wp-block-list\">\n<li>No es una explicaci\u00f3n de c\u00f3mo dise\u00f1ar proyectos de desarrollo productivo, acorde con los reglamentos o normas adoptados por instituciones de fomento determinadas.<\/li>\n\n\n\n<li>No es una recopilaci\u00f3n exhaustiva de herramientas de dise\u00f1o y planificaci\u00f3n de las pol\u00edticas o programas de desarrollo productivo (por ejemplo, marco l\u00f3gico y herramientas de diagn\u00f3stico de la econom\u00eda local\/regional).<\/li>\n<\/ul>\n\n\n\n<p>Esta gu\u00eda consta de cuatro partes: la primera, Parte I, concentra la atenci\u00f3n en las pol\u00edticas (y en menor medida los planes) de desarrollo productivo, en el papel de los gobiernos subnacionales y en los conceptos clave que enmarcan sus tareas:<\/p>\n\n\n\n<ul class=\"wp-block-list\">\n<li>Se presenta una breve descripci\u00f3n de los principales pasos de la planificaci\u00f3n orientada al desarrollo productivo<\/li>\n\n\n\n<li>Se razona sobre el \u201cpara qu\u00e9\u201d se considera importante impulsar pol\u00edticas y programas de desarrollo productivo<\/li>\n\n\n\n<li>Se discute el papel de los gobiernos subnacionales en el desarrollo productivo y, particularmente, de los gobiernos intermedios<\/li>\n\n\n\n<li>Se presentan algunos de los pasos principales en la formulaci\u00f3n de las pol\u00edticas de desarrollo productivo<\/li>\n<\/ul>\n\n\n\n<p>La segunda, Parte II, ilustra conceptos, pasos y m\u00e9todos para el dise\u00f1o de los programas de desarrollo productivo que se vuelven el objeto central de la propuesta metodol\u00f3gica expuesta en la gu\u00eda. Despu\u00e9s de una discusi\u00f3n sobre los conceptos de \u201cprograma\u201d y \u201cproyecto\u201d (cap\u00edtulo A), se entra en el proceso de dise\u00f1o. Dicho proceso se estructura alrededor de tres cap\u00edtulos: el B discute 7 temas relevantes para la definici\u00f3n del enfoque y los contenidos principales del Programa de Desarrollo Productivo (PDP); el C trata de los contenidos de un proyecto; y el D ilustra los aspectos esenciales del funcionamiento del programa. Los tres temas son tratados de forma simple y con el uso frecuente de ejemplos y referencias a casos pr\u00e1cticos.<\/p>\n\n\n\n<p>La Parte III presenta algunas herramientas pr\u00e1cticas de trabajo que ayudan a construir un PDP y, en particular, a avanzar en las cuatro etapas clave de su proceso de dise\u00f1o: an\u00e1lisis del contexto productivo; formulaci\u00f3n y validaci\u00f3n de un PDP; lanzamiento; y evaluaci\u00f3n intermedia y ajuste del PDP.<\/p>\n\n\n\n<p>Por \u00faltimo, la Parte IV proporciona una hoja de ruta para facilitar el uso pr\u00e1ctico de los conceptos e instrumentos descritos en el texto.<\/p>\n\n\n\n<p class=\"has-text-align-center has-medium-font-size\"><strong><a href=\"https:\/\/drive.google.com\/file\/d\/1zAXw6HKQlshLZUonAAmljKeu3xSRFeWF\/view?usp=sharing\" target=\"_blank\" rel=\"noreferrer noopener\">DESCARGAR LIBRO<\/a><\/strong><\/p>\n\n\n\n<p class=\"has-text-align-center\"><iframe loading=\"lazy\" src=\"https:\/\/drive.google.com\/file\/d\/1zAXw6HKQlshLZUonAAmljKeu3xSRFeWF\/preview\" width=\"600\" height=\"800\" allow=\"autoplay\"><\/iframe><\/p>\n\n\n<div class=\"wp-block-image\">\n<figure class=\"aligncenter\"><img loading=\"lazy\" decoding=\"async\" width=\"553\" height=\"21\" src=\"https:\/\/redinfor.com.pe\/portal\/wp-content\/uploads\/2019\/05\/Corrugado-Colores.bmp\" alt=\"\" class=\"wp-image-626\"\/><\/figure>\n<\/div>\n\n\n<p class=\"has-text-align-center has-luminous-vivid-orange-color has-text-color\"><strong>TAMBI\u00c9N TE PUEDE INTERESAR<\/strong><\/p>\n\n\n<div class=\"wp-block-image\">\n<figure class=\"aligncenter size-full\"><a href=\"https:\/\/redinfor.com.pe\/portal\/2021\/07\/05\/diseno-y-formulacion-de-proyectos-sociales\/\" target=\"_blank\" rel=\"noreferrer noopener\"><img loading=\"lazy\" decoding=\"async\" width=\"350\" height=\"490\" src=\"https:\/\/redinfor.com.pe\/portal\/wp-content\/uploads\/2021\/11\/dfps_banner_pub.jpg\" alt=\"\" class=\"wp-image-14997\" srcset=\"https:\/\/redinfor.com.pe\/portal\/wp-content\/uploads\/2021\/11\/dfps_banner_pub.jpg 350w, https:\/\/redinfor.com.pe\/portal\/wp-content\/uploads\/2021\/11\/dfps_banner_pub-214x300.jpg 214w\" sizes=\"auto, (max-width: 350px) 100vw, 350px\" \/><\/a><\/figure>\n<\/div>","protected":false},"excerpt":{"rendered":"<p>Autor: CEPALA\u00f1o: 2024 La necesidad de una recuperaci\u00f3n sostenible, justa y resiliente del impacto que ha tenido la pandemia por COVID-19 sobre Am\u00e9rica Latina y el Caribe reclama el dise\u00f1o&hellip; <\/p>\n","protected":false},"author":1,"featured_media":41186,"comment_status":"closed","ping_status":"closed","sticky":false,"template":"","format":"standard","meta":{"footnotes":""},"categories":[17],"tags":[2216,90,70,153,991,799,192,68,1054,67,4269],"class_list":["post-41184","post","type-post","status-publish","format-standard","has-post-thumbnail","hentry","category-libros","tag-cepal","tag-desarrollo","tag-diseno","tag-guia","tag-identificacion","tag-implementacion","tag-manual","tag-planificacion","tag-productivo","tag-proyectos","tag-subnacionales"],"_links":{"self":[{"href":"https:\/\/redinfor.com.pe\/portal\/wp-json\/wp\/v2\/posts\/41184","targetHints":{"allow":["GET"]}}],"collection":[{"href":"https:\/\/redinfor.com.pe\/portal\/wp-json\/wp\/v2\/posts"}],"about":[{"href":"https:\/\/redinfor.com.pe\/portal\/wp-json\/wp\/v2\/types\/post"}],"author":[{"embeddable":true,"href":"https:\/\/redinfor.com.pe\/portal\/wp-json\/wp\/v2\/users\/1"}],"replies":[{"embeddable":true,"href":"https:\/\/redinfor.com.pe\/portal\/wp-json\/wp\/v2\/comments?post=41184"}],"version-history":[{"count":1,"href":"https:\/\/redinfor.com.pe\/portal\/wp-json\/wp\/v2\/posts\/41184\/revisions"}],"predecessor-version":[{"id":41187,"href":"https:\/\/redinfor.com.pe\/portal\/wp-json\/wp\/v2\/posts\/41184\/revisions\/41187"}],"wp:featuredmedia":[{"embeddable":true,"href":"https:\/\/redinfor.com.pe\/portal\/wp-json\/wp\/v2\/media\/41186"}],"wp:attachment":[{"href":"https:\/\/redinfor.com.pe\/portal\/wp-json\/wp\/v2\/media?parent=41184"}],"wp:term":[{"taxonomy":"category","embeddable":true,"href":"https:\/\/redinfor.com.pe\/portal\/wp-json\/wp\/v2\/categories?post=41184"},{"taxonomy":"post_tag","embeddable":true,"href":"https:\/\/redinfor.com.pe\/portal\/wp-json\/wp\/v2\/tags?post=41184"}],"curies":[{"name":"wp","href":"https:\/\/api.w.org\/{rel}","templated":true}]}}