{"id":41398,"date":"2024-12-09T17:45:58","date_gmt":"2024-12-09T22:45:58","guid":{"rendered":"https:\/\/redinfor.com.pe\/portal\/?p=41398"},"modified":"2024-12-09T17:45:59","modified_gmt":"2024-12-09T22:45:59","slug":"mujeres-su-rol-en-la-soberania-y-seguridad-alimentarias","status":"publish","type":"post","link":"https:\/\/redinfor.com.pe\/portal\/2024\/12\/09\/mujeres-su-rol-en-la-soberania-y-seguridad-alimentarias\/","title":{"rendered":"MUJERES: SU ROL EN LA SOBERAN\u00cdA Y SEGURIDAD ALIMENTARIAS"},"content":{"rendered":"<div class=\"wp-block-image\">\n<figure class=\"alignleft size-full\"><img loading=\"lazy\" decoding=\"async\" width=\"249\" height=\"350\" src=\"https:\/\/redinfor.com.pe\/portal\/wp-content\/uploads\/2024\/12\/book_tegpps_mujeres.jpg\" alt=\"\" class=\"wp-image-41399\" srcset=\"https:\/\/redinfor.com.pe\/portal\/wp-content\/uploads\/2024\/12\/book_tegpps_mujeres.jpg 249w, https:\/\/redinfor.com.pe\/portal\/wp-content\/uploads\/2024\/12\/book_tegpps_mujeres-213x300.jpg 213w\" sizes=\"auto, (max-width: 249px) 100vw, 249px\" \/><\/figure>\n<\/div>\n\n\n<p><strong>Autor<\/strong>: CARE Ecuador<br><strong>A\u00f1o: <\/strong>2016<\/p>\n\n\n\n<p>Este documento recoge los resultados de la investigaci\u00f3n elaborada por el Instituto de Estudios Ecuatorianos (IEE) y apoyada por CARE Ecuador, cuyo objetivo fue analizar el rol de las mujeres campesinas, que habitan en diferentes lugares de cinco cantones de la zona norte 1 de Ecuador: Pedro Moncayo (Pichincha), Cotacachi (Imbabura), Mira (Carchi), Putumayo (Sucumb\u00edos) y San Lorenzo (Esmeraldas), en la defensa de la seguridad y soberan\u00eda alimentarias, y sus aportes en las fases del proceso productivo agr\u00edcola. Al tratarse de mujeres ind\u00edgenas, afroecuatorianas y mestizas, la perspectiva de g\u00e9nero e intercultural fue el punto de partida te\u00f3rico-metodol\u00f3gico para explorar esta situaci\u00f3n.<\/p>\n\n\n\n<p>La soberan\u00eda alimentaria fue incluida en la Constituci\u00f3n de 2008 como un \u201cobjetivo estrat\u00e9gico y una obligaci\u00f3n del Estado para garantizar que las personas, comunidades, pueblos y nacionalidades alcancen la autosuficiencia de alimentos sanos y culturalmente apropiados de forma permanente\u201d (Art. 281). Esta incorporaci\u00f3n hist\u00f3rica en el marco legal constituye un importante avance, que expresa el car\u00e1cter transformador de las acciones y las demandas de los peque\u00f1os y medianos agricultores y campesinos que contribuyen a visibilizar el debate sobre la problem\u00e1tica agraria en Ecuador. Asimismo, la actual Constituci\u00f3n reconoce el trabajo reproductivo como generador de riqueza, la econom\u00eda popular y solidaria como parte de la econom\u00eda al servicio del ser humano y establece el car\u00e1cter plurinacional del Estado ecuatoriano. Estos elementos son centrales en la definici\u00f3n del marco nacional y los principios para trabajar por la igualdad de g\u00e9nero y la conformaci\u00f3n de espacios de di\u00e1logo intercultural.<\/p>\n\n\n\n<p>Sin embargo, de ese primer momento de la revoluci\u00f3n ciudadana, entendido como una fase constituyente de expectativas y transformaciones democr\u00e1ticas, han pasado ya nueve a\u00f1os. Como muestran las investigaciones sobre el agro realizadas en esta d\u00e9cada, la presente coyuntura pol\u00edtico-econ\u00f3mica del campo ecuatoriano visibiliza una \u201calianza entre la institucionalidad p\u00fablica y el capital agroindustrial privado y estatal que promueve una agricultura basada en la producci\u00f3n de agro-combustibles y commodities\u201d (Daza 2015: 1). Frente a este panorama, los peque\u00f1os y medianos campesinos aparecen como actores secundarios en las pol\u00edticas p\u00fablicas impulsadas por el Gobierno ecuatoriano en tanto son, por lo general, considerados como sectores \u201cpobres\u201d, poco productivos y dif\u00edcilmente \u201cviables\u201d (Carri\u00f3n y Herrera 2012). La concentraci\u00f3n de recursos productivos: la tierra, el agua para el riego y las semillas, as\u00ed como las dificultades de acceso al cr\u00e9dito son el resultado de este modelo hegem\u00f3nico para el campo que socava las bases materiales y las posibilidades de apoyo institucional para lograr la soberan\u00eda alimentaria desde y para el campesinado ecuatoriano.<\/p>\n\n\n<div class=\"wp-block-image\">\n<figure class=\"aligncenter size-full\"><a href=\"https:\/\/docs.google.com\/forms\/d\/12kDzDpU7Ysi6OrHy4HpfqngAT0WSorjvzYCu9EkT2yE\/viewform\" target=\"_blank\" rel=\"noopener\"><img loading=\"lazy\" decoding=\"async\" width=\"600\" height=\"100\" src=\"https:\/\/redinfor.com.pe\/portal\/wp-content\/uploads\/2021\/12\/TEGPPS_banner_cursos.jpg\" alt=\"\" class=\"wp-image-15488\" srcset=\"https:\/\/redinfor.com.pe\/portal\/wp-content\/uploads\/2021\/12\/TEGPPS_banner_cursos.jpg 600w, https:\/\/redinfor.com.pe\/portal\/wp-content\/uploads\/2021\/12\/TEGPPS_banner_cursos-300x50.jpg 300w\" sizes=\"auto, (max-width: 600px) 100vw, 600px\" \/><\/a><\/figure>\n<\/div>\n\n\n<p>En este marco, los campesinos y campesinas con escasos recursos productivos intentan mejorar sus condiciones de vida fuera del campo. Su migraci\u00f3n hacia centros poblados periurbanos o urbanos es un fen\u00f3meno en crecimiento, as\u00ed como la migraci\u00f3n temporal o permanente de los j\u00f3venes de zonas rurales en la b\u00fasqueda de trabajo o estudios. Muchos de los campesinos que migran son hombres, y aunque logran encontrar mayores ingresos, la precariedad laboral es com\u00fan.<\/p>\n\n\n\n<p>En este sentido, los resultados de la investigaci\u00f3n nos llevan tambi\u00e9n a plantear que no puede existir la seguridad alimentaria sin niveles crecientes y garant\u00edas de soberan\u00eda alimentaria. Es decir, la disponibilidad de alimentos para garantizar la seguridad alimentaria de hogares y comunidades no podr\u00e1 ser estable en el tiempo y culturalmente apropiada si no existe una soberan\u00eda local y una organizaci\u00f3n social justa en cuanto al acceso a los recursos productivos: tierra f\u00e9rtil, agua para el riego, acceso al cr\u00e9dito con fines productivos, disponibilidad de una tecnolog\u00eda adecuada al medio local, iniciativas de conservaci\u00f3n y reproducci\u00f3n de semillas de polinizaci\u00f3n abierta. La soberan\u00eda alimentaria implica la posibilidad real de incidencia local en la toma de decisiones sobre las orientaciones de la pol\u00edtica p\u00fablica agraria y productiva para garantizar su adaptaci\u00f3n tanto a las necesidades locales como a las condiciones culturales, organizativas y ecol\u00f3gicas de cada territorio.<\/p>\n\n\n\n<p class=\"has-text-align-center has-medium-font-size\"><strong><a href=\"https:\/\/drive.google.com\/file\/d\/10UESEss8M4cviP4RDLBChQvVAPSNfytW\/view?usp=sharing\">DESCARGAR LIBRO<\/a><\/strong><\/p>\n\n\n\n<p class=\"has-text-align-center\"><iframe loading=\"lazy\" src=\"https:\/\/drive.google.com\/file\/d\/10UESEss8M4cviP4RDLBChQvVAPSNfytW\/preview\" width=\"600\" height=\"800\" allow=\"autoplay\"><\/iframe><\/p>\n\n\n<div class=\"wp-block-image\">\n<figure class=\"aligncenter\"><img loading=\"lazy\" decoding=\"async\" width=\"553\" height=\"21\" src=\"https:\/\/redinfor.com.pe\/portal\/wp-content\/uploads\/2019\/05\/Corrugado-Colores.bmp\" alt=\"\" class=\"wp-image-626\"\/><\/figure>\n<\/div>\n\n\n<p class=\"has-text-align-center has-luminous-vivid-orange-color has-text-color\"><strong>TAMBI\u00c9N TE PUEDE INTERESAR<\/strong><\/p>\n\n\n<div class=\"wp-block-image\">\n<figure class=\"aligncenter\"><a href=\"https:\/\/redinfor.com.pe\/portal\/2019\/04\/24\/transversalizacion-del-enfoque-de-genero-en-programas-y-proyectos-sociales\/\"><img loading=\"lazy\" decoding=\"async\" width=\"250\" height=\"350\" src=\"https:\/\/redinfor.com.pe\/portal\/wp-content\/uploads\/2019\/05\/TEGPPS_square.jpg\" alt=\"\" class=\"wp-image-644\" srcset=\"https:\/\/redinfor.com.pe\/portal\/wp-content\/uploads\/2019\/05\/TEGPPS_square.jpg 250w, https:\/\/redinfor.com.pe\/portal\/wp-content\/uploads\/2019\/05\/TEGPPS_square-214x300.jpg 214w\" sizes=\"auto, (max-width: 250px) 100vw, 250px\" \/><\/a><\/figure>\n<\/div>","protected":false},"excerpt":{"rendered":"<p>Autor: CARE EcuadorA\u00f1o: 2016 Este documento recoge los resultados de la investigaci\u00f3n elaborada por el Instituto de Estudios Ecuatorianos (IEE) y apoyada por CARE Ecuador, cuyo objetivo fue analizar el&hellip; <\/p>\n","protected":false},"author":1,"featured_media":41400,"comment_status":"closed","ping_status":"closed","sticky":false,"template":"","format":"standard","meta":{"footnotes":""},"categories":[17],"tags":[812,4862,4669,56,52,54,53,55,165,87,526,2858],"class_list":["post-41398","post","type-post","status-publish","format-standard","has-post-thumbnail","hentry","category-libros","tag-alimentarias","tag-care-ecuador","tag-cuidados","tag-enfoque","tag-enfoque-de-genero","tag-equidad","tag-genero","tag-igualdad","tag-mujeres","tag-perspectiva","tag-seguridad","tag-soberania"],"_links":{"self":[{"href":"https:\/\/redinfor.com.pe\/portal\/wp-json\/wp\/v2\/posts\/41398","targetHints":{"allow":["GET"]}}],"collection":[{"href":"https:\/\/redinfor.com.pe\/portal\/wp-json\/wp\/v2\/posts"}],"about":[{"href":"https:\/\/redinfor.com.pe\/portal\/wp-json\/wp\/v2\/types\/post"}],"author":[{"embeddable":true,"href":"https:\/\/redinfor.com.pe\/portal\/wp-json\/wp\/v2\/users\/1"}],"replies":[{"embeddable":true,"href":"https:\/\/redinfor.com.pe\/portal\/wp-json\/wp\/v2\/comments?post=41398"}],"version-history":[{"count":1,"href":"https:\/\/redinfor.com.pe\/portal\/wp-json\/wp\/v2\/posts\/41398\/revisions"}],"predecessor-version":[{"id":41401,"href":"https:\/\/redinfor.com.pe\/portal\/wp-json\/wp\/v2\/posts\/41398\/revisions\/41401"}],"wp:featuredmedia":[{"embeddable":true,"href":"https:\/\/redinfor.com.pe\/portal\/wp-json\/wp\/v2\/media\/41400"}],"wp:attachment":[{"href":"https:\/\/redinfor.com.pe\/portal\/wp-json\/wp\/v2\/media?parent=41398"}],"wp:term":[{"taxonomy":"category","embeddable":true,"href":"https:\/\/redinfor.com.pe\/portal\/wp-json\/wp\/v2\/categories?post=41398"},{"taxonomy":"post_tag","embeddable":true,"href":"https:\/\/redinfor.com.pe\/portal\/wp-json\/wp\/v2\/tags?post=41398"}],"curies":[{"name":"wp","href":"https:\/\/api.w.org\/{rel}","templated":true}]}}