{"id":42739,"date":"2025-02-09T18:12:49","date_gmt":"2025-02-09T23:12:49","guid":{"rendered":"https:\/\/redinfor.com.pe\/portal\/?p=42739"},"modified":"2025-02-09T18:12:50","modified_gmt":"2025-02-09T23:12:50","slug":"guia-metodologica-plan-de-accion-climatica","status":"publish","type":"post","link":"https:\/\/redinfor.com.pe\/portal\/2025\/02\/09\/guia-metodologica-plan-de-accion-climatica\/","title":{"rendered":"GU\u00cdA METODOL\u00d3GICA PLAN DE ACCI\u00d3N CLIM\u00c1TICA"},"content":{"rendered":"<div class=\"wp-block-image\">\n<figure class=\"alignleft size-full\"><img loading=\"lazy\" decoding=\"async\" width=\"258\" height=\"350\" src=\"https:\/\/redinfor.com.pe\/portal\/wp-content\/uploads\/2025\/02\/book_rse_plan_aclima.jpg\" alt=\"\" class=\"wp-image-42740\" srcset=\"https:\/\/redinfor.com.pe\/portal\/wp-content\/uploads\/2025\/02\/book_rse_plan_aclima.jpg 258w, https:\/\/redinfor.com.pe\/portal\/wp-content\/uploads\/2025\/02\/book_rse_plan_aclima-221x300.jpg 221w\" sizes=\"auto, (max-width: 258px) 100vw, 258px\" \/><\/figure>\n<\/div>\n\n\n<p><strong>Autor<\/strong>: GIZ<br><strong>A\u00f1o: <\/strong>2024<\/p>\n\n\n\n<p>La presente gu\u00eda tiene como objetivo principal aportar en la planificaci\u00f3n estrat\u00e9gica que establecen pol\u00edticas y\/o programas para reducir las emisiones de GEI de una jurisdicci\u00f3n (mitigar) y\/o adaptarse a los impactos del cambio clim\u00e1tico.<\/p>\n\n\n\n<p>Un plan puede ser m\u00e1s general o detallado y tiene como objetivo definir un camino con metas y acciones concretas tendientes a enfrentar el cambio clim\u00e1tico en una jurisdicci\u00f3n.<\/p>\n\n\n\n<p>De acuerdo a (Aguilar et al. 2022) los planes de acci\u00f3n clim\u00e1tica (PACs) son: \u201cdocumentos de planificaci\u00f3n estrat\u00e9gicos que establecen pol\u00edticas y\/o programas para reducir las emisiones de GEI de una jurisdicci\u00f3n (mitigar) y\/o adaptarse a los impactos del cambio clim\u00e1tico (Boswell et al., 2012). El plan puede ser elaborado de forma amplia y abarcativa o enfocarse en determinadas actividades y\/o sectores. Un plan puede ser m\u00e1s general o detallado y tiene como objetivo definir un camino con metas y acciones concretas tendientes a enfrentar el cambio clim\u00e1tico en una jurisdicci\u00f3n. Un plan amplio abordar\u00e1 tanto los aspectos de mitigaci\u00f3n como los de adaptaci\u00f3n.\u201d<\/p>\n\n\n<div class=\"wp-block-image\">\n<figure class=\"aligncenter size-full\"><a href=\"https:\/\/docs.google.com\/forms\/d\/1COxet8PZxsJIVr6v52NqqBxD6h6axvg56naappB9rC4\/viewform\" target=\"_blank\" rel=\"noopener\"><img loading=\"lazy\" decoding=\"async\" width=\"605\" height=\"96\" src=\"https:\/\/redinfor.com.pe\/portal\/wp-content\/uploads\/2025\/02\/banner_rse_inscripciones.jpg\" alt=\"\" class=\"wp-image-42741\" srcset=\"https:\/\/redinfor.com.pe\/portal\/wp-content\/uploads\/2025\/02\/banner_rse_inscripciones.jpg 605w, https:\/\/redinfor.com.pe\/portal\/wp-content\/uploads\/2025\/02\/banner_rse_inscripciones-300x48.jpg 300w\" sizes=\"auto, (max-width: 605px) 100vw, 605px\" \/><\/a><\/figure>\n<\/div>\n\n\n<p>Sirve, adem\u00e1s, en palabras de los mismos autores, como:<\/p>\n\n\n\n<ul class=\"wp-block-list\">\n<li>Gu\u00eda para la toma de decisiones dentro de una jurisdicci\u00f3n, pues permite a los tomadores de decisi\u00f3n contar con una lista de tareas para enfrentar el cambio clim\u00e1tico, junto a otros objetivos ambientales, de desarrollo, de salud y bienestar de la comunidad.<\/li>\n\n\n\n<li>Compromiso con la b\u00fasqueda de cambios estrat\u00e9gicos y soluciones a reclamos de la ciudadan\u00eda, por lo que se utilizan para rendir cuentas del progreso en las pol\u00edticas p\u00fablicas.<\/li>\n\n\n\n<li>Herramienta \u00fatil para concientizar y emitir se\u00f1ales hacia el sector privado y la comunidad sobre la necesidad de orientar las decisiones sobre inversiones hacia los objetivos ambientales y de desarrollo adoptados en el plan.<\/li>\n<\/ul>\n\n\n\n<p>Podemos concluir entonces que el PAC es un instrumento de acci\u00f3n colectiva compuesto por objetivos, metas, acciones y medidas que expresan la concientizaci\u00f3n y el compromiso de sectores ciudadanos hacia la problem\u00e1tica, y desaf\u00edos que plantea el cambio clim\u00e1tico.<\/p>\n\n\n\n<p class=\"has-text-align-center has-medium-font-size\"><strong><a href=\"https:\/\/drive.google.com\/file\/d\/17u2FuwyH4eElTq7eX0ChZMuF9OeImWKd\/view?usp=sharing\" target=\"_blank\" rel=\"noreferrer noopener\">DESCARGAR LIBRO<\/a><\/strong><\/p>\n\n\n\n<p class=\"has-text-align-center\"><iframe loading=\"lazy\" src=\"https:\/\/drive.google.com\/file\/d\/17u2FuwyH4eElTq7eX0ChZMuF9OeImWKd\/preview\" width=\"600\" height=\"800\" allow=\"autoplay\"><\/iframe><\/p>\n\n\n<div class=\"wp-block-image\">\n<figure class=\"aligncenter\"><img loading=\"lazy\" decoding=\"async\" width=\"553\" height=\"21\" src=\"https:\/\/redinfor.com.pe\/portal\/wp-content\/uploads\/2019\/05\/Corrugado-Colores.bmp\" alt=\"\" class=\"wp-image-626\"\/><\/figure>\n<\/div>\n\n\n<p class=\"has-text-align-center has-luminous-vivid-orange-color has-text-color\"><strong>TAMBI\u00c9N TE PUEDE INTERESAR<\/strong><\/p>\n\n\n<div class=\"wp-block-image\">\n<figure class=\"aligncenter size-full\"><a href=\"https:\/\/redinfor.com.pe\/portal\/2020\/09\/21\/responsabilidad-social-empresarial-y-relaciones-comunitarias\/\" target=\"_blank\" rel=\" noreferrer noopener\"><img loading=\"lazy\" decoding=\"async\" width=\"250\" height=\"350\" src=\"https:\/\/redinfor.com.pe\/portal\/wp-content\/uploads\/2019\/05\/RSE-Blog-Lateral.jpg\" alt=\"\" class=\"wp-image-653\" srcset=\"https:\/\/redinfor.com.pe\/portal\/wp-content\/uploads\/2019\/05\/RSE-Blog-Lateral.jpg 250w, https:\/\/redinfor.com.pe\/portal\/wp-content\/uploads\/2019\/05\/RSE-Blog-Lateral-214x300.jpg 214w\" sizes=\"auto, (max-width: 250px) 100vw, 250px\" \/><\/a><\/figure>\n<\/div>","protected":false},"excerpt":{"rendered":"<p>Autor: GIZA\u00f1o: 2024 La presente gu\u00eda tiene como objetivo principal aportar en la planificaci\u00f3n estrat\u00e9gica que establecen pol\u00edticas y\/o programas para reducir las emisiones de GEI de una jurisdicci\u00f3n (mitigar)&hellip; <\/p>\n","protected":false},"author":1,"featured_media":42742,"comment_status":"closed","ping_status":"closed","sticky":false,"template":"","format":"standard","meta":{"footnotes":""},"categories":[17],"tags":[1245,2499,1176,153,3133,192,1156,2616,149],"class_list":["post-42739","post","type-post","status-publish","format-standard","has-post-thumbnail","hentry","category-libros","tag-accion","tag-climatica","tag-giz","tag-guia","tag-libro","tag-manual","tag-metodologica","tag-pdf","tag-plan"],"_links":{"self":[{"href":"https:\/\/redinfor.com.pe\/portal\/wp-json\/wp\/v2\/posts\/42739","targetHints":{"allow":["GET"]}}],"collection":[{"href":"https:\/\/redinfor.com.pe\/portal\/wp-json\/wp\/v2\/posts"}],"about":[{"href":"https:\/\/redinfor.com.pe\/portal\/wp-json\/wp\/v2\/types\/post"}],"author":[{"embeddable":true,"href":"https:\/\/redinfor.com.pe\/portal\/wp-json\/wp\/v2\/users\/1"}],"replies":[{"embeddable":true,"href":"https:\/\/redinfor.com.pe\/portal\/wp-json\/wp\/v2\/comments?post=42739"}],"version-history":[{"count":1,"href":"https:\/\/redinfor.com.pe\/portal\/wp-json\/wp\/v2\/posts\/42739\/revisions"}],"predecessor-version":[{"id":42743,"href":"https:\/\/redinfor.com.pe\/portal\/wp-json\/wp\/v2\/posts\/42739\/revisions\/42743"}],"wp:featuredmedia":[{"embeddable":true,"href":"https:\/\/redinfor.com.pe\/portal\/wp-json\/wp\/v2\/media\/42742"}],"wp:attachment":[{"href":"https:\/\/redinfor.com.pe\/portal\/wp-json\/wp\/v2\/media?parent=42739"}],"wp:term":[{"taxonomy":"category","embeddable":true,"href":"https:\/\/redinfor.com.pe\/portal\/wp-json\/wp\/v2\/categories?post=42739"},{"taxonomy":"post_tag","embeddable":true,"href":"https:\/\/redinfor.com.pe\/portal\/wp-json\/wp\/v2\/tags?post=42739"}],"curies":[{"name":"wp","href":"https:\/\/api.w.org\/{rel}","templated":true}]}}