{"id":42836,"date":"2025-02-13T12:51:04","date_gmt":"2025-02-13T17:51:04","guid":{"rendered":"https:\/\/redinfor.com.pe\/portal\/?p=42836"},"modified":"2025-02-13T12:51:05","modified_gmt":"2025-02-13T17:51:05","slug":"guia-para-la-transversalizacion-de-la-perspectiva-de-genero-en-la-produccion-estadistica","status":"publish","type":"post","link":"https:\/\/redinfor.com.pe\/portal\/2025\/02\/13\/guia-para-la-transversalizacion-de-la-perspectiva-de-genero-en-la-produccion-estadistica\/","title":{"rendered":"GU\u00cdA PARA LA TRANSVERSALIZACI\u00d3N DE LA PERSPECTIVA DE G\u00c9NERO EN LA PRODUCCI\u00d3N ESTAD\u00cdSTICA"},"content":{"rendered":"<div class=\"wp-block-image\">\n<figure class=\"alignleft size-full\"><img loading=\"lazy\" decoding=\"async\" width=\"268\" height=\"350\" src=\"https:\/\/redinfor.com.pe\/portal\/wp-content\/uploads\/2025\/02\/book_tegpp_teg_prodestd.jpg\" alt=\"\" class=\"wp-image-42837\" srcset=\"https:\/\/redinfor.com.pe\/portal\/wp-content\/uploads\/2025\/02\/book_tegpp_teg_prodestd.jpg 268w, https:\/\/redinfor.com.pe\/portal\/wp-content\/uploads\/2025\/02\/book_tegpp_teg_prodestd-230x300.jpg 230w\" sizes=\"auto, (max-width: 268px) 100vw, 268px\" \/><\/figure>\n<\/div>\n\n\n<p><strong>Autor<\/strong>: CEPAL<br><strong>A\u00f1o: <\/strong>2024<\/p>\n\n\n\n<p>Transversalizar la perspectiva de g\u00e9nero e interseccional en la producci\u00f3n estad\u00edstica es imprescindible para generar datos que capturen, de forma precisa, la persistencia y magnitud de las desigualdades en las sociedades. Como se se\u00f1ala en la Estrategia de Montevideo para la Implementaci\u00f3n de la Agenda Regional de G\u00e9nero en el Marco del Desarrollo Sostenible hacia 2030 (2016), tambi\u00e9n es crucial para \u201ctransformar datos en informaci\u00f3n, informaci\u00f3n en conocimiento y conocimiento en decisi\u00f3n pol\u00edtica.<\/p>\n\n\n\n<p>Por esto, es fundamental contar con estad\u00edsticas oficiales como fuente de informaci\u00f3n indispensable para el dise\u00f1o y la implementaci\u00f3n de pol\u00edticas y programas que contribuyan al logro de la igualdad de g\u00e9nero y la autonom\u00eda de las mujeres.<\/p>\n\n\n\n<p>Durante los \u00faltimos 45 a\u00f1os, en el marco de la Conferencia Regional sobre la Mujer de Am\u00e9rica Latina y el Caribe, la regi\u00f3n ha avanzado en el logro de acuerdos de car\u00e1cter acumulativo e integral en esta direcci\u00f3n, expresados en la Agenda Regional de G\u00e9nero. En el Compromiso de Buenos Aires, adoptado en la XV Conferencia Regional sobre la Mujer de Am\u00e9rica Latina y el Caribe, celebrada en 2022, los pa\u00edses de la regi\u00f3n acordaron \u201cpromover la transversalizaci\u00f3n del enfoque de g\u00e9nero en los sistemas estad\u00edsticos nacionales mediante el trabajo articulado entre los organismos productores y usuarios de la informaci\u00f3n y garantizando la asignaci\u00f3n de presupuesto suficiente, as\u00ed como la periodicidad de las mediciones y de la difusi\u00f3n de la informaci\u00f3n e impulsar la adopci\u00f3n de un enfoque de g\u00e9nero, interseccionalidad e interculturalidad en la producci\u00f3n y el uso de informaci\u00f3n estad\u00edstica. En este sentido, se destaca tambi\u00e9n el eje 9 sobre sistemas de informaci\u00f3n de la Estrategia de Montevideo (2016).<\/p>\n\n\n<div class=\"wp-block-image\">\n<figure class=\"aligncenter size-full\"><a href=\"https:\/\/docs.google.com\/forms\/d\/12kDzDpU7Ysi6OrHy4HpfqngAT0WSorjvzYCu9EkT2yE\/viewform\" target=\"_blank\" rel=\"noopener\"><img loading=\"lazy\" decoding=\"async\" width=\"600\" height=\"100\" src=\"https:\/\/redinfor.com.pe\/portal\/wp-content\/uploads\/2021\/12\/TEGPPS_banner_cursos.jpg\" alt=\"\" class=\"wp-image-15488\" srcset=\"https:\/\/redinfor.com.pe\/portal\/wp-content\/uploads\/2021\/12\/TEGPPS_banner_cursos.jpg 600w, https:\/\/redinfor.com.pe\/portal\/wp-content\/uploads\/2021\/12\/TEGPPS_banner_cursos-300x50.jpg 300w\" sizes=\"auto, (max-width: 600px) 100vw, 600px\" \/><\/a><\/figure>\n<\/div>\n\n\n<p>Con el fin de fomentar y orientar esta labor, esta Gu\u00eda para la transversalizaci\u00f3n de la perspectiva de g\u00e9nero en la producci\u00f3n estad\u00edstica tiene el objetivo de ser una herramienta conceptual y metodol\u00f3gica para la incorporaci\u00f3n de la perspectiva de g\u00e9nero en la producci\u00f3n estad\u00edstica oficial de los pa\u00edses de la regi\u00f3n. Esto incluye conceptos, lineamientos, recomendaciones e implicaciones para la incorporaci\u00f3n de la perspectiva de g\u00e9nero en la gesti\u00f3n de los sistemas estad\u00edsticos nacionales, el entorno de institucionalidad de los organismos productores de informaci\u00f3n y las ocho fases que componen el proceso de producci\u00f3n de estad\u00edsticas oficiales. Adem\u00e1s, la Gu\u00eda proporciona un marco conceptual sobre la perspectiva de g\u00e9nero en el campo de la producci\u00f3n estad\u00edstica y contribuye con lineamientos que aportan al establecimiento de normativas y procesos dentro de los sistemas estad\u00edsticos nacionales.<\/p>\n\n\n\n<p>La presente Gu\u00eda fue elaborada por el Grupo de Trabajo conformado para tal fin, durante el bienio 2022-2023, en el marco de la Conferencia Estad\u00edstica de las Am\u00e9ricas de la Comisi\u00f3n Econ\u00f3mica para Am\u00e9rica Latina y el Caribe (CEA-CEPAL), con la participaci\u00f3n de las entidades mencionadas en los Reconocimientos al inicio de este documento.<\/p>\n\n\n\n<p>La Gu\u00eda se dirige a la comunidad estad\u00edstica de la regi\u00f3n, principalmente a las entidades que forman parte de los sistemas estad\u00edsticos nacionales, liderados por las oficinas nacionales de estad\u00edstica, a los mecanismos nacionales para el adelanto de la mujer, a las dem\u00e1s entidades p\u00fablicas productoras de estad\u00edsticas oficiales de acuerdo con su misi\u00f3n, a la comunidad acad\u00e9mica, a las organizaciones de la sociedad civil y a las dem\u00e1s personas, profesionales y organizaciones interesadas en la generaci\u00f3n, divulgaci\u00f3n, interpretaci\u00f3n y uso de estad\u00edsticas con perspectiva de g\u00e9nero.<\/p>\n\n\n\n<p class=\"has-text-align-center has-medium-font-size\"><strong><a href=\"https:\/\/drive.google.com\/file\/d\/13Rq4VcHn45_gMbNkxJDWEesEd6GEZIzX\/view?usp=sharing\" target=\"_blank\" rel=\"noreferrer noopener\">DESCARGAR LIBRO<\/a><\/strong><\/p>\n\n\n\n<p class=\"has-text-align-center\"><iframe loading=\"lazy\" src=\"https:\/\/drive.google.com\/file\/d\/13Rq4VcHn45_gMbNkxJDWEesEd6GEZIzX\/preview\" width=\"600\" height=\"800\" allow=\"autoplay\"><\/iframe><\/p>\n\n\n<div class=\"wp-block-image\">\n<figure class=\"aligncenter\"><img loading=\"lazy\" decoding=\"async\" width=\"553\" height=\"21\" src=\"https:\/\/redinfor.com.pe\/portal\/wp-content\/uploads\/2019\/05\/Corrugado-Colores.bmp\" alt=\"\" class=\"wp-image-626\"\/><\/figure>\n<\/div>\n\n\n<p class=\"has-text-align-center has-luminous-vivid-orange-color has-text-color\"><strong>TAMBI\u00c9N TE PUEDE INTERESAR<\/strong><\/p>\n\n\n<div class=\"wp-block-image\">\n<figure class=\"aligncenter\"><a href=\"https:\/\/redinfor.com.pe\/portal\/2019\/04\/24\/transversalizacion-del-enfoque-de-genero-en-programas-y-proyectos-sociales\/\"><img loading=\"lazy\" decoding=\"async\" width=\"250\" height=\"350\" src=\"https:\/\/redinfor.com.pe\/portal\/wp-content\/uploads\/2019\/05\/TEGPPS_square.jpg\" alt=\"\" class=\"wp-image-644\" srcset=\"https:\/\/redinfor.com.pe\/portal\/wp-content\/uploads\/2019\/05\/TEGPPS_square.jpg 250w, https:\/\/redinfor.com.pe\/portal\/wp-content\/uploads\/2019\/05\/TEGPPS_square-214x300.jpg 214w\" sizes=\"auto, (max-width: 250px) 100vw, 250px\" \/><\/a><\/figure>\n<\/div>","protected":false},"excerpt":{"rendered":"<p>Autor: CEPALA\u00f1o: 2024 Transversalizar la perspectiva de g\u00e9nero e interseccional en la producci\u00f3n estad\u00edstica es imprescindible para generar datos que capturen, de forma precisa, la persistencia y magnitud de las&hellip; <\/p>\n","protected":false},"author":1,"featured_media":42838,"comment_status":"closed","ping_status":"closed","sticky":false,"template":"","format":"standard","meta":{"footnotes":""},"categories":[17],"tags":[2216,56,52,54,384,53,55,117,165,87,709],"class_list":["post-42836","post","type-post","status-publish","format-standard","has-post-thumbnail","hentry","category-libros","tag-cepal","tag-enfoque","tag-enfoque-de-genero","tag-equidad","tag-estadistica","tag-genero","tag-igualdad","tag-mujer","tag-mujeres","tag-perspectiva","tag-produccion"],"_links":{"self":[{"href":"https:\/\/redinfor.com.pe\/portal\/wp-json\/wp\/v2\/posts\/42836","targetHints":{"allow":["GET"]}}],"collection":[{"href":"https:\/\/redinfor.com.pe\/portal\/wp-json\/wp\/v2\/posts"}],"about":[{"href":"https:\/\/redinfor.com.pe\/portal\/wp-json\/wp\/v2\/types\/post"}],"author":[{"embeddable":true,"href":"https:\/\/redinfor.com.pe\/portal\/wp-json\/wp\/v2\/users\/1"}],"replies":[{"embeddable":true,"href":"https:\/\/redinfor.com.pe\/portal\/wp-json\/wp\/v2\/comments?post=42836"}],"version-history":[{"count":1,"href":"https:\/\/redinfor.com.pe\/portal\/wp-json\/wp\/v2\/posts\/42836\/revisions"}],"predecessor-version":[{"id":42839,"href":"https:\/\/redinfor.com.pe\/portal\/wp-json\/wp\/v2\/posts\/42836\/revisions\/42839"}],"wp:featuredmedia":[{"embeddable":true,"href":"https:\/\/redinfor.com.pe\/portal\/wp-json\/wp\/v2\/media\/42838"}],"wp:attachment":[{"href":"https:\/\/redinfor.com.pe\/portal\/wp-json\/wp\/v2\/media?parent=42836"}],"wp:term":[{"taxonomy":"category","embeddable":true,"href":"https:\/\/redinfor.com.pe\/portal\/wp-json\/wp\/v2\/categories?post=42836"},{"taxonomy":"post_tag","embeddable":true,"href":"https:\/\/redinfor.com.pe\/portal\/wp-json\/wp\/v2\/tags?post=42836"}],"curies":[{"name":"wp","href":"https:\/\/api.w.org\/{rel}","templated":true}]}}