{"id":43,"date":"2019-04-25T03:07:11","date_gmt":"2019-04-25T03:07:11","guid":{"rendered":"https:\/\/redinfor.com.pe\/portal\/?p=43"},"modified":"2019-04-26T22:30:07","modified_gmt":"2019-04-27T03:30:07","slug":"profesionales","status":"publish","type":"post","link":"https:\/\/redinfor.com.pe\/portal\/2019\/04\/25\/profesionales\/","title":{"rendered":"Profesionales"},"content":{"rendered":"\n<p>REDINFOR PER\u00da cuenta con un plantel de consultores de\ndiferentes disciplinas profesionales, qui\u00e9nes garantizan los servicios que\nbrindamos a las diferentes instituciones de desarrollo p\u00fablicas y privadas<\/p>\n\n\n\n<p class=\"has-medium-font-size\"><strong>Ing\u00ba Jes\u00fas Castro Sanabria<\/strong><\/p>\n\n\n\n<div class=\"wp-block-image\"><figure class=\"alignleft is-resized\"><img loading=\"lazy\" decoding=\"async\" src=\"https:\/\/redinfor.com.pe\/portal\/wp-content\/uploads\/2019\/02\/jesus_castro-1.png\" alt=\"\" class=\"wp-image-85\" width=\"100\" height=\"100\" srcset=\"https:\/\/redinfor.com.pe\/portal\/wp-content\/uploads\/2019\/02\/jesus_castro-1.png 400w, https:\/\/redinfor.com.pe\/portal\/wp-content\/uploads\/2019\/02\/jesus_castro-1-150x150.png 150w, https:\/\/redinfor.com.pe\/portal\/wp-content\/uploads\/2019\/02\/jesus_castro-1-300x300.png 300w\" sizes=\"auto, (max-width: 100px) 100vw, 100px\" \/><\/figure><\/div>\n\n\n\n<p>Ingeniero Agr\u00f3nomo, egresado de la Universidad Nacional Agraria \u00abLa Molina\u00bb (UNALM), con Maestr\u00eda en Administraci\u00f3n de Empresas (MBA) y estudios de especializaci\u00f3n en Dise\u00f1o y Gesti\u00f3n de Proyectos Sociales; y Formulaci\u00f3n de Proyectos de Inversi\u00f3n P\u00fablica; es socio fundador y CEO de REDINFOR PER\u00da. Cuenta con m\u00e1s de 25 a\u00f1os de experiencia en planificaci\u00f3n, gesti\u00f3n, monitoreo, evaluaci\u00f3n y sistematizaci\u00f3n experiencias de proyectos sociales. <\/p>\n\n\n\n<p class=\"has-medium-font-size\"><strong>Lic. Katiuska Naveda Flores<\/strong><\/p>\n\n\n\n<div class=\"wp-block-image\"><figure class=\"alignleft is-resized\"><img loading=\"lazy\" decoding=\"async\" src=\"https:\/\/redinfor.com.pe\/portal\/wp-content\/uploads\/2019\/04\/katiuska_naveda.png\" alt=\"\" class=\"wp-image-218\" width=\"100\" height=\"100\" srcset=\"https:\/\/redinfor.com.pe\/portal\/wp-content\/uploads\/2019\/04\/katiuska_naveda.png 200w, https:\/\/redinfor.com.pe\/portal\/wp-content\/uploads\/2019\/04\/katiuska_naveda-150x150.png 150w\" sizes=\"auto, (max-width: 100px) 100vw, 100px\" \/><\/figure><\/div>\n\n\n\n<p>Licenciada en Educaci\u00f3n, con estudios de Maestr\u00eda en\nSociolog\u00eda de la Educaci\u00f3n; y en Gesti\u00f3n y Docencia a Nivel Superior; y\nestudios de Especializaci\u00f3n en Atenci\u00f3n a la Diversidad e Inclusi\u00f3n Educativa.\nCuenta con m\u00e1s de 10 a\u00f1os de experiencia en aspectos pedag\u00f3gicos y metodolog\u00edas\nde capacitaci\u00f3n y aprendizaje de adultos, gesti\u00f3n del conocimiento y\nsistematizaci\u00f3n de experiencias, adquiridos en organizaciones gubernamentales y\nno gubernamentales del pa\u00eds.<\/p>\n\n\n\n<p class=\"has-medium-font-size\"><strong>Dra. Yvonne Castro Sanabria<\/strong><\/p>\n\n\n\n<div class=\"wp-block-image\"><figure class=\"alignleft is-resized\"><img loading=\"lazy\" decoding=\"async\" src=\"https:\/\/redinfor.com.pe\/portal\/wp-content\/uploads\/2019\/04\/yvonne_castro.png\" alt=\"\" class=\"wp-image-352\" width=\"100\" height=\"100\" srcset=\"https:\/\/redinfor.com.pe\/portal\/wp-content\/uploads\/2019\/04\/yvonne_castro.png 200w, https:\/\/redinfor.com.pe\/portal\/wp-content\/uploads\/2019\/04\/yvonne_castro-150x150.png 150w\" sizes=\"auto, (max-width: 100px) 100vw, 100px\" \/><\/figure><\/div>\n\n\n\n<p>Licenciada en Educaci\u00f3n con Maestr\u00eda y Doctorado en Administraci\u00f3n de la Educaci\u00f3n, as\u00ed como estudios de especializaci\u00f3n en Gesti\u00f3n Educativa; Formaci\u00f3n Docente; Enfoque de G\u00e9nero, e Investigaci\u00f3n Educativa; cuenta\u00a0 con m\u00e1s de 30 a\u00f1os de experiencia profesional, en docencia, gesti\u00f3n, planificaci\u00f3n, monitoreo y evaluaci\u00f3n de procesos educativos, capacitaci\u00f3n docente y asesoramiento educativo.<\/p>\n\n\n\n<p class=\"has-medium-font-size\"><strong>Eco. Luis Castro Sanabria<\/strong><\/p>\n\n\n\n<div class=\"wp-block-image\"><figure class=\"alignleft is-resized\"><img loading=\"lazy\" decoding=\"async\" src=\"https:\/\/redinfor.com.pe\/portal\/wp-content\/uploads\/2019\/04\/luis_castro.png\" alt=\"\" class=\"wp-image-353\" width=\"100\" height=\"100\" srcset=\"https:\/\/redinfor.com.pe\/portal\/wp-content\/uploads\/2019\/04\/luis_castro.png 400w, https:\/\/redinfor.com.pe\/portal\/wp-content\/uploads\/2019\/04\/luis_castro-150x150.png 150w, https:\/\/redinfor.com.pe\/portal\/wp-content\/uploads\/2019\/04\/luis_castro-300x300.png 300w\" sizes=\"auto, (max-width: 100px) 100vw, 100px\" \/><\/figure><\/div>\n\n\n\n<p>Economista, egresado de la Universidad Nacional Agraria \u00abLa Molina\u00bb (UNALM), con Maestr\u00eda en Gesti\u00f3n Empresarial. Consultor Asociado de la Red de Investigaci\u00f3n y B\u00fasqueda de Informaci\u00f3n &#8211; REDINFOR E.I.R.L. &#8211; Cuenta con m\u00e1s de 20 a\u00f1os de experiencia en gerencia de proyectos vinculados a organizaciones de base, j\u00f3venes, microempresas, gobiernos locales, salud, agricultura, obras de infraestructura social, entre otros.<\/p>\n\n\n\n<p class=\"has-medium-font-size\"><strong>Ing\u00b0 No\u00e9 Ram\u00edrez Vicencio<\/strong><\/p>\n\n\n\n<div class=\"wp-block-image\"><figure class=\"alignleft is-resized\"><img loading=\"lazy\" decoding=\"async\" src=\"https:\/\/redinfor.com.pe\/portal\/wp-content\/uploads\/2019\/04\/noe_ramirez.png\" alt=\"\" class=\"wp-image-354\" width=\"100\" height=\"100\" srcset=\"https:\/\/redinfor.com.pe\/portal\/wp-content\/uploads\/2019\/04\/noe_ramirez.png 359w, https:\/\/redinfor.com.pe\/portal\/wp-content\/uploads\/2019\/04\/noe_ramirez-150x150.png 150w, https:\/\/redinfor.com.pe\/portal\/wp-content\/uploads\/2019\/04\/noe_ramirez-297x300.png 297w\" sizes=\"auto, (max-width: 100px) 100vw, 100px\" \/><\/figure><\/div>\n\n\n\n<p>Ingeniero Zootecnista, con maestr\u00eda en Desarrollo Rural y\nGesti\u00f3n del Medio Ambiente y estudios de especializaci\u00f3n en Cambio Clim\u00e1tico y\nDesarrollo Sostenible; Monitoreo y Evaluaci\u00f3n de Programas; y Gesti\u00f3n\nEstrat\u00e9gica Municipal. Consultor Asociado de la Red de Investigaci\u00f3n y B\u00fasqueda\nde Informaci\u00f3n &#8211; REDINFOR E.I.R.L. &#8211; Cuenta con m\u00e1s de 20 a\u00f1os de trabajo, con\nexperiencia y estudios en: dise\u00f1o, ejecuci\u00f3n, monitoreo y evaluaci\u00f3n de\nproyectos de desarrollo rural sostenible, en las regiones de Apur\u00edmac, Cusco,\nPuno, Ayacucho y Huancavelica.<\/p>\n\n\n\n<p class=\"has-medium-font-size\"><strong>Lic. Sandra Pantigozo Loaiza<\/strong><\/p>\n\n\n\n<div class=\"wp-block-image\"><figure class=\"alignleft is-resized\"><img loading=\"lazy\" decoding=\"async\" src=\"https:\/\/redinfor.com.pe\/portal\/wp-content\/uploads\/2019\/04\/sandra_pantigozo.png\" alt=\"\" class=\"wp-image-233\" width=\"100\" height=\"100\" srcset=\"https:\/\/redinfor.com.pe\/portal\/wp-content\/uploads\/2019\/04\/sandra_pantigozo.png 400w, https:\/\/redinfor.com.pe\/portal\/wp-content\/uploads\/2019\/04\/sandra_pantigozo-150x150.png 150w, https:\/\/redinfor.com.pe\/portal\/wp-content\/uploads\/2019\/04\/sandra_pantigozo-300x300.png 300w\" sizes=\"auto, (max-width: 100px) 100vw, 100px\" \/><\/figure><\/div>\n\n\n\n<p>Comunicadora Social, con estudios de Maestr\u00eda en Ciencias\nSociales con menci\u00f3n en G\u00e9nero y Desarrollo (FLACSO \u2013 Ecuador); y\nespecializaciones en G\u00e9nero y Gobernabilidad, \u00c9tica y Metodolog\u00eda Feminista; y\nDesarrollo Humano; cuenta con 20 a\u00f1os de experiencia en la transversalizaci\u00f3n\ndel enfoque de g\u00e9nero en la formulaci\u00f3n de proyectos de desarrollo,\ninvestigaci\u00f3n, diagn\u00f3sticos y l\u00edneas de base, seguimiento, monitoreo,\nevaluaci\u00f3n, sistematizaci\u00f3n de experiencias, facilitaci\u00f3n a grupos de j\u00f3venes y\nadultos\/as y en espacios y redes de concertaci\u00f3n y en proyectos de\ninstituciones p\u00fablicas.<\/p>\n\n\n\n<p class=\"has-medium-font-size\"><strong>Lic. Mart\u00edn Jalixto Mamani<\/strong><\/p>\n\n\n\n<div class=\"wp-block-image\"><figure class=\"alignleft is-resized\"><img loading=\"lazy\" decoding=\"async\" src=\"http:\/\/www.redinfor.com.pe\/images\/martinjalixto.jpg\" alt=\"\" width=\"113\" height=\"110\"\/><\/figure><\/div>\n\n\n\n<p>Licenciado en Educaci\u00f3n, con especializaci\u00f3n en Gesti\u00f3n\nEstrat\u00e9gica de Instituciones P\u00fablicas. Consultor Asociado de la Red de\nInvestigaci\u00f3n y B\u00fasqueda de Informaci\u00f3n &#8211; REDINFOR E.I.R.L. &#8211; Cuenta con m\u00e1s de\n15 a\u00f1os de experiencia en planificaci\u00f3n y gesti\u00f3n de proyectos educativos, as\u00ed\ncomo proyectos vinculados a organizaciones de base, gobiernos locales, entre\notros.<\/p>\n","protected":false},"excerpt":{"rendered":"<p>REDINFOR PER\u00da cuenta con un plantel de consultores de diferentes disciplinas profesionales, qui\u00e9nes garantizan los servicios que brindamos a las diferentes instituciones de desarrollo p\u00fablicas y privadas Ing\u00ba Jes\u00fas Castro&hellip; <\/p>\n","protected":false},"author":1,"featured_media":328,"comment_status":"closed","ping_status":"closed","sticky":false,"template":"","format":"standard","meta":{"footnotes":""},"categories":[13],"tags":[],"class_list":["post-43","post","type-post","status-publish","format-standard","has-post-thumbnail","hentry","category-redinfor"],"_links":{"self":[{"href":"https:\/\/redinfor.com.pe\/portal\/wp-json\/wp\/v2\/posts\/43","targetHints":{"allow":["GET"]}}],"collection":[{"href":"https:\/\/redinfor.com.pe\/portal\/wp-json\/wp\/v2\/posts"}],"about":[{"href":"https:\/\/redinfor.com.pe\/portal\/wp-json\/wp\/v2\/types\/post"}],"author":[{"embeddable":true,"href":"https:\/\/redinfor.com.pe\/portal\/wp-json\/wp\/v2\/users\/1"}],"replies":[{"embeddable":true,"href":"https:\/\/redinfor.com.pe\/portal\/wp-json\/wp\/v2\/comments?post=43"}],"version-history":[{"count":6,"href":"https:\/\/redinfor.com.pe\/portal\/wp-json\/wp\/v2\/posts\/43\/revisions"}],"predecessor-version":[{"id":359,"href":"https:\/\/redinfor.com.pe\/portal\/wp-json\/wp\/v2\/posts\/43\/revisions\/359"}],"wp:featuredmedia":[{"embeddable":true,"href":"https:\/\/redinfor.com.pe\/portal\/wp-json\/wp\/v2\/media\/328"}],"wp:attachment":[{"href":"https:\/\/redinfor.com.pe\/portal\/wp-json\/wp\/v2\/media?parent=43"}],"wp:term":[{"taxonomy":"category","embeddable":true,"href":"https:\/\/redinfor.com.pe\/portal\/wp-json\/wp\/v2\/categories?post=43"},{"taxonomy":"post_tag","embeddable":true,"href":"https:\/\/redinfor.com.pe\/portal\/wp-json\/wp\/v2\/tags?post=43"}],"curies":[{"name":"wp","href":"https:\/\/api.w.org\/{rel}","templated":true}]}}