{"id":51004,"date":"2026-02-17T13:10:44","date_gmt":"2026-02-17T18:10:44","guid":{"rendered":"https:\/\/redinfor.com.pe\/portal\/?p=51004"},"modified":"2026-02-17T13:10:47","modified_gmt":"2026-02-17T18:10:47","slug":"convocatoria-de-analista-jr-de-monitoreo-evaluacion-investigacion-y-aprendizaje-merl","status":"publish","type":"post","link":"https:\/\/redinfor.com.pe\/portal\/2026\/02\/17\/convocatoria-de-analista-jr-de-monitoreo-evaluacion-investigacion-y-aprendizaje-merl\/","title":{"rendered":"CONVOCATORIA DE ANALISTA JR. DE MONITOREO, EVALUACI\u00d3N, INVESTIGACI\u00d3N Y APRENDIZAJE (MERL)"},"content":{"rendered":"\n<p class=\"has-text-align-center has-medium-font-size\"><strong>CONVOCATORIA DE ANALISTA JR. DE MONITOREO, EVALUACI\u00d3N, INVESTIGACI\u00d3N Y APRENDIZAJE (MERL)<\/strong><\/p>\n\n\n\n<p><strong>Acerca de la posici\u00f3n<\/strong><br>En <strong>IJM Per\u00fa<\/strong> buscamos un\/a <strong>Analista Jr. MERL<\/strong>, quien ser\u00e1 responsable de fortalecer la ejecuci\u00f3n de los procesos de monitoreo, evaluaci\u00f3n, investigaci\u00f3n y aprendizaje, a trav\u00e9s del an\u00e1lisis sistem\u00e1tico de datos, la conciliaci\u00f3n de informaci\u00f3n proveniente de diversos sistemas y la generaci\u00f3n de hallazgos accionables.<\/p>\n\n\n\n<p>Este rol contribuye a la implementaci\u00f3n del programa mediante el aseguramiento de la calidad, consistencia y uso \u00e9tico de la informaci\u00f3n, as\u00ed como la elaboraci\u00f3n y difusi\u00f3n oportuna de productos de aprendizaje que respalden la toma de decisiones estrat\u00e9gicas y operativas, alineadas con los objetivos organizacionales.<\/p>\n\n\n\n<p><strong>Responsabilidades principales<\/strong><\/p>\n\n\n\n<ol start=\"1\" class=\"wp-block-list\">\n<li><strong>Manejo de la Complejidad: <\/strong>Integra y analiza informaci\u00f3n cuantitativa y cualitativa proveniente de m\u00faltiples fuentes, identificando patrones, inconsistencias y oportunidades de mejora.<\/li>\n<\/ol>\n\n\n\n<ol start=\"2\" class=\"wp-block-list\">\n<li><strong>Calidad de las Decisiones: <\/strong>Utiliza evidencia s\u00f3lida y criterios anal\u00edticos rigurosos para generar hallazgos confiables que respalden decisiones estrat\u00e9gicas y operativas.<\/li>\n<\/ol>\n\n\n\n<ol start=\"3\" class=\"wp-block-list\">\n<li><strong>Enfoque Estrat\u00e9gico: <\/strong>Anticipa necesidades de informaci\u00f3n y conecta datos con objetivos institucionales, contribuyendo a la mejora continua del programa.<\/li>\n<\/ol>\n\n\n\n<ol start=\"4\" class=\"wp-block-list\">\n<li><strong>Comunicaci\u00f3n Efectiva: <\/strong>Traduce datos t\u00e9cnicos en mensajes claros, comprensibles y accionables para diversos p\u00fablicos internos y externos.<\/li>\n<\/ol>\n\n\n\n<ol start=\"5\" class=\"wp-block-list\">\n<li><strong>Accountability (Resultados): <\/strong>Garantiza precisi\u00f3n, coherencia y cumplimiento de est\u00e1ndares \u00e9ticos en la gesti\u00f3n y reporte de informaci\u00f3n.<\/li>\n<\/ol>\n\n\n\n<ol start=\"6\" class=\"wp-block-list\">\n<li><strong>Genera Confianza (S\u00ed Mismo): <\/strong>Act\u00faa con integridad, confidencialidad y profesionalismo en el manejo de informaci\u00f3n sensible y en la presentaci\u00f3n de resultados.<\/li>\n<\/ol>\n\n\n\n<ol start=\"7\" class=\"wp-block-list\">\n<li><strong>Trabajo de oficina y Administraci\u00f3n<\/strong> Organiza y da seguimiento a procesos, documentaci\u00f3n y actividades del \u00e1rea MERL, asegurando orden, precisi\u00f3n y cumplimiento de plazos en apoyo a la implementaci\u00f3n del programa.<\/li>\n<\/ol>\n\n\n\n<p><strong>Otras responsabilidades: <\/strong>Esta descripci\u00f3n de puesto no pretende ser exhaustiva. Las funciones y responsabilidades podr\u00e1n modificarse en cualquier momento de acuerdo con las necesidades organizacionales. Se podr\u00e1 requerir la ejecuci\u00f3n de otras tareas afines asignadas por la jefatura.<\/p>\n\n\n\n<p class=\"has-text-align-center\"><a href=\"https:\/\/redinfor.com.pe\/portal\/2019\/04\/24\/monitoreo-y-evaluacion-de-programas-y-proyectos-sociales\/\" target=\"_blank\" rel=\"noreferrer noopener\"><img decoding=\"async\" src=\" https:\/\/www.redinfor.com.pe\/Avisos\/MEPPS\/MEPPS_advisor.jpg \"><\/a><\/p>\n\n\n\n<p><strong>Requisitos:<\/strong><\/p>\n\n\n\n<ul class=\"wp-block-list\">\n<li>Formaci\u00f3n profesional en Ciencias Sociales, Sociolog\u00eda, Econom\u00eda, Psicolog\u00eda, Trabajo Social, Gesti\u00f3n Social, Estad\u00edstica, Pol\u00edticas P\u00fablicas o carreras afines.<\/li>\n\n\n\n<li>Experiencia m\u00ednima de 1 a 2 a\u00f1os en funciones vinculadas a Monitoreo, Evaluaci\u00f3n, Investigaci\u00f3n y\/o Aprendizaje (MERL), incluyendo recopilaci\u00f3n, an\u00e1lisis, conciliaci\u00f3n e interpretaci\u00f3n de datos cuantitativos y cualitativos.<\/li>\n\n\n\n<li>Dominio de m\u00e9todos cuantitativos y cualitativos aplicados al monitoreo y aprendizaje, as\u00ed como experiencia en la organizaci\u00f3n, gesti\u00f3n y aseguramiento de calidad de bases de datos, paneles y sistemas de reporte.<\/li>\n\n\n\n<li>Manejo avanzado de Excel y experiencia en limpieza, validaci\u00f3n y control de calidad de informaci\u00f3n.<\/li>\n\n\n\n<li>Experiencia brindando acompa\u00f1amiento t\u00e9cnico a equipos internos o socios estrat\u00e9gicos en el uso de datos, herramientas de seguimiento, protocolos y est\u00e1ndares de gesti\u00f3n de informaci\u00f3n.<\/li>\n\n\n\n<li>Deseable experiencia en programas sociales, sistema de justicia, seguridad ciudadana, sector p\u00fablico u organizaciones sin fines de lucro.<\/li>\n<\/ul>\n\n\n\n<p><strong>Competencias:<\/strong><\/p>\n\n\n\n<ul class=\"wp-block-list\">\n<li>Capacidad para identificar tendencias e interpretar resultados.<\/li>\n\n\n\n<li>Planificaci\u00f3n y anticipaci\u00f3n de necesidades.<\/li>\n\n\n\n<li>Atenci\u00f3n al detalle.<\/li>\n\n\n\n<li>Pensamiento anal\u00edtico.<\/li>\n\n\n\n<li>Orientaci\u00f3n a resultados.<\/li>\n<\/ul>\n\n\n\n<p><strong>Informaci\u00f3n Adicional\u00a0<\/strong><br>Esta posici\u00f3n requiere viajar a regiones del Per\u00fa y ocasionalmente a Am\u00e9rica Latina, Estados Unidos u otros pa\u00edses, por lo tanto, requiere plena capacidad para viajar, incluido el cumplimiento de la pol\u00edtica interna de vacunaci\u00f3n para viajes y la capacidad para cumplir los requisitos de visado y viaje impuestos por diferentes pa\u00edses de la regi\u00f3n de Am\u00e9rica Latina, Estados Unidos, Canad\u00e1 y otros.\u00a0\u00a0<\/p>\n\n\n\n<p><strong>Aplicaci\u00f3n:<\/strong>\u00a0<br>Por favor enviar una Carta de Aplicaci\u00f3n explicando su inter\u00e9s de trabajar con IJM Per\u00fa (incluyendo su pretensi\u00f3n salarial) y su CV en un solo documento al correo: <a href=\"mailto:peru@ijm.org\">peru@ijm.org<\/a>\u00a0 hasta el 28 de febrero.<\/p>\n\n\n\n<p>En el asunto del correo, indicar el siguiente formato: <strong>Nombre del puesto al que postula \u2013 Nombre del candidato\/a<\/strong>.<\/p>\n\n\n\n<p><strong>IMPORTANTE:<\/strong>&nbsp;S\u00f3lo se contactar\u00e1 con aquellos candidatos que cumplan con los requisitos del puesto.&nbsp;<\/p>\n\n\n\n<p><em>IJM mantiene principios estrictos de salvaguarda y una tolerancia cero respecto a las violaciones de la Pol\u00edtica de Salvaguarda, la Pol\u00edtica e Protecci\u00f3n contra la Explotaci\u00f3n Sexual, el Abuso y el Acoso, y el C\u00f3digo de \u00c9tica. La selecci\u00f3n de candidatos se basa en criterios de competencia t\u00e9cnica, reclutamiento, selecci\u00f3n y contrataci\u00f3n sujetos a la evaluaci\u00f3n de la congruencia de los valores del candidato y a exhaustivos procesos de verificaci\u00f3n de antecedentes, r\u00e9cords policiales y referencias.&nbsp;<\/em>&nbsp;<\/p>\n\n\n\n<p class=\"has-text-align-center\"><a href=\"https:\/\/redinfor.com.pe\/portal\/2019\/11\/06\/diseno-y-metodos-de-evaluacion-de-impacto\/\" target=\"_blank\" rel=\"noreferrer noopener\"><img decoding=\"async\" src=\" https:\/\/redinfor.com.pe\/Avisos\/DMEI\/DMEI_advisor_large.jpg \"><\/a><\/p>\n\n\n\n<p><\/p>\n","protected":false},"excerpt":{"rendered":"<p>CONVOCATORIA DE ANALISTA JR. DE MONITOREO, EVALUACI\u00d3N, INVESTIGACI\u00d3N Y APRENDIZAJE (MERL) Acerca de la posici\u00f3nEn IJM Per\u00fa buscamos un\/a Analista Jr. MERL, quien ser\u00e1 responsable de fortalecer la ejecuci\u00f3n de&hellip; <\/p>\n","protected":false},"author":1,"featured_media":29879,"comment_status":"closed","ping_status":"closed","sticky":false,"template":"","format":"standard","meta":{"footnotes":""},"categories":[406],"tags":[647,23,146,379,378,264,384,66,323,3923,3063,167,1487,111,65,35,436,36,82,476,440],"class_list":["post-51004","post","type-post","status-publish","format-standard","has-post-thumbnail","hentry","category-convoca_pub","tag-analista","tag-aprendizaje","tag-ciencias","tag-cualitativos","tag-cuantitativos","tag-economia","tag-estadistica","tag-evaluacion","tag-gestion","tag-ijm","tag-international-justice-mission","tag-investigacion","tag-junior","tag-metodos","tag-monitoreo","tag-politicas","tag-psicologia","tag-publicas","tag-sociales","tag-sociologia","tag-trabajo-social"],"_links":{"self":[{"href":"https:\/\/redinfor.com.pe\/portal\/wp-json\/wp\/v2\/posts\/51004","targetHints":{"allow":["GET"]}}],"collection":[{"href":"https:\/\/redinfor.com.pe\/portal\/wp-json\/wp\/v2\/posts"}],"about":[{"href":"https:\/\/redinfor.com.pe\/portal\/wp-json\/wp\/v2\/types\/post"}],"author":[{"embeddable":true,"href":"https:\/\/redinfor.com.pe\/portal\/wp-json\/wp\/v2\/users\/1"}],"replies":[{"embeddable":true,"href":"https:\/\/redinfor.com.pe\/portal\/wp-json\/wp\/v2\/comments?post=51004"}],"version-history":[{"count":1,"href":"https:\/\/redinfor.com.pe\/portal\/wp-json\/wp\/v2\/posts\/51004\/revisions"}],"predecessor-version":[{"id":51007,"href":"https:\/\/redinfor.com.pe\/portal\/wp-json\/wp\/v2\/posts\/51004\/revisions\/51007"}],"wp:featuredmedia":[{"embeddable":true,"href":"https:\/\/redinfor.com.pe\/portal\/wp-json\/wp\/v2\/media\/29879"}],"wp:attachment":[{"href":"https:\/\/redinfor.com.pe\/portal\/wp-json\/wp\/v2\/media?parent=51004"}],"wp:term":[{"taxonomy":"category","embeddable":true,"href":"https:\/\/redinfor.com.pe\/portal\/wp-json\/wp\/v2\/categories?post=51004"},{"taxonomy":"post_tag","embeddable":true,"href":"https:\/\/redinfor.com.pe\/portal\/wp-json\/wp\/v2\/tags?post=51004"}],"curies":[{"name":"wp","href":"https:\/\/api.w.org\/{rel}","templated":true}]}}