{"id":51059,"date":"2026-02-18T15:56:34","date_gmt":"2026-02-18T20:56:34","guid":{"rendered":"https:\/\/redinfor.com.pe\/portal\/?p=51059"},"modified":"2026-02-18T15:56:36","modified_gmt":"2026-02-18T20:56:36","slug":"convocatoria-de-especialista-de-soporte-a-la-agenda-de-la-mujer-indigena-de-gtaa-proyecto-blf-andes-amazonico-en-peru","status":"publish","type":"post","link":"https:\/\/redinfor.com.pe\/portal\/2026\/02\/18\/convocatoria-de-especialista-de-soporte-a-la-agenda-de-la-mujer-indigena-de-gtaa-proyecto-blf-andes-amazonico-en-peru\/","title":{"rendered":"CONVOCATORIA DE ESPECIALISTA DE SOPORTE A LA AGENDA DE LA MUJER IND\u00cdGENA DE GTAA &#8211; PROYECTO BLF ANDES AMAZ\u00d3NICO EN PER\u00da"},"content":{"rendered":"\n<p class=\"has-text-align-center has-medium-font-size\"><strong><u>CONVOCATORIA DE ESPECIALISTA DE SOPORTE A LA AGENDA DE LA MUJER IND\u00cdGENA DE GTAA &#8211; PROYECTO BLF ANDES AMAZ\u00d3NICO EN PER\u00da<\/u><\/strong><\/p>\n\n\n\n<p><strong>OBJETIVO DEL SERVICIO<\/strong><br>Brindar asistencia t\u00e9cnica al \u00c1rea de Mujer Ind\u00edgena del GTAA, para fortalecer su gesti\u00f3n organizativa, pol\u00edtica y t\u00e9cnica, y apoyar la implementaci\u00f3n de acciones estrat\u00e9gicas con especial \u00e9nfasis en las provincias de Condorcanqui, Bagua y el \u00e1mbito de intervenci\u00f3n del GTAA.<\/p>\n\n\n\n<p>Considerando el alcance de la l\u00ednea estrat\u00e9gica 2 del proyecto, que busca el fortalecimiento de las organizaciones ind\u00edgenas del paisaje, se espera un trabajo articulado que complemente y apoye la implementaci\u00f3n de las dem\u00e1s l\u00edneas estrat\u00e9gicas del proyecto (con \u00e9nfasis en la l\u00ednea estrat\u00e9gica 3), considerando tanto los niveles de gobernanza de las organizaciones ind\u00edgenas como la articulaci\u00f3n nacional.<\/p>\n\n\n\n<p><strong>REQUERIMIENTOS SOBRE EL PROVEEDOR DEL SERVICIO &#8211; PERFIL DEL\/LA ESPECIALISTA:<\/strong><\/p>\n\n\n\n<p><strong>Experiencia (1)<\/strong><\/p>\n\n\n\n<ul class=\"wp-block-list\">\n<li>Conocimiento y experiencia destacada en derechos de los pueblos y nacionalidades, equidad e inclusi\u00f3n de las mujeres en la jurisdicci\u00f3n territorial del GTAA. Con un m\u00ednimo de 3 a\u00f1os de experiencia general.<\/li>\n\n\n\n<li>Capacidad y\/o experiencia previa de trabajo o participaci\u00f3n en procesos y estructuras organizativas a nivel territorial del GTAA.<\/li>\n<\/ul>\n\n\n\n<p class=\"has-text-align-center\"><a href=\"https:\/\/redinfor.com.pe\/portal\/2019\/04\/24\/transversalizacion-del-enfoque-de-genero-en-programas-y-proyectos-sociales\/\" target=\"_blank\" rel=\"noreferrer noopener\"><img decoding=\"async\" src=\" https:\/\/www.redinfor.com.pe\/Avisos\/TEGPPS\/TEGPPS_advisor.jpg \"><\/a><\/p>\n\n\n\n<p><strong>Competencias (2)<\/strong><\/p>\n\n\n\n<ul class=\"wp-block-list\">\n<li>Liderazgo, convocatoria e iniciativa de trabajo en el territorio<\/li>\n\n\n\n<li>Compromiso con los principios de desarrollo y la visi\u00f3n y misi\u00f3n del GTAA<\/li>\n<\/ul>\n\n\n\n<p><strong>Formaci\u00f3n Acad\u00e9mica, grado acad\u00e9mico y\/o nivel de estudios (3)<\/strong><\/p>\n\n\n\n<ul class=\"wp-block-list\">\n<li>M\u00ednimo egresada superior en ciencias sociales, ambientales, econ\u00f3micas, agron\u00f3micas, educaci\u00f3n o afines.<\/li>\n<\/ul>\n\n\n\n<p><strong>Cursos y\/o estudios de especializaci\u00f3n<\/strong><\/p>\n\n\n\n<ul class=\"wp-block-list\">\n<li>Se valorar\u00e1 capacitaci\u00f3n, en Derechos Ind\u00edgenas, G\u00e9nero, Econom\u00eda ind\u00edgena, Desarrollo sostenible, Emprendimientos<\/li>\n<\/ul>\n\n\n\n<p><strong>Conocimientos para el puesto y\/o cargo: m\u00ednimos o indispensables (4) y deseables (5)<\/strong><\/p>\n\n\n\n<ul class=\"wp-block-list\">\n<li>Conocimiento, comprensi\u00f3n y experiencia en procesos organizativos con \u00e9nfasis en mujer ind\u00edgena.<\/li>\n\n\n\n<li>Deseable dominio de la lengua materna awaj\u00fan y espa\u00f1ol.<\/li>\n\n\n\n<li>Muy buen conocimiento de la realidad de la del pueblo awaj\u00fan con \u00e9nfasis en el territorio del GTAA<\/li>\n<\/ul>\n\n\n\n<p class=\"has-text-align-center\" style=\"font-size:30px\"><strong><a href=\"https:\/\/drive.google.com\/file\/d\/1s3JhEk3qwJ1NKtUJzKWCcmFD1x1wdUP-\/view?usp=sharing\" target=\"_blank\" rel=\"noreferrer noopener\">VER T\u00c9RMINOS DE REFERENCIA<\/a><\/strong><\/p>\n\n\n\n<p><strong>PROCESO DE CONVOCATORIA Y SELECCI\u00d3N<\/strong><\/p>\n\n\n\n<ul class=\"wp-block-list\">\n<li>Publicaci\u00f3n: 18 de febrero del 2026<\/li>\n\n\n\n<li>Convocatoria: 18 al 21 de febrero del 2026<\/li>\n\n\n\n<li>Entrevistas: 24 de febrero del 2026<\/li>\n\n\n\n<li>Selecci\u00f3n y buena pro del consultor: 24 de febrero del 2026<\/li>\n\n\n\n<li>Inicio del contrato 25 de febrero 2026<\/li>\n<\/ul>\n\n\n\n<p>Las personas interesadas en la convocatoria y que cumplan con los requerimientos solicitados deber\u00e1n enviar su CV y propuesta t\u00e9cnica a todo costo en soles al correo de <a href=\"mailto:aidesep@aidesep.net.pe\">aidesep@aidesep.net.pe<\/a> &nbsp;con el asunto \u201cEspecialista Agenda Mujer GTAA\u201d hasta el 20 de febrero del 2026.<\/p>\n\n\n\n<p class=\"has-text-align-center\"><a href=\"https:\/\/redinfor.com.pe\/portal\/2019\/04\/24\/metodologias-de-capacitacion-para-poblaciones-rurales\/\" target=\"_blank\" rel=\"noreferrer noopener\"><img decoding=\"async\" src=\" https:\/\/redinfor.com.pe\/Avisos\/MCPR\/MCPR_advisor_large.jpg \"><\/a><\/p>\n","protected":false},"excerpt":{"rendered":"<p>CONVOCATORIA DE ESPECIALISTA DE SOPORTE A LA AGENDA DE LA MUJER IND\u00cdGENA DE GTAA &#8211; PROYECTO BLF ANDES AMAZ\u00d3NICO EN PER\u00da OBJETIVO DEL SERVICIOBrindar asistencia t\u00e9cnica al \u00c1rea de Mujer&hellip; <\/p>\n","protected":false},"author":1,"featured_media":30829,"comment_status":"closed","ping_status":"closed","sticky":false,"template":"","format":"standard","meta":{"footnotes":""},"categories":[406],"tags":[3237,5074,3555,1697,538,223,116,90,264,427,160,144,117,165,4361,76,1131,964,720],"class_list":["post-51059","post","type-post","status-publish","format-standard","has-post-thumbnail","hentry","category-convoca_pub","tag-agenda","tag-agronomicas","tag-aidesep","tag-amazonico","tag-ambientales","tag-andes","tag-ciencias-sociales","tag-desarrollo","tag-economia","tag-especialista","tag-indigena","tag-liderazgo","tag-mujer","tag-mujeres","tag-nacionalidades","tag-participacion","tag-procesos","tag-soporte","tag-territorial"],"_links":{"self":[{"href":"https:\/\/redinfor.com.pe\/portal\/wp-json\/wp\/v2\/posts\/51059","targetHints":{"allow":["GET"]}}],"collection":[{"href":"https:\/\/redinfor.com.pe\/portal\/wp-json\/wp\/v2\/posts"}],"about":[{"href":"https:\/\/redinfor.com.pe\/portal\/wp-json\/wp\/v2\/types\/post"}],"author":[{"embeddable":true,"href":"https:\/\/redinfor.com.pe\/portal\/wp-json\/wp\/v2\/users\/1"}],"replies":[{"embeddable":true,"href":"https:\/\/redinfor.com.pe\/portal\/wp-json\/wp\/v2\/comments?post=51059"}],"version-history":[{"count":1,"href":"https:\/\/redinfor.com.pe\/portal\/wp-json\/wp\/v2\/posts\/51059\/revisions"}],"predecessor-version":[{"id":51060,"href":"https:\/\/redinfor.com.pe\/portal\/wp-json\/wp\/v2\/posts\/51059\/revisions\/51060"}],"wp:featuredmedia":[{"embeddable":true,"href":"https:\/\/redinfor.com.pe\/portal\/wp-json\/wp\/v2\/media\/30829"}],"wp:attachment":[{"href":"https:\/\/redinfor.com.pe\/portal\/wp-json\/wp\/v2\/media?parent=51059"}],"wp:term":[{"taxonomy":"category","embeddable":true,"href":"https:\/\/redinfor.com.pe\/portal\/wp-json\/wp\/v2\/categories?post=51059"},{"taxonomy":"post_tag","embeddable":true,"href":"https:\/\/redinfor.com.pe\/portal\/wp-json\/wp\/v2\/tags?post=51059"}],"curies":[{"name":"wp","href":"https:\/\/api.w.org\/{rel}","templated":true}]}}