{"id":51205,"date":"2026-02-23T18:24:18","date_gmt":"2026-02-23T23:24:18","guid":{"rendered":"https:\/\/redinfor.com.pe\/portal\/?p=51205"},"modified":"2026-02-23T18:24:20","modified_gmt":"2026-02-23T23:24:20","slug":"convocatoria-de-especialista-para-la-implementacion-de-dos-soluciones-basadas-en-la-naturaleza-sbn-del-programa-formativo-de-adolescentes-en-instituciones-educativas-del-distritos-amarilis-en-huanuc","status":"publish","type":"post","link":"https:\/\/redinfor.com.pe\/portal\/2026\/02\/23\/convocatoria-de-especialista-para-la-implementacion-de-dos-soluciones-basadas-en-la-naturaleza-sbn-del-programa-formativo-de-adolescentes-en-instituciones-educativas-del-distritos-amarilis-en-huanuc\/","title":{"rendered":"CONVOCATORIA DE ESPECIALISTA PARA LA IMPLEMENTACION DE DOS SOLUCIONES BASADAS EN LA NATURALEZA (SbN) DEL PROGRAMA FORMATIVO DE ADOLESCENTES EN INSTITUCIONES EDUCATIVAS DEL DISTRITOS AMARILIS EN HU\u00c1NUCO &#8211; PROYECTO \u201cGUARDIANAS DEL CAMBIO\u00bb"},"content":{"rendered":"\n<p class=\"has-text-align-center has-medium-font-size\"><strong>CONVOCATORIA DE ESPECIALISTA PARA LA IMPLEMENTACION DE DOS SOLUCIONES BASADAS EN LA NATURALEZA (SbN) DEL PROGRAMA FORMATIVO DE ADOLESCENTES EN INSTITUCIONES EDUCATIVAS DEL DISTRITOS AMARILIS EN HU\u00c1NUCO. &#8211; PROYECTO \u201cGUARDIANAS DEL CAMBIO\u00bb<\/strong><\/p>\n\n\n\n<p><strong>OBJETIVO DE LA CONSULTOR\u00cdA<\/strong><br>Dise\u00f1ar y asegurar la calidad en la implementaci\u00f3n de dos Soluciones basadas en la Naturaleza (SbN) del Programa Formativo \u201cSoluciones para vivir mejor\u201d en dos Instituciones Educativas en los distritos de Amarilis en Hu\u00e1nuco, como parte del Proyecto Guardianas del Cambio.<\/p>\n\n\n\n<p><strong>Objetivos Espec\u00edficos<\/strong><\/p>\n\n\n\n<ul class=\"wp-block-list\">\n<li>Dise\u00f1ar e implementar 2 Soluciones basadas en la Naturaleza en las Instituciones Educativas Cesar Vallejo y \u201cEl Amauta\u201d Jos\u00e9 Carlos Mariategui.<\/li>\n\n\n\n<li>Transferencia tecnol\u00f3gica en manejo de compostera y lombricultorio, manejo y control fitosanitario de biohuerto escolar, huerto de saberes tradionales dirigidos a profesor\/es\/as de las Instituciones Educativas Cesar Vallejo y \u201cEl Amauta\u201d Jos\u00e9 Carlos Mariategui.<\/li>\n<\/ul>\n\n\n\n<p><strong>PERFIL REQUERIDO<\/strong><\/p>\n\n\n\n<ul class=\"wp-block-list\">\n<li>Titulado en Ingenier\u00eda agron\u00f3mica, agropecuaria, agroindustrial, ambiental o forestal.<\/li>\n\n\n\n<li>Al menos 5 a\u00f1os de experiencia en implementaci\u00f3n de pr\u00e1cticas de agricultura sostenible, agrobiodiversidad, agricultura familiar con enfoque integral e inclusivo.<\/li>\n\n\n\n<li>Experiencia en implementaci\u00f3n de proyectos en articulaci\u00f3n con actores locales (instituciones p\u00fablicas, privadas, ONGs, academia).<\/li>\n\n\n\n<li>Conocimiento de la pol\u00edtica educativa y funcionamiento del sector p\u00fablico.<\/li>\n\n\n\n<li>Conocimiento sobre gesti\u00f3n ambiental y adaptaci\u00f3n al cambio clim\u00e1tico.<\/li>\n\n\n\n<li>Deseable conocimiento y experiencia sobre el enfoque de inclusi\u00f3n a personas con discapacidad \/ protecci\u00f3n social.<\/li>\n\n\n\n<li>Experiencia en implementaci\u00f3n de proyectos ambientales en la serran\u00eda peruana, de preferencia en la regi\u00f3n Hu\u00e1nuco.<\/li>\n\n\n\n<li>Pragmatismo, capacidad de adaptaci\u00f3n con agilidad.<\/li>\n\n\n\n<li>Comunicaci\u00f3n asertiva, oportuna, clara, concreta y transparente.<\/li>\n\n\n\n<li>Disponibilidad para laborar en el distrito de Amarilis, regi\u00f3n Hu\u00e1nuco.<\/li>\n<\/ul>\n\n\n\n<p class=\"has-text-align-center\" style=\"font-size:30px\"><strong><a href=\"https:\/\/drive.google.com\/file\/d\/1RlxxqJU18c1c-8JpMjKp-m6hZFdpFEvi\/view?usp=sharing\" target=\"_blank\" rel=\"noreferrer noopener\">VER T\u00c9RMINOS DE REFERENCIA<\/a><\/strong><\/p>\n\n\n\n<p><strong>COMO POSTULAR\u00a0<\/strong><br>EL\/La consultor\/a interesado\/a y que cumplan con los requisitos deber\u00e1n enviar la siguiente informaci\u00f3n:<\/p>\n\n\n\n<ul class=\"wp-block-list\">\n<li>Curr\u00edculo Vitae del postulante.<\/li>\n\n\n\n<li>Propuesta t\u00e9cnica \u2013 econ\u00f3mica<\/li>\n\n\n\n<li>Ficha RUC<\/li>\n\n\n\n<li>03 certificados de conformidad de servicios brindados y\/o Cartas de recomendaci\u00f3n y\/o datos de contacto de referencias.<\/li>\n<\/ul>\n\n\n\n<p><strong>CRONOGRAMA DE CONVOCATORIA<\/strong><\/p>\n\n\n\n<figure class=\"wp-block-table\"><table><tbody><tr><td><strong>ETAPA<\/strong><\/td><td><strong>FECHA<\/strong><\/td><\/tr><tr><td>Fecha de Publicaci\u00f3n de T\u00e9rminos de Referencia<\/td><td><strong>23 de febrero de 2026<\/strong>.<\/td><\/tr><tr><td>Consultas y dudas t\u00e9cnicas:<\/td><td><strong>03 al 05 de marzo de 2026<\/strong> <strong>*Las consultas y dudas deber\u00e1n ser env\u00edas al correo <\/strong><a href=\"mailto:licitaciones@peru.hi.org\"><strong>licitaciones@peru.hi.org<\/strong><\/a><strong>, indicando en el asunto del mensaje \u201cConsultas SBN-HCO\u201d, estas ser\u00e1n respondidas el 06 de marzo de 2026<\/strong><\/td><\/tr><tr><td>Fecha y hora m\u00e1xima para env\u00edo o entrega de los documentos para la postulaci\u00f3n<\/td><td><strong>08 de marzo de 2026 hasta las 24.00hr (hora de Lima)<\/strong> <strong>Al correo: <\/strong><a href=\"mailto:licitaciones@peru.hi.org\"><strong>licitaciones@peru.hi.org<\/strong><\/a> <strong>Asunto: Soluciones Basadas en Naturaleza Hu\u00e1nuco<\/strong><\/td><\/tr><tr><td>Revisi\u00f3n de propuestas<\/td><td><strong>09 y 10 de marzo de 2026<\/strong><\/td><\/tr><tr><td>Entrevista a postulantes seleccionados:<\/td><td><strong>11 de marzo de 2026<\/strong><\/td><\/tr><tr><td>Firma de contrato<\/td><td><strong>12 de marzo de 2026<\/strong><\/td><\/tr><\/tbody><\/table><\/figure>\n\n\n\n<ul start=\"3\" class=\"wp-block-list\">\n<li>HI otorgar\u00e1 al\/a proveedor seleccionado un plazo de dos (2) d\u00edas h\u00e1biles para la entrega de los documentos requeridos (respaldos de CV -documento de identidad- certificado bancario o constancia de titularidad de cuenta bancaria) para la suscripci\u00f3n de contrato.<\/li>\n\n\n\n<li>La propuesta deber\u00e1 tener una validez no menor a treinta (30) d\u00edas calendario.<\/li>\n\n\n\n<li>HI se reserva el derecho de cancelar el proceso de convocatoria de acuerdo con su necesidad o por decisiones internas de la Organizaci\u00f3n.<\/li>\n<\/ul>\n\n\n\n<p class=\"has-text-align-center\"><a href=\"https:\/\/redinfor.com.pe\/portal\/2019\/02\/20\/diseno-y-formulacion-de-proyectos-sociales\/\" target=\"_blank\" rel=\"noreferrer noopener\"><img decoding=\"async\" src=\"https:\/\/redinfor.com.pe\/Avisos\/DFPS\/DFPS_advisor_large.jpg\"><\/a><\/p>\n","protected":false},"excerpt":{"rendered":"<p>CONVOCATORIA DE ESPECIALISTA PARA LA IMPLEMENTACION DE DOS SOLUCIONES BASADAS EN LA NATURALEZA (SbN) DEL PROGRAMA FORMATIVO DE ADOLESCENTES EN INSTITUCIONES EDUCATIVAS DEL DISTRITOS AMARILIS EN HU\u00c1NUCO. &#8211; PROYECTO \u201cGUARDIANAS&hellip; <\/p>\n","protected":false},"author":1,"featured_media":9324,"comment_status":"closed","ping_status":"closed","sticky":false,"template":"","format":"standard","meta":{"footnotes":""},"categories":[406],"tags":[432,42,4956,3742,423,866,5325,455,400,427,475,1681,5148,417,1099,4990,456,425,1700,1562,245,244,1200,468,4145],"class_list":["post-51205","post","type-post","status-publish","format-standard","has-post-thumbnail","hentry","category-convoca_pub","tag-adolescentes","tag-agricultura","tag-agronoma","tag-agronomica","tag-agronomo","tag-agropecuaria","tag-amarilis","tag-ambiental","tag-educativas","tag-especialista","tag-forestal","tag-formativo","tag-guardianas-del-cambio","tag-huanuco","tag-humanity-inclusion","tag-ingeniera","tag-ingenieria","tag-ingeniero","tag-instituciones","tag-naturaleza","tag-programa","tag-proyecto","tag-soluciones","tag-sostenible","tag-unalm"],"_links":{"self":[{"href":"https:\/\/redinfor.com.pe\/portal\/wp-json\/wp\/v2\/posts\/51205","targetHints":{"allow":["GET"]}}],"collection":[{"href":"https:\/\/redinfor.com.pe\/portal\/wp-json\/wp\/v2\/posts"}],"about":[{"href":"https:\/\/redinfor.com.pe\/portal\/wp-json\/wp\/v2\/types\/post"}],"author":[{"embeddable":true,"href":"https:\/\/redinfor.com.pe\/portal\/wp-json\/wp\/v2\/users\/1"}],"replies":[{"embeddable":true,"href":"https:\/\/redinfor.com.pe\/portal\/wp-json\/wp\/v2\/comments?post=51205"}],"version-history":[{"count":1,"href":"https:\/\/redinfor.com.pe\/portal\/wp-json\/wp\/v2\/posts\/51205\/revisions"}],"predecessor-version":[{"id":51206,"href":"https:\/\/redinfor.com.pe\/portal\/wp-json\/wp\/v2\/posts\/51205\/revisions\/51206"}],"wp:featuredmedia":[{"embeddable":true,"href":"https:\/\/redinfor.com.pe\/portal\/wp-json\/wp\/v2\/media\/9324"}],"wp:attachment":[{"href":"https:\/\/redinfor.com.pe\/portal\/wp-json\/wp\/v2\/media?parent=51205"}],"wp:term":[{"taxonomy":"category","embeddable":true,"href":"https:\/\/redinfor.com.pe\/portal\/wp-json\/wp\/v2\/categories?post=51205"},{"taxonomy":"post_tag","embeddable":true,"href":"https:\/\/redinfor.com.pe\/portal\/wp-json\/wp\/v2\/tags?post=51205"}],"curies":[{"name":"wp","href":"https:\/\/api.w.org\/{rel}","templated":true}]}}