{"id":51211,"date":"2026-02-24T13:22:48","date_gmt":"2026-02-24T18:22:48","guid":{"rendered":"https:\/\/redinfor.com.pe\/portal\/?p=51211"},"modified":"2026-02-24T13:22:50","modified_gmt":"2026-02-24T18:22:50","slug":"consultoria-especializada-en-planes-de-participacion-de-las-partes-interesadas","status":"publish","type":"post","link":"https:\/\/redinfor.com.pe\/portal\/2026\/02\/24\/consultoria-especializada-en-planes-de-participacion-de-las-partes-interesadas\/","title":{"rendered":"CONSULTOR\u00cdA ESPECIALIZADA EN PLANES DE PARTICIPACI\u00d3N DE LAS PARTES INTERESADAS"},"content":{"rendered":"\n<p><strong>Objetivo general\u00a0<\/strong><br>Realizar una evaluaci\u00f3n de las partes interesadas que tenga en cuenta las caracter\u00edsticas de los\u00a0 beneficiarios, las barreras sociales, de g\u00e9nero y otras no econ\u00f3micas. Se elaborar\u00e1 un \u00abResumen\u00a0 de Consultas y Plan de Participaci\u00f3n de Partes Interesadas\u00bb alineado con la Pol\u00edtica Ambiental y\u00a0 Social revisada del FVC y los principios del Est\u00e1ndar de Desempe\u00f1o 1 de la Corporaci\u00f3n\u00a0Financiera Internacional (CFI). La evaluaci\u00f3n desarrollar\u00e1 recomendaciones sobre gobernanza,\u00a0 asociaci\u00f3n, formaci\u00f3n e inclusi\u00f3n financiera.\u00a0<\/p>\n\n\n\n<p><strong>Perfil de la consultor\u00eda\u00a0<\/strong><br>El desarrollo de esta consultor\u00eda ser\u00e1 ejecutado por una firma consultora que deber\u00e1 conformar\u00a0 un equipo de trabajo integrado como m\u00ednimo por tres especialistas con experiencia y\u00a0 conocimiento demostrado en los literales a, b y c, a continuaci\u00f3n:\u00a0\u00a0<\/p>\n\n\n\n<p class=\"has-text-align-center\"><a href=\"https:\/\/redinfor.com.pe\/portal\/2019\/04\/24\/monitoreo-y-evaluacion-de-programas-y-proyectos-sociales\/\" target=\"_blank\" rel=\"noreferrer noopener\"><img decoding=\"async\" src=\" https:\/\/www.redinfor.com.pe\/Avisos\/MEPPS\/MEPPS_advisor.jpg \"><\/a><\/p>\n\n\n\n<p><strong>Coordinador general\u00a0<\/strong><br>Un profesional senior responsable general de la coordinaci\u00f3n t\u00e9cnica de la consultor\u00eda y de toda\u00a0 la relaci\u00f3n con el contratista, con experiencia en la gesti\u00f3n de proyectos de extensi\u00f3n rural.\u00a0 Deseable contar con experiencia en procesos participativos para fortalecer las cadenas\u00a0 productivas.\u00a0<\/p>\n\n\n\n<p><strong>Especialista en fortalecimiento de capacidades\u00a0<\/strong><br>Al menos un profesional capacitado para trabajar con comunidades agr\u00edcolas familiares y\u00a0 familiarizado con escenarios de cambio clim\u00e1tico y estimaciones de emisiones de GEI; debe\u00a0 estar capacitado para moderar reuniones y talleres peque\u00f1os. Este profesional trabajar\u00e1\u00a0durante el tiempo necesario para identificar carencias, preparar planes de trabajo y demandas\u00a0 para actividades de desarrollo de capacidades que el proyecto resuelva.<\/p>\n\n\n\n<p class=\"has-text-align-center\" style=\"font-size:30px\"><strong><a href=\"https:\/\/drive.google.com\/file\/d\/1pslCI2Fn-QVt4yesqTo3tbn6xILHjm0C\/view?usp=sharing\" target=\"_blank\" rel=\"noreferrer noopener\">VER T\u00c9RMINOS DE REFERENCIA<\/a><\/strong><\/p>\n\n\n\n<p><strong>\u00a0Proceso de postulaci\u00f3n\u00a0\u00a0Las firmas consultoras nacionales e internacionales interesadas deber\u00e1n enviar sus propuestas\u00a0 hasta el d\u00eda 22 de marzo del 2026, al correo <a href=\"mailto:iica.pe@iica.int\">iica.pe@iica.int<\/a> \u00a0bajo el asunto \u201cConsultor\u00eda Planes\u00a0 de Participaci\u00f3n Partes Interesadas &#8211; PPF\u201d, luego de registrarse en el sistema en l\u00ednea de\u00a0 consultores del IICA en el enlace: <a href=\"http:\/\/apps.iica.int\/sico\/pages\/public\/login\" target=\"_blank\" rel=\"noreferrer noopener\">http:\/\/apps.iica.int\/sico\/pages\/public\/login<\/a>. \u00a0<\/strong><\/p>\n\n\n\n<p class=\"has-text-align-center\"><a href=\"https:\/\/redinfor.com.pe\/portal\/2019\/04\/24\/diseno-metodologico-de-lineas-de-base\/\" target=\"_blank\" rel=\"noreferrer noopener\"><img decoding=\"async\" src=\" https:\/\/redinfor.com.pe\/Avisos\/DMLB\/DMLB_advisor_large.jpg \"><\/a><\/p>\n","protected":false},"excerpt":{"rendered":"<p>Objetivo general\u00a0Realizar una evaluaci\u00f3n de las partes interesadas que tenga en cuenta las caracter\u00edsticas de los\u00a0 beneficiarios, las barreras sociales, de g\u00e9nero y otras no econ\u00f3micas. Se elaborar\u00e1 un \u00abResumen\u00a0&hellip; <\/p>\n","protected":false},"author":3,"featured_media":3301,"comment_status":"closed","ping_status":"closed","sticky":false,"template":"","format":"standard","meta":{"footnotes":""},"categories":[406],"tags":[139,455,437,90,66,53,323,253,456,425,141,67],"class_list":["post-51211","post","type-post","status-publish","format-standard","has-post-thumbnail","hentry","category-convoca_pub","tag-administracion","tag-ambiental","tag-comunicacion","tag-desarrollo","tag-evaluacion","tag-genero","tag-gestion","tag-gobernanza","tag-ingenieria","tag-ingeniero","tag-programas","tag-proyectos"],"_links":{"self":[{"href":"https:\/\/redinfor.com.pe\/portal\/wp-json\/wp\/v2\/posts\/51211","targetHints":{"allow":["GET"]}}],"collection":[{"href":"https:\/\/redinfor.com.pe\/portal\/wp-json\/wp\/v2\/posts"}],"about":[{"href":"https:\/\/redinfor.com.pe\/portal\/wp-json\/wp\/v2\/types\/post"}],"author":[{"embeddable":true,"href":"https:\/\/redinfor.com.pe\/portal\/wp-json\/wp\/v2\/users\/3"}],"replies":[{"embeddable":true,"href":"https:\/\/redinfor.com.pe\/portal\/wp-json\/wp\/v2\/comments?post=51211"}],"version-history":[{"count":1,"href":"https:\/\/redinfor.com.pe\/portal\/wp-json\/wp\/v2\/posts\/51211\/revisions"}],"predecessor-version":[{"id":51212,"href":"https:\/\/redinfor.com.pe\/portal\/wp-json\/wp\/v2\/posts\/51211\/revisions\/51212"}],"wp:featuredmedia":[{"embeddable":true,"href":"https:\/\/redinfor.com.pe\/portal\/wp-json\/wp\/v2\/media\/3301"}],"wp:attachment":[{"href":"https:\/\/redinfor.com.pe\/portal\/wp-json\/wp\/v2\/media?parent=51211"}],"wp:term":[{"taxonomy":"category","embeddable":true,"href":"https:\/\/redinfor.com.pe\/portal\/wp-json\/wp\/v2\/categories?post=51211"},{"taxonomy":"post_tag","embeddable":true,"href":"https:\/\/redinfor.com.pe\/portal\/wp-json\/wp\/v2\/tags?post=51211"}],"curies":[{"name":"wp","href":"https:\/\/api.w.org\/{rel}","templated":true}]}}