{"id":51433,"date":"2026-03-04T14:02:08","date_gmt":"2026-03-04T19:02:08","guid":{"rendered":"https:\/\/redinfor.com.pe\/portal\/?p=51433"},"modified":"2026-03-04T14:02:11","modified_gmt":"2026-03-04T19:02:11","slug":"convocatoria-de-promotor-local-en-la-zona-de-ollantaytambo-cusco","status":"publish","type":"post","link":"https:\/\/redinfor.com.pe\/portal\/2026\/03\/04\/convocatoria-de-promotor-local-en-la-zona-de-ollantaytambo-cusco\/","title":{"rendered":"CONVOCATORIA DE PROMOTOR LOCAL EN LA ZONA DE OLLANTAYTAMBO &#8211; CUSCO"},"content":{"rendered":"\n<p><strong>OBJETO DEL SERVICIO\u00a0<\/strong><br>Brindar acompa\u00f1amiento t\u00e9cnico, pedag\u00f3gico y operativo a las Instituciones Educativas de Ollantaytambo,\u00a0 Huilloc y Patacancha para la adecuada implementaci\u00f3n y fortalecimiento de la metodolog\u00eda TiNi durante el a\u00f1o\u00a0 2026, en el marco del proyecto desarrollado por ANIA en alianza con Help Peru.<\/p>\n\n\n\n<p><strong>PERFIL DEL CONSULTOR&nbsp;<\/strong><\/p>\n\n\n\n<ul class=\"wp-block-list\">\n<li>Bachiller universitario \/ t\u00e9cnico en educaci\u00f3n, psicolog\u00eda, ingenier\u00eda ambiental\/forestal\/agr\u00f3noma o carreras\u00a0 afines\u00a0\u00a0<\/li>\n\n\n\n<li>M\u00ednimo de un a\u00f1o en el sector p\u00fablico o privado, desempe\u00f1ando funciones relacionadas al trabajo con ni\u00f1os\u00a0 y\/o en temas ambientales.\u00a0<\/li>\n\n\n\n<li>De preferencia tener dominio del quechua.\u00a0<\/li>\n<\/ul>\n\n\n\n<p class=\"has-text-align-center\"><a href=\"https:\/\/redinfor.com.pe\/portal\/2019\/02\/20\/diseno-y-formulacion-de-proyectos-sociales\/\" target=\"_blank\" rel=\"noreferrer noopener\"><img decoding=\"async\" src=\"https:\/\/www.redinfor.com.pe\/Avisos\/DFPS\/DFPS_advisor.jpg\"><\/a><\/p>\n\n\n\n<p><strong>Habilidades y competencias:\u00a0<\/strong><\/p>\n\n\n\n<ul class=\"wp-block-list\">\n<li>Tener amor y carisma por el trabajo con ni\u00f1os y la naturaleza&nbsp;<\/li>\n\n\n\n<li>Vocaci\u00f3n de servicio&nbsp;<\/li>\n\n\n\n<li>Trabajo en equipo&nbsp;<\/li>\n\n\n\n<li>Responsabilidad y puntualidad&nbsp;<\/li>\n\n\n\n<li>Organizaci\u00f3n y capacidad adaptativa&nbsp;<\/li>\n\n\n\n<li>Capacidad de comunicaci\u00f3n y proactiva&nbsp;<\/li>\n\n\n\n<li>Comprender la problem\u00e1tica social, econ\u00f3mica, cultural y ecol\u00f3gica de la comunidad<\/li>\n\n\n\n<li>Enfoque intercultural.\u00a0<\/li>\n\n\n\n<li>Respeto por saberes locales.<\/li>\n<\/ul>\n\n\n\n<p class=\"has-text-align-center\" style=\"font-size:30px\"><strong><a href=\"https:\/\/drive.google.com\/file\/d\/1_3VC9j2url0cbxyY3Y9qvXoBp4c5YjMD\/view?usp=sharing\" target=\"_blank\" rel=\"noreferrer noopener\">VER T\u00c9RMINOS DE REFERENCIA<\/a><\/strong><\/p>\n\n\n\n<p><strong>PRESENTACI\u00d3N DE CURR\u00cdCULUM VITAE Y PRETENSI\u00d3N SALARIAL\u00a0<\/strong><br>La persona natural o jur\u00eddica interesada deber\u00e1 remitir el curr\u00edculum vitae del profesional propuesto, as\u00ed como\u00a0 su pretensi\u00f3n salarial mensual (expresada en soles e incluyendo todos los impuestos), <strong>al correo electr\u00f3nico\u00a0 <a href=\"mailto:info@aniaorg.pe\">info@aniaorg.pe<\/a> \u00a0hasta el lunes 30 de marzo de 2026 (23:59 horas, hora Per\u00fa).<\/strong><\/p>\n\n\n\n<p class=\"has-text-align-center\"><a href=\"https:\/\/redinfor.com.pe\/portal\/2019\/04\/24\/metodologias-de-capacitacion-para-poblaciones-rurales\/\" target=\"_blank\" rel=\"noreferrer noopener\"><img decoding=\"async\" src=\" https:\/\/redinfor.com.pe\/Avisos\/MCPR\/MCPR_advisor_large.jpg \"><\/a><\/p>\n\n\n\n<p><\/p>\n","protected":false},"excerpt":{"rendered":"<p>OBJETO DEL SERVICIO\u00a0Brindar acompa\u00f1amiento t\u00e9cnico, pedag\u00f3gico y operativo a las Instituciones Educativas de Ollantaytambo,\u00a0 Huilloc y Patacancha para la adecuada implementaci\u00f3n y fortalecimiento de la metodolog\u00eda TiNi durante el a\u00f1o\u00a0&hellip; <\/p>\n","protected":false},"author":3,"featured_media":46398,"comment_status":"closed","ping_status":"closed","sticky":false,"template":"","format":"standard","meta":{"footnotes":""},"categories":[406],"tags":[139,455,437,90,66,53,323,799,456,425,134,141,862,67],"class_list":["post-51433","post","type-post","status-publish","format-standard","has-post-thumbnail","hentry","category-convoca_pub","tag-administracion","tag-ambiental","tag-comunicacion","tag-desarrollo","tag-evaluacion","tag-genero","tag-gestion","tag-implementacion","tag-ingenieria","tag-ingeniero","tag-pedagogia","tag-programas","tag-promotor","tag-proyectos"],"_links":{"self":[{"href":"https:\/\/redinfor.com.pe\/portal\/wp-json\/wp\/v2\/posts\/51433","targetHints":{"allow":["GET"]}}],"collection":[{"href":"https:\/\/redinfor.com.pe\/portal\/wp-json\/wp\/v2\/posts"}],"about":[{"href":"https:\/\/redinfor.com.pe\/portal\/wp-json\/wp\/v2\/types\/post"}],"author":[{"embeddable":true,"href":"https:\/\/redinfor.com.pe\/portal\/wp-json\/wp\/v2\/users\/3"}],"replies":[{"embeddable":true,"href":"https:\/\/redinfor.com.pe\/portal\/wp-json\/wp\/v2\/comments?post=51433"}],"version-history":[{"count":1,"href":"https:\/\/redinfor.com.pe\/portal\/wp-json\/wp\/v2\/posts\/51433\/revisions"}],"predecessor-version":[{"id":51435,"href":"https:\/\/redinfor.com.pe\/portal\/wp-json\/wp\/v2\/posts\/51433\/revisions\/51435"}],"wp:featuredmedia":[{"embeddable":true,"href":"https:\/\/redinfor.com.pe\/portal\/wp-json\/wp\/v2\/media\/46398"}],"wp:attachment":[{"href":"https:\/\/redinfor.com.pe\/portal\/wp-json\/wp\/v2\/media?parent=51433"}],"wp:term":[{"taxonomy":"category","embeddable":true,"href":"https:\/\/redinfor.com.pe\/portal\/wp-json\/wp\/v2\/categories?post=51433"},{"taxonomy":"post_tag","embeddable":true,"href":"https:\/\/redinfor.com.pe\/portal\/wp-json\/wp\/v2\/tags?post=51433"}],"curies":[{"name":"wp","href":"https:\/\/api.w.org\/{rel}","templated":true}]}}