{"id":51450,"date":"2026-03-04T17:33:38","date_gmt":"2026-03-04T22:33:38","guid":{"rendered":"https:\/\/redinfor.com.pe\/portal\/?p=51450"},"modified":"2026-03-04T17:33:40","modified_gmt":"2026-03-04T22:33:40","slug":"consultoria-para-el-diseno-sistematizacion-y-formacion-en-stem","status":"publish","type":"post","link":"https:\/\/redinfor.com.pe\/portal\/2026\/03\/04\/consultoria-para-el-diseno-sistematizacion-y-formacion-en-stem\/","title":{"rendered":"CONSULTOR\u00cdA PARA EL DISE\u00d1O, SISTEMATIZACI\u00d3N Y FORMACI\u00d3N EN STEM"},"content":{"rendered":"\n<p class=\"has-text-align-center has-medium-font-size\"><strong>CONSULTOR\u00cdA PARA EL DISE\u00d1O, SISTEMATIZACI\u00d3N Y FORMACI\u00d3N EN STEM<\/strong><\/p>\n\n\n\n<p><strong>OBJETIVOS<\/strong><br>Liderar estrat\u00e9gicamente la arquitectura pedag\u00f3gica, el aseguramiento de la calidad t\u00e9cnica y la ejecuci\u00f3n formativa del proyecto Ecosistema STEM+G: \u201cHuancavelica, semillero de innovaci\u00f3n y equidad\u201d. El ocupante del puesto es el m\u00e1ximo responsable de dise\u00f1ar los itinerarios de aprendizaje, garantizar la excelencia t\u00e9cnica en la implementaci\u00f3n, impartir la formaci\u00f3n especializada en Tecnolog\u00eda y Matem\u00e1tica, y convertir los datos de campo en conocimiento sistematizado que evidencie el impacto del programa con enfoques de g\u00e9nero e interculturalidad.<\/p>\n\n\n\n<p><strong>PERFIL DEL CONSULTOR<\/strong><\/p>\n\n\n\n<ul class=\"wp-block-list\">\n<li>Profesional en Educaci\u00f3n, Ingenier\u00eda, Ciencias, Tecnolog\u00eda, Matem\u00e1tica o carreras afines.<\/li>\n\n\n\n<li>Deseable especializaci\u00f3n o estudios de posgrado en educaci\u00f3n STEM, innovaci\u00f3n educativa, tecnolog\u00eda educativa o \u00e1reas relacionadas<\/li>\n\n\n\n<li>Experiencia comprobada en dise\u00f1o e implementaci\u00f3n de programas educativos vinculados a STEM o STEAM.<\/li>\n\n\n\n<li>Experiencia en capacitaci\u00f3n docente y desarrollo de metodolog\u00edas activas de aprendizaje.<\/li>\n\n\n\n<li>Experiencia en sistematizaci\u00f3n de experiencias educativas y elaboraci\u00f3n de informes t\u00e9cnicos.<\/li>\n\n\n\n<li>Deseable experiencia en proyectos con enfoque de g\u00e9nero, innovaci\u00f3n educativa o educaci\u00f3n en contextos rurales.<\/li>\n<\/ul>\n\n\n\n<p class=\"has-text-align-center\" style=\"font-size:30px\"><strong><a href=\"https:\/\/drive.google.com\/file\/d\/1hN74P6SowtRMPSal_ESx0lvMkyZLrKA_\/view?usp=sharing\" target=\"_blank\" rel=\"noreferrer noopener\">VER T\u00c9RMINOS DE REFERENCIA<\/a><\/strong><\/p>\n\n\n\n<p><strong>REQUISITOS PARA LA POSTULACI\u00d3N:<\/strong><\/p>\n\n\n\n<ul class=\"wp-block-list\">\n<li><strong>CV o Brochure descriptivo documentado<\/strong><\/li>\n\n\n\n<li><strong>Propuesta econ\u00f3mica y t\u00e9cnica detallada<\/strong><\/li>\n\n\n\n<li><strong>Documentaci\u00f3n legal y administrativa (RUC, DNI, documentos de representaci\u00f3n legal si aplica).<\/strong><\/li>\n<\/ul>\n\n\n\n<p><strong>Los interesados deber\u00e1n enviar sus propuestas econ\u00f3micas considerando la informaci\u00f3n de contacto en el documento adjunto,&nbsp;hasta el 18 de MARZO del 2026, 14:00 P.M.&nbsp;con el asunto: DISE\u00d1O, SISTEMATIZACI\u00d3N Y FORMACI\u00d3N EN STEM<\/strong><\/p>\n\n\n\n<p class=\"has-text-align-center\"><a href=\"https:\/\/redinfor.com.pe\/portal\/2019\/04\/24\/sistematizacion-de-experiencias-de-programas-y-proyectos-sociales\/\" target=\"_blank\" rel=\"noreferrer noopener\"><img decoding=\"async\" src=\" https:\/\/redinfor.com.pe\/Avisos\/SEPPS\/SEPPS_advisor_large.jpg \"><\/a><\/p>\n","protected":false},"excerpt":{"rendered":"<p>CONSULTOR\u00cdA PARA EL DISE\u00d1O, SISTEMATIZACI\u00d3N Y FORMACI\u00d3N EN STEM OBJETIVOSLiderar estrat\u00e9gicamente la arquitectura pedag\u00f3gica, el aseguramiento de la calidad t\u00e9cnica y la ejecuci\u00f3n formativa del proyecto Ecosistema STEM+G: \u201cHuancavelica, semillero&hellip; <\/p>\n","protected":false},"author":1,"featured_media":0,"comment_status":"closed","ping_status":"closed","sticky":false,"template":"","format":"standard","meta":{"footnotes":""},"categories":[406],"tags":[3420,23,19,2984,70,183,973,1806,56,158,53,799,456,898,21,141,109,63,4894,844],"class_list":["post-51450","post","type-post","status-publish","format-standard","hentry","category-convoca_pub","tag-activas","tag-aprendizaje","tag-capacitacion","tag-contextos","tag-diseno","tag-educacion","tag-educativa","tag-educativos","tag-enfoque","tag-formacion","tag-genero","tag-implementacion","tag-ingenieria","tag-innovacion","tag-metodologias","tag-programas","tag-rurales","tag-sistematizacion","tag-stem","tag-tecnologia"],"_links":{"self":[{"href":"https:\/\/redinfor.com.pe\/portal\/wp-json\/wp\/v2\/posts\/51450","targetHints":{"allow":["GET"]}}],"collection":[{"href":"https:\/\/redinfor.com.pe\/portal\/wp-json\/wp\/v2\/posts"}],"about":[{"href":"https:\/\/redinfor.com.pe\/portal\/wp-json\/wp\/v2\/types\/post"}],"author":[{"embeddable":true,"href":"https:\/\/redinfor.com.pe\/portal\/wp-json\/wp\/v2\/users\/1"}],"replies":[{"embeddable":true,"href":"https:\/\/redinfor.com.pe\/portal\/wp-json\/wp\/v2\/comments?post=51450"}],"version-history":[{"count":1,"href":"https:\/\/redinfor.com.pe\/portal\/wp-json\/wp\/v2\/posts\/51450\/revisions"}],"predecessor-version":[{"id":51451,"href":"https:\/\/redinfor.com.pe\/portal\/wp-json\/wp\/v2\/posts\/51450\/revisions\/51451"}],"wp:attachment":[{"href":"https:\/\/redinfor.com.pe\/portal\/wp-json\/wp\/v2\/media?parent=51450"}],"wp:term":[{"taxonomy":"category","embeddable":true,"href":"https:\/\/redinfor.com.pe\/portal\/wp-json\/wp\/v2\/categories?post=51450"},{"taxonomy":"post_tag","embeddable":true,"href":"https:\/\/redinfor.com.pe\/portal\/wp-json\/wp\/v2\/tags?post=51450"}],"curies":[{"name":"wp","href":"https:\/\/api.w.org\/{rel}","templated":true}]}}