{"id":51464,"date":"2026-03-05T12:06:41","date_gmt":"2026-03-05T17:06:41","guid":{"rendered":"https:\/\/redinfor.com.pe\/portal\/?p=51464"},"modified":"2026-03-05T12:06:43","modified_gmt":"2026-03-05T17:06:43","slug":"convocatoria-confidencial-de-expertas-y-expertos","status":"publish","type":"post","link":"https:\/\/redinfor.com.pe\/portal\/2026\/03\/05\/convocatoria-confidencial-de-expertas-y-expertos\/","title":{"rendered":"CONVOCATORIA CONFIDENCIAL DE EXPERTAS Y EXPERTOS"},"content":{"rendered":"\n<p class=\"has-text-align-center has-medium-font-size\"><strong>CONVOCATORIA CONFIDENCIAL DE EXPERTAS Y EXPERTOS<\/strong><\/p>\n\n\n\n<p class=\"has-text-align-center\"><strong>Estudio de evaluaci\u00f3n del impacto socio-ambiental y econ\u00f3mico de medidas de Adaptaci\u00f3n basada en Ecosistemas<\/strong><\/p>\n\n\n\n<p>Esta convocatoria busca invitar a expertas y expertos cuyos perfiles cumplan con los requerimientos indicados para formar parte de la presentaci\u00f3n de una propuesta.<\/p>\n\n\n\n<p>De contar con inter\u00e9s y disponibilidad para participar de esta postulaci\u00f3n, s\u00edrvase enviar su CV (formato Word y m\u00e1ximo 3 p\u00e1ginas) al correo <a href=\"mailto:contacto@practicalaction.org\">contacto@practicalaction.org<\/a> a m\u00e1s tardar el <strong>15 de marzo de 2026<\/strong>. Aseg\u00farese de que el asunto indique el nombre del Experto o experta al que presenta su perfil. Ejemplos de Asunto: \u201cExperto o experta 1: Director\/a del equipo\u201d, \u201cExperto o experta 2: Especialista en ecosistemas altoandinos\u201d, etc.<\/p>\n\n\n\n<p><strong>OBJETIVO GENERAL:<\/strong><br>Realizar el acompa\u00f1amiento t\u00e9cnico-cient\u00edfico para monitorear los impactos del proyecto seg\u00fan su marco l\u00f3gico, cuantificando y generando evidencia de los beneficios m\u00faltiples (<strong>sociales, econ\u00f3micos y ambientales<\/strong>) de las medidas de Adaptaci\u00f3n basadas en Ecosistemas (AbE) implementadas por las comunidades y organizaciones beneficiarias.<\/p>\n\n\n\n<p class=\"has-text-align-center\" style=\"font-size:30px\"><strong><a href=\"https:\/\/drive.google.com\/file\/d\/12U9Mapi7M2bR_pxTByGvgE8PQ5jxN08n\/view?usp=sharing\" target=\"_blank\" rel=\"noreferrer noopener\">VER T\u00c9RMINOS DE REFERENCIA<\/a><\/strong><\/p>\n\n\n\n<p><strong>REQUERIMIENTO DE EXPERTOS Y EXPERTAS<\/strong><br>A continuaci\u00f3n, se presenta una matriz resumen de los expertos y expertas que se necesitan. Para mayor detalle sobre los requerimientos de cada puesto revisar a detalle esta secci\u00f3n:\u00a0<\/p>\n\n\n\n<figure class=\"wp-block-table\"><table><tbody><tr><td><strong><em>Rol<\/em><\/strong><\/td><td><strong><em>N\u00famero de consultores requeridos por rol<\/em><\/strong><\/td><td><strong><em>Pa\u00eds de domicilio<\/em><\/strong><\/td><\/tr><tr><td>Experto o experta 1: Director\/a del equipo<\/td><td>1<\/td><td>Per\u00fa preferiblemente, pero puede residir en otros pa\u00edses de Am\u00e9rica Latina. Deber\u00e1 realizar viajes dentro de Per\u00fa<\/td><\/tr><tr><td>Experto o experta 2: Especialista en ecosistemas altoandinos<\/td><td>1<\/td><td>Per\u00fa<\/td><\/tr><tr><td>Experto o experta 3: Especialista en Hidrolog\u00eda de ecosistemas altoandinos<\/td><td>1<\/td><td>Per\u00fa<\/td><\/tr><tr><td>Experto o experta 4: Especialista en econom\u00eda de los recursos naturales<\/td><td>1<\/td><td>Per\u00fa<\/td><\/tr><tr><td>Experto o experta 5: Especialista en An\u00e1lisis de Datos<\/td><td>1<\/td><td>Per\u00fa<\/td><\/tr><tr><td>Experto o experta 6: Especialista en Enfoques transversales<\/td><td>1<\/td><td>Per\u00fa<\/td><\/tr><tr><td>Experto o experta 7: Investigadores\/as de campo en ecolog\u00eda<\/td><td>3<\/td><td>Per\u00fa. Debe residir en alguna de los departamentos donde se ubican los distritos de intervenci\u00f3n.<\/td><\/tr><tr><td>Experto o experta 8: Investigadores\/as de campo en hidrolog\u00eda<\/td><td>4<\/td><td>Per\u00fa. Debe residir en alguna de los departamentos donde se ubican los distritos de intervenci\u00f3n.<\/td><\/tr><tr><td>Experto o experta 9: Investigadores\/as de campo en socioeconom\u00eda<\/td><td>3<\/td><td>Per\u00fa. Debe residir en alguna de los departamentos donde se ubican los distritos de intervenci\u00f3n.<\/td><\/tr><\/tbody><\/table><\/figure>\n\n\n\n<p><strong>Habilidades interpersonales de los y las miembros del equipo<\/strong><br>M\u00e1s all\u00e1 de sus cualificaciones t\u00e9cnicas, se espera que todos los y las miembros del equipo presenten tambi\u00e9n las siguientes aptitudes: capacidad de trabajar en equipo, iniciativa propia, aptitudes comunicativas, competencias socioculturales e interculturales, actuaci\u00f3n eficiente orientada a socios y clientes, pensamiento interdisciplinario.<\/p>\n\n\n\n<p class=\"has-text-align-center\"><a href=\"https:\/\/redinfor.com.pe\/portal\/2019\/11\/06\/diseno-y-metodos-de-evaluacion-de-impacto\/\" target=\"_blank\" rel=\"noreferrer noopener\"><img decoding=\"async\" src=\" https:\/\/redinfor.com.pe\/Avisos\/DMEI\/DMEI_advisor_large.jpg \"><\/a><\/p>\n","protected":false},"excerpt":{"rendered":"<p>CONVOCATORIA CONFIDENCIAL DE EXPERTAS Y EXPERTOS Estudio de evaluaci\u00f3n del impacto socio-ambiental y econ\u00f3mico de medidas de Adaptaci\u00f3n basada en Ecosistemas Esta convocatoria busca invitar a expertas y expertos cuyos&hellip; <\/p>\n","protected":false},"author":1,"featured_media":2715,"comment_status":"closed","ping_status":"closed","sticky":false,"template":"","format":"standard","meta":{"footnotes":""},"categories":[406],"tags":[1170,1872,455,228,156,225,492,2101,264,467,3131,427,975,93,66,5629,785,673,95,3350,77,65,473,575,31,105,5631,5630],"class_list":["post-51464","post","type-post","status-publish","format-standard","has-post-thumbnail","hentry","category-convoca_pub","tag-adaptacion","tag-altoandinos","tag-ambiental","tag-analisis","tag-campo","tag-datos","tag-director","tag-ecologia","tag-economia","tag-ecosistemas","tag-enfoques","tag-especialista","tag-especialistas","tag-estudio","tag-evaluacion","tag-expertas","tag-expertos","tag-hidrologia","tag-impacto","tag-investigadores","tag-marco-logico","tag-monitoreo","tag-naturales","tag-practical-action","tag-recursos","tag-social","tag-socioeconomia","tag-transversales"],"_links":{"self":[{"href":"https:\/\/redinfor.com.pe\/portal\/wp-json\/wp\/v2\/posts\/51464","targetHints":{"allow":["GET"]}}],"collection":[{"href":"https:\/\/redinfor.com.pe\/portal\/wp-json\/wp\/v2\/posts"}],"about":[{"href":"https:\/\/redinfor.com.pe\/portal\/wp-json\/wp\/v2\/types\/post"}],"author":[{"embeddable":true,"href":"https:\/\/redinfor.com.pe\/portal\/wp-json\/wp\/v2\/users\/1"}],"replies":[{"embeddable":true,"href":"https:\/\/redinfor.com.pe\/portal\/wp-json\/wp\/v2\/comments?post=51464"}],"version-history":[{"count":1,"href":"https:\/\/redinfor.com.pe\/portal\/wp-json\/wp\/v2\/posts\/51464\/revisions"}],"predecessor-version":[{"id":51465,"href":"https:\/\/redinfor.com.pe\/portal\/wp-json\/wp\/v2\/posts\/51464\/revisions\/51465"}],"wp:featuredmedia":[{"embeddable":true,"href":"https:\/\/redinfor.com.pe\/portal\/wp-json\/wp\/v2\/media\/2715"}],"wp:attachment":[{"href":"https:\/\/redinfor.com.pe\/portal\/wp-json\/wp\/v2\/media?parent=51464"}],"wp:term":[{"taxonomy":"category","embeddable":true,"href":"https:\/\/redinfor.com.pe\/portal\/wp-json\/wp\/v2\/categories?post=51464"},{"taxonomy":"post_tag","embeddable":true,"href":"https:\/\/redinfor.com.pe\/portal\/wp-json\/wp\/v2\/tags?post=51464"}],"curies":[{"name":"wp","href":"https:\/\/api.w.org\/{rel}","templated":true}]}}