{"id":51491,"date":"2026-03-06T12:01:04","date_gmt":"2026-03-06T17:01:04","guid":{"rendered":"https:\/\/redinfor.com.pe\/portal\/?p=51491"},"modified":"2026-03-06T12:01:06","modified_gmt":"2026-03-06T17:01:06","slug":"convocatoria-de-especialista-en-educacion-ambiental-e-intercultural","status":"publish","type":"post","link":"https:\/\/redinfor.com.pe\/portal\/2026\/03\/06\/convocatoria-de-especialista-en-educacion-ambiental-e-intercultural\/","title":{"rendered":"CONVOCATORIA DE ESPECIALISTA EN EDUCACION AMBIENTAL E INTERCULTURAL"},"content":{"rendered":"\n<p class=\"has-text-align-center has-medium-font-size\"><strong>CONVOCATORIA DE ESPECIALISTA EN EDUCACION AMBIENTAL E INTERCULTURAL<\/strong><\/p>\n\n\n\n<p><strong>ANTECEDENTES<\/strong><br>AVISA SZF PER\u00da, asociaci\u00f3n civil sin fines de lucro, ejecutora del Programa de Conservaci\u00f3n Andes \u2013 Amazon\u00eda Per\u00fa de la Frankfurt Zoological Society, tiene como misi\u00f3n contribuir y promover la conservaci\u00f3n de la diversidad biol\u00f3gica, en especial aquella comprendida dentro del Sistema Nacional de \u00c1reas Naturales Protegidas (ANP), realizando investigaci\u00f3n cient\u00edfica b\u00e1sica y aplicada para aumentar el nivel de conocimiento biol\u00f3gico y ecol\u00f3gico sobre especies de fauna y flora silvestres y sus h\u00e1bitats; de igual forma contribuye y apoya a organizaciones gubernamentales, no gubernamentales y privadas hacia la conservaci\u00f3n de especies amenazadas y el manejo de sus h\u00e1bitats; y finalmente apoya con la implementaci\u00f3n de medidas de educaci\u00f3n, capacitaci\u00f3n y difusi\u00f3n que ayudan a aumentar el nivel de conciencia sobre el medio ambiente y la conservaci\u00f3n de especies amenazadas y sus h\u00e1bitats.\u00a0<\/p>\n\n\n\n<p><strong>OBJETIVO GENERAL DEL PUESTO<\/strong><br>Coordinar y acompa\u00f1ar la implementaci\u00f3n pedag\u00f3gica del Programa Horizonte Amazon\u00eda (PHA) en Instituciones Educativas (IIEE) y una Residencia Estudiantil de la provincia del Manu (Madre de Dios) de manera articulada con la UGEL Manu, Parque Nacional del Manu, entidades socias del PHA, autoridades locales y organizaciones sociales de base.<\/p>\n\n\n\n<p><strong>FUNCIONES POR DESARROLLAR<\/strong><\/p>\n\n\n\n<p><strong>Acompa\u00f1amiento pedag\u00f3gico<\/strong><\/p>\n\n\n\n<ul class=\"wp-block-list\">\n<li>Implementar la ruta de acompa\u00f1amiento pedag\u00f3gico a docentes y directores de 5 IIEE focalizadas y 1 Residencia Estudiantil, en el uso adecuado y pertinente de la Propuesta Pedag\u00f3gica del PHA.<\/li>\n\n\n\n<li>Construir propuestas curriculares (incluyendo formaci\u00f3n t\u00e9cnica certificada) aprovechando espacios educativos existentes y aportes de actores ligados a procesos educativos locales.\u00a0<\/li>\n\n\n\n<li>Organizar eventos p\u00fablicos (educativos ambientales e interculturales; art\u00edsticos y deportivos) para promover y fortalecer los principios educativos del PHA.<\/li>\n\n\n\n<li>Fortalecer mecanismos de Gobernanza Escolar y construir procesos de aprendizaje intergeneracionales con Comunidad Educativa Local (CEL) y organizaciones sociales de base.\u00a0<\/li>\n<\/ul>\n\n\n\n<p><strong>Prevenci\u00f3n de riesgos y acompa\u00f1amiento socioemocional<\/strong><br>Construir salvaguardas en contrataci\u00f3n docente y dar seguimiento a casos de violencia contra estudiantes y acompa\u00f1ar a familias, de manera articulada, con instancias estatales competentes.\u00a0\u00a0<\/p>\n\n\n\n<p><strong>Promoci\u00f3n de educaci\u00f3n superior<\/strong><br>Promover y acompa\u00f1ar inserci\u00f3n de estudiantes egresados de secundaria a educaci\u00f3n superior.\u00a0\u00a0\u00a0<\/p>\n\n\n\n<p><strong>Planificaci\u00f3n y gesti\u00f3n educativa<\/strong><\/p>\n\n\n\n<ul class=\"wp-block-list\">\n<li>Contribuir en elaboraci\u00f3n de la Planificaci\u00f3n Operativa Anual (POA) del PHA e informar avances sobre su implementaci\u00f3n, seg\u00fan indicadores definidos.<\/li>\n\n\n\n<li>Incorporar l\u00edneas del PHA en instrumentos de gesti\u00f3n de las IIEE, promover el reconocimiento a IIEE con propuestas innovadoras y garantizar renovaci\u00f3n anual de contratos a mejores docentes.<\/li>\n<\/ul>\n\n\n\n<p><strong>Divulgaci\u00f3n y sistematizaci\u00f3n<\/strong><br>Organizar campa\u00f1as de divulgaci\u00f3n sobre alcances del PHA y elaborar reportes donde se sistematice experiencias y buenas pr\u00e1cticas.<\/p>\n\n\n\n<p class=\"has-text-align-center\"><a href=\"https:\/\/redinfor.com.pe\/portal\/2019\/04\/24\/metodologias-de-capacitacion-para-poblaciones-rurales\/\" target=\"_blank\" rel=\"noreferrer noopener\"><img decoding=\"async\" src=\" https:\/\/www.redinfor.com.pe\/Avisos\/MCPR\/MCPR_advisor.jpg \"><\/a><\/p>\n\n\n\n<p><strong>FORMACI\u00d3N PROFESIONAL<\/strong><br>T\u00edtulo universitario o pedag\u00f3gico en educaci\u00f3n.<\/p>\n\n\n\n<p><strong>EXPERIENCIA<\/strong><\/p>\n\n\n\n<ul class=\"wp-block-list\">\n<li>Cuatro (04) o m\u00e1s a\u00f1os de experiencia profesional (obligatorio).<\/li>\n\n\n\n<li>Experiencia profesional de al menos tres (03) a\u00f1os en el sector educativo (obligatorio).\u00a0<\/li>\n\n\n\n<li>Si se han implementado al menos dos a\u00f1os en la Amazon\u00eda, se considerar\u00e1 una ventaja.<\/li>\n\n\n\n<li>Experiencia m\u00ednima en dos o m\u00e1s proyectos\/consultor\u00edas como acompa\u00f1ante escolar o similar.\u00a0<\/li>\n\n\n\n<li>Experiencia m\u00ednima en dos o m\u00e1s proyectos\/consultor\u00edas donde se hayan aplicado metodolog\u00edas de aprendizaje activo en escuelas (deseable).<\/li>\n<\/ul>\n\n\n\n<p><strong>COMPETENCIAS Y\/O OTROS REQUISITOS<\/strong><\/p>\n\n\n\n<ul class=\"wp-block-list\">\n<li>Conocimiento y manejo de programas, Microsoft Office (Word, Excel, Power Point, etc.).\u00a0<\/li>\n\n\n\n<li>Pertenecer a una comunidad ind\u00edgena (deseable).<\/li>\n<\/ul>\n\n\n\n<p><strong>SEDE DE TRABAJO<\/strong><br>Villa Salvaci\u00f3n (provincia Manu) con actividades en campo, en las IIEE focalizadas. \u00a0<\/p>\n\n\n\n<p><strong>TIEMPO DE CONTRATACI\u00d3N<\/strong><br>El servicio solicitado tendr\u00e1 una duraci\u00f3n de 9 meses.<\/p>\n\n\n\n<p><strong>CONTACTO<\/strong><br>Las\/os interesadas\/os enviar su CV no documentado y en formato PDF a <a href=\"mailto:postulaciones.peru@fzs.org\">postulaciones.peru@fzs.org<\/a> \u00a0<\/p>\n\n\n\n<ul class=\"wp-block-list\">\n<li>Colocar en asunto: CV ESP \u2013 EAI PHA<\/li>\n\n\n\n<li>Indicar referencias laborales (2) y pretensiones salariales<\/li>\n\n\n\n<li>Fecha l\u00edmite de recepci\u00f3n de CV\u2019s: <strong>15 de marzo de 2026<\/strong><\/li>\n\n\n\n<li>No registrar antecedentes penales y judiciales.<\/li>\n<\/ul>\n\n\n\n<p><strong>Importante:<\/strong><\/p>\n\n\n\n<ul class=\"wp-block-list\">\n<li>Incluir copia de constancia virtual de no estar registrado\/a en el Registro de Deudores Alimentarios morosos del Poder Judicial (REDAM). <a href=\"https:\/\/casillas.pj.gob.pe\/redam\/\">https:\/\/casillas.pj.gob.pe\/redam\/#<\/a><a href=\"https:\/\/casillas.pj.gob.pe\/redam\/\"><\/a><\/li>\n\n\n\n<li>Incluir copia Certificado \u00danico Laboral del Ministerio de Trabajo y Promoci\u00f3n del Empleo en que constate que no tiene antecedentes penales, judiciales y policiales. <a href=\"https:\/\/www.empleosperu.gob.pe\/CertificadoUnicoLaboral\">https:\/\/www.empleosperu.gob.pe\/CertificadoUnicoLaboral<\/a><a href=\"https:\/\/www.empleosperu.gob.pe\/CertificadoUnicoLaboral\"><\/a><\/li>\n<\/ul>\n\n\n\n<p class=\"has-text-align-center\"><a href=\"https:\/\/redinfor.com.pe\/portal\/2019\/04\/24\/sistematizacion-de-experiencias-de-programas-y-proyectos-sociales\/\" target=\"_blank\" rel=\"noreferrer noopener\"><img decoding=\"async\" src=\" https:\/\/redinfor.com.pe\/Avisos\/SEPPS\/SEPPS_advisor_large.jpg \"><\/a><\/p>\n","protected":false},"excerpt":{"rendered":"<p>CONVOCATORIA DE ESPECIALISTA EN EDUCACION AMBIENTAL E INTERCULTURAL ANTECEDENTESAVISA SZF PER\u00da, asociaci\u00f3n civil sin fines de lucro, ejecutora del Programa de Conservaci\u00f3n Andes \u2013 Amazon\u00eda Per\u00fa de la Frankfurt Zoological&hellip; <\/p>\n","protected":false},"author":1,"featured_media":21810,"comment_status":"closed","ping_status":"closed","sticky":false,"template":"","format":"standard","meta":{"footnotes":""},"categories":[406],"tags":[138,1212,455,1140,896,183,79,463,973,427,323,5637,721,799,712,971,5638,559,68,560,1809,245,63,4392,1209],"class_list":["post-51491","post","type-post","status-publish","format-standard","has-post-thumbnail","hentry","category-convoca_pub","tag-acompanamiento","tag-amazonia","tag-ambiental","tag-coordinacion","tag-docente","tag-educacion","tag-educador","tag-educadora","tag-educativa","tag-especialista","tag-gestion","tag-horizonte","tag-horizontes","tag-implementacion","tag-intercultural","tag-madre-de-dios","tag-parque-nacional-del-manu","tag-pedagogica","tag-planificacion","tag-profesor","tag-profesora","tag-programa","tag-sistematizacion","tag-sociedad-zoologica-de-francfort","tag-socioemocional"],"_links":{"self":[{"href":"https:\/\/redinfor.com.pe\/portal\/wp-json\/wp\/v2\/posts\/51491","targetHints":{"allow":["GET"]}}],"collection":[{"href":"https:\/\/redinfor.com.pe\/portal\/wp-json\/wp\/v2\/posts"}],"about":[{"href":"https:\/\/redinfor.com.pe\/portal\/wp-json\/wp\/v2\/types\/post"}],"author":[{"embeddable":true,"href":"https:\/\/redinfor.com.pe\/portal\/wp-json\/wp\/v2\/users\/1"}],"replies":[{"embeddable":true,"href":"https:\/\/redinfor.com.pe\/portal\/wp-json\/wp\/v2\/comments?post=51491"}],"version-history":[{"count":1,"href":"https:\/\/redinfor.com.pe\/portal\/wp-json\/wp\/v2\/posts\/51491\/revisions"}],"predecessor-version":[{"id":51492,"href":"https:\/\/redinfor.com.pe\/portal\/wp-json\/wp\/v2\/posts\/51491\/revisions\/51492"}],"wp:featuredmedia":[{"embeddable":true,"href":"https:\/\/redinfor.com.pe\/portal\/wp-json\/wp\/v2\/media\/21810"}],"wp:attachment":[{"href":"https:\/\/redinfor.com.pe\/portal\/wp-json\/wp\/v2\/media?parent=51491"}],"wp:term":[{"taxonomy":"category","embeddable":true,"href":"https:\/\/redinfor.com.pe\/portal\/wp-json\/wp\/v2\/categories?post=51491"},{"taxonomy":"post_tag","embeddable":true,"href":"https:\/\/redinfor.com.pe\/portal\/wp-json\/wp\/v2\/tags?post=51491"}],"curies":[{"name":"wp","href":"https:\/\/api.w.org\/{rel}","templated":true}]}}