{"id":51574,"date":"2026-03-09T17:58:26","date_gmt":"2026-03-09T22:58:26","guid":{"rendered":"https:\/\/redinfor.com.pe\/portal\/?p=51574"},"modified":"2026-03-09T17:58:28","modified_gmt":"2026-03-09T22:58:28","slug":"convocatoria-de-especialistas-educadores-as-de-proyecto","status":"publish","type":"post","link":"https:\/\/redinfor.com.pe\/portal\/2026\/03\/09\/convocatoria-de-especialistas-educadores-as-de-proyecto\/","title":{"rendered":"CONVOCATORIA DE ESPECIALISTAS: EDUCADORES\/AS DE PROYECTO"},"content":{"rendered":"\n<p class=\"has-text-align-center has-medium-font-size\"><strong>CONVOCATORIA DE ESPECIALISTAS: EDUCADORES\/AS DE PROYECTO<\/strong><\/p>\n\n\n\n<p class=\"has-text-align-center\"><strong>\u201cNNAs, Actores Co-incidiendo\u201d<\/strong><\/p>\n\n\n\n<p>El <strong>Instituto de Formaci\u00f3n para Educadores de J\u00f3venes, Adolescentes y Ni\u00f1os Trabajadores de Am\u00e9rica Latina y el Caribe \u2013 IFEJANT<\/strong> convoca a profesionales interesados\/as en integrarse a su equipo para la <strong>coordinaci\u00f3n del proyecto \u201cNNAs, Actores Co-incidiendo\u201d<\/strong>, orientado al fortalecimiento del protagonismo y las acciones de incidencia de ni\u00f1os, ni\u00f1as y adolescentes trabajadores organizados.<\/p>\n\n\n\n<p>Buscamos personas comprometidas con la <strong>promoci\u00f3n de los derechos de la ni\u00f1ez y adolescencia<\/strong>, con experiencia en trabajo con <strong>organizaciones de NNAs y metodolog\u00edas participativas<\/strong>.<\/p>\n\n\n\n<p><strong>Funciones principales<\/strong><\/p>\n\n\n\n<ul class=\"wp-block-list\">\n<li>Implementar el proyecto de acuerdo con su marco l\u00f3gico y plan operativo anual.<\/li>\n\n\n\n<li>Realizar las acciones planificadas seg\u00fan la planificaci\u00f3n anual.<\/li>\n\n\n\n<li>Preparar y organizar los talleres de formaci\u00f3n y capacitaci\u00f3n de los NNAs y adultos contemplados en el plan de trabajo: derechos de los NNAs, incidencia, co protagonismo de los NNAs, organismos internacionales\u00a0 relacionados con la ni\u00f1ez y adolescencia, Comit\u00e9 de los derechos del Ni\u00f1o y Recomendaciones al estado Peruano, EPU, etc.<\/li>\n\n\n\n<li>Revisi\u00f3n de las pol\u00edticas de la ni\u00f1ez, servicios\u00a0 por parte del Estado, leyes, etc, para hacer incidencia sobre su cumplimiento.<\/li>\n\n\n\n<li>Promover la participaci\u00f3n protag\u00f3nica de NNAs en acciones de incidencia a nivel local y nacional, a trav\u00e9s de campa\u00f1as, difusi\u00f3n, entrevistas, etc.<\/li>\n\n\n\n<li>Facilitar procesos de formaci\u00f3n y fortalecimiento de capacidades con NNAs.<\/li>\n\n\n\n<li>Elaborar informes t\u00e9cnicos\u00a0 de los resultados del proyecto.<\/li>\n\n\n\n<li>Planificar y coordinar los procesos administrativos vinculados al proyecto.<\/li>\n<\/ul>\n\n\n\n<p class=\"has-text-align-center\"><a href=\"https:\/\/redinfor.com.pe\/portal\/2019\/04\/24\/sistematizacion-de-experiencias-de-programas-y-proyectos-sociales\/\" target=\"_blank\" rel=\"noreferrer noopener\"><img decoding=\"async\" src=\" https:\/\/www.redinfor.com.pe\/Avisos\/SEPPS\/SEPPS_advisor.jpg \"><\/a><\/p>\n\n\n\n<p><strong>Perfil requerido<\/strong><\/p>\n\n\n\n<ul class=\"wp-block-list\">\n<li>Profesional en <strong>Pedagog\u00eda, Psicolog\u00eda, Comunicaciones, Ciencias Sociales o carreras afines<\/strong>.<\/li>\n\n\n\n<li>Experiencia m\u00ednima de <strong>2 a\u00f1os en proyectos sociales<\/strong> con ni\u00f1ez y adolescencia organizada, y metodolog\u00eda y enfoques participativos.<\/li>\n\n\n\n<li>Experiencia en trabajo con <strong>ni\u00f1os, ni\u00f1as y adolescentes y\/o movimientos de NNATs<\/strong>.<\/li>\n\n\n\n<li>Experiencia en <strong>facilitaci\u00f3n de talleres participativos<\/strong>.<\/li>\n\n\n\n<li>Experiencia de elaboraci\u00f3n de informes de proyectos sociales<\/li>\n\n\n\n<li>Deseable experiencia en <strong>elaboraci\u00f3n de materiales educativos para infancia y adolescencia<\/strong>.<\/li>\n\n\n\n<li><strong>Disponibilidad inmediata.<\/strong><\/li>\n<\/ul>\n\n\n\n<p><strong>Condiciones<\/strong><\/p>\n\n\n\n<ul class=\"wp-block-list\">\n<li><strong>Modalidad:<\/strong> Ingreso a planilla con beneficios sociales.<\/li>\n\n\n\n<li>Espacio institucional de trabajo y oportunidades de formaci\u00f3n.<\/li>\n<\/ul>\n\n\n\n<p><strong>Postulaci\u00f3n<\/strong><br>Enviar <strong>CV actualizado (no documentado)<\/strong> indicando <strong>pretensiones salariales<\/strong> al correo: <strong><a href=\"mailto:secretaria@ifejant.org.pe\">secretaria@ifejant.org.pe<\/a><\/strong><br><strong>Asunto:<\/strong> Especialista: educador\/a de Proyecto \u2013 <strong>Puente Piedra \u2013 Lima y Villa Mar\u00eda del Triunfo \u2013 Lima<\/strong><\/p>\n\n\n\n<p><strong>Indicar para cu\u00e1l de los dos distritos postula.&nbsp;&nbsp;&nbsp;&nbsp;&nbsp;&nbsp;&nbsp;&nbsp;&nbsp;&nbsp;<\/strong><\/p>\n\n\n\n<p><strong>Fecha l\u00edmite de postulaci\u00f3n:<\/strong> 18 de marzo de 2026.<br>El CV deber\u00e1 incluir <strong>tres referencias laborales (nombres y tel\u00e9fonos)<\/strong>.<\/p>\n\n\n\n<p class=\"has-text-align-center\"><a href=\"https:\/\/redinfor.com.pe\/portal\/2019\/02\/20\/diseno-y-formulacion-de-proyectos-sociales\/\" target=\"_blank\" rel=\"noreferrer noopener\"><img decoding=\"async\" src=\"https:\/\/redinfor.com.pe\/Avisos\/DFPS\/DFPS_advisor_large.jpg\"><\/a><\/p>\n","protected":false},"excerpt":{"rendered":"<p>CONVOCATORIA DE ESPECIALISTAS: EDUCADORES\/AS DE PROYECTO \u201cNNAs, Actores Co-incidiendo\u201d El Instituto de Formaci\u00f3n para Educadores de J\u00f3venes, Adolescentes y Ni\u00f1os Trabajadores de Am\u00e9rica Latina y el Caribe \u2013 IFEJANT convoca&hellip; <\/p>\n","protected":false},"author":1,"featured_media":51575,"comment_status":"closed","ping_status":"closed","sticky":false,"template":"","format":"standard","meta":{"footnotes":""},"categories":[406],"tags":[432,116,605,5657,3058,5658,975,1041,586,215,805,134,244,67,436,82,2026],"class_list":["post-51574","post","type-post","status-publish","format-standard","has-post-thumbnail","hentry","category-convoca_pub","tag-adolescentes","tag-ciencias-sociales","tag-comunicaciones","tag-educadoras","tag-educadores","tag-efejant","tag-especialistas","tag-facilitacion","tag-infancia","tag-jovenes","tag-ninos","tag-pedagogia","tag-proyecto","tag-proyectos","tag-psicologia","tag-sociales","tag-trabajadores"],"_links":{"self":[{"href":"https:\/\/redinfor.com.pe\/portal\/wp-json\/wp\/v2\/posts\/51574","targetHints":{"allow":["GET"]}}],"collection":[{"href":"https:\/\/redinfor.com.pe\/portal\/wp-json\/wp\/v2\/posts"}],"about":[{"href":"https:\/\/redinfor.com.pe\/portal\/wp-json\/wp\/v2\/types\/post"}],"author":[{"embeddable":true,"href":"https:\/\/redinfor.com.pe\/portal\/wp-json\/wp\/v2\/users\/1"}],"replies":[{"embeddable":true,"href":"https:\/\/redinfor.com.pe\/portal\/wp-json\/wp\/v2\/comments?post=51574"}],"version-history":[{"count":1,"href":"https:\/\/redinfor.com.pe\/portal\/wp-json\/wp\/v2\/posts\/51574\/revisions"}],"predecessor-version":[{"id":51576,"href":"https:\/\/redinfor.com.pe\/portal\/wp-json\/wp\/v2\/posts\/51574\/revisions\/51576"}],"wp:featuredmedia":[{"embeddable":true,"href":"https:\/\/redinfor.com.pe\/portal\/wp-json\/wp\/v2\/media\/51575"}],"wp:attachment":[{"href":"https:\/\/redinfor.com.pe\/portal\/wp-json\/wp\/v2\/media?parent=51574"}],"wp:term":[{"taxonomy":"category","embeddable":true,"href":"https:\/\/redinfor.com.pe\/portal\/wp-json\/wp\/v2\/categories?post=51574"},{"taxonomy":"post_tag","embeddable":true,"href":"https:\/\/redinfor.com.pe\/portal\/wp-json\/wp\/v2\/tags?post=51574"}],"curies":[{"name":"wp","href":"https:\/\/api.w.org\/{rel}","templated":true}]}}