{"id":51579,"date":"2026-03-09T19:02:42","date_gmt":"2026-03-10T00:02:42","guid":{"rendered":"https:\/\/redinfor.com.pe\/portal\/?p=51579"},"modified":"2026-03-09T19:02:44","modified_gmt":"2026-03-10T00:02:44","slug":"convocatoria-de-especialista-en-desarrollo-de-capacidades-piura","status":"publish","type":"post","link":"https:\/\/redinfor.com.pe\/portal\/2026\/03\/09\/convocatoria-de-especialista-en-desarrollo-de-capacidades-piura\/","title":{"rendered":"CONVOCATORIA DE ESPECIALISTA EN DESARROLLO DE CAPACIDADES \u2013 PIURA"},"content":{"rendered":"\n<p class=\"has-text-align-center\"><strong>CONVOCATORIA DE ESPECIALISTA EN DESARROLLO DE CAPACIDADES \u2013 PIURA<\/strong><\/p>\n\n\n\n<p>El Movimiento Manuela Ramos-MMR, organizaci\u00f3n feminista comprometida con el logro de la igualdad de g\u00e9nero, que trabaja por los derechos de las mujeres, los derechos humanos y por el respeto por la institucionalidad democr\u00e1tica desde hace 47 a\u00f1os; est\u00e1 realizado la convocatoria para el puesto de <strong>Especialista en desarrollo de capacidades<\/strong> del proyecto \u201cLiberando su Potencial, Avanzamos Todas\u201d en el territorio de Piura.<\/p>\n\n\n\n<p>Este proyecto que implementa el Movimiento Manuela Ramos como socia del UNFPA con fondos del Gobierno de Canad\u00e1 tiene como objetivo promover ejercicio de los DDSSRR y el&nbsp; derecho a una vida libre de violencia por parte de ni\u00f1as, adolescentes y mujeres j\u00f3venes, en un entorno igualitario en 06 distritos de Piura, Ayacucho y San Juan de Lurigancho \u2013 Lima.<\/p>\n\n\n\n<p><strong>PERFIL Y\/O REQUISITOS<\/strong><\/p>\n\n\n\n<ul class=\"wp-block-list\">\n<li>Profesional con formaci\u00f3n en ciencias de la salud, ciencias sociales, educaci\u00f3n\u00a0 o disciplinas afines con especializaci\u00f3n en salud sexual\u00a0 reproductiva.<\/li>\n\n\n\n<li>Experiencia m\u00ednima de 3 a\u00f1os en procesos de capacitaci\u00f3n o fortalecimiento de capacidades dirigidos a entidades p\u00fablicas o gobiernos locales en el campo de los derechos sexuales y derechos reproductivos, Educaci\u00f3n Sexual Integral y\/o prevenci\u00f3n de violencia basada en g\u00e9nero<\/li>\n\n\n\n<li>Experiencia en facilitaci\u00f3n de talleres o formaci\u00f3n de funcionarios p\u00fablicos. <\/li>\n\n\n\n<li>Experiencia en elaboraci\u00f3n de materiales de capacitaci\u00f3n y asistencia t\u00e9cnica. <\/li>\n\n\n\n<li>Deseable estudios de post grado en g\u00e9nero, derechos humanos.<\/li>\n\n\n\n<li>Habilidades para el relacionamiento con autoridades del nivel regional y local, funcionarios\/as, redes tem\u00e1ticas.<\/li>\n\n\n\n<li>Residencia en la regi\u00f3n Piura o Disponibilidad para viajar a los distritos de intervenci\u00f3n en Piura <\/li>\n\n\n\n<li>Disponibilidad inmediata.<\/li>\n<\/ul>\n\n\n\n<p class=\"has-text-align-center\"><a href=\"https:\/\/redinfor.com.pe\/portal\/2019\/04\/24\/metodologias-de-capacitacion-para-poblaciones-rurales\/\" target=\"_blank\" rel=\"noreferrer noopener\"><img decoding=\"async\" src=\" https:\/\/www.redinfor.com.pe\/Avisos\/MCPR\/MCPR_advisor.jpg \"><\/a><\/p>\n\n\n\n<p><strong>OTRAS HABILIDADES<\/strong><\/p>\n\n\n\n<ul class=\"wp-block-list\">\n<li>Liderazgo.<\/li>\n\n\n\n<li>Trabajo en equipo.<\/li>\n\n\n\n<li>Capacidad anal\u00edtica.<\/li>\n\n\n\n<li>Proactividad.<\/li>\n\n\n\n<li>Iniciativa, trabajo en equipo, proactividad, din\u00e1mica.<\/li>\n\n\n\n<li>Buena redacci\u00f3n.<\/li>\n\n\n\n<li>Comunicaci\u00f3n efectiva.<\/li>\n\n\n\n<li>Orientaci\u00f3n a resultados.<\/li>\n\n\n\n<li>Identificaci\u00f3n con la agenda del movimiento feminista.<\/li>\n<\/ul>\n\n\n\n<p><strong>FUNCIONES:<\/strong><\/p>\n\n\n\n<ul class=\"wp-block-list\">\n<li>Elaborar un plan de capacitaci\u00f3n dirigido a funcionarios y equipos t\u00e9cnicos de gobiernos locales.<\/li>\n\n\n\n<li>Dise\u00f1ar contenidos, metodolog\u00edas y materiales de capacitaci\u00f3n.<\/li>\n\n\n\n<li>Organizar y facilitar talleres, cursos o sesiones de capacitaci\u00f3n.<\/li>\n\n\n\n<li>Brindar asistencia t\u00e9cnica a gobiernos locales y funcionarios\/as en los temas abordados en las capacitaciones.<\/li>\n\n\n\n<li>Coordinar con autoridades locales y actores institucionales para la implementaci\u00f3n de las actividades.<\/li>\n\n\n\n<li>Sistematizar las experiencias de capacitaci\u00f3n desarrolladas.<\/li>\n\n\n\n<li>Elaborar informes t\u00e9cnicos de avance y final sobre las actividades realizadas.<\/li>\n\n\n\n<li>Informar peri\u00f3dicamente a la responsable del proyecto sobre los avances desaf\u00edos, oportunidades de mejora y riesgos<\/li>\n\n\n\n<li>Otras actividades asignadas en el marco de la implementaci\u00f3n del proyecto<\/li>\n<\/ul>\n\n\n\n<p>Condici\u00f3n laboral: presencial a tiempo completo, en planilla.<br>Honorarios: 4,000 soles (cuatro mil soles), sujeto a todos los impuestos y derechos de ley.<\/p>\n\n\n\n<p>Las personas interesadas pueden enviar su hoja de vida actualizada al siguiente correo: <a href=\"mailto:vanessa.laura@manuela.org.pe\">vanessa.laura@manuela.org.pe<\/a> copia a <a href=\"mailto:elga.prado@manuela.org.pe\">elga.prado@manuela.org.pe<\/a> <strong><u>hasta el d\u00eda jueves <\/u>&nbsp;<u>12<\/u> <u>de marzo 2026<\/u> hasta las 12m<\/strong>, indicando en el Asunto: <strong>Convocatoria Especialista en desarrollo de capacidades Piura<\/strong><\/p>\n\n\n\n<p>Incluir tres referencias de trabajo.<\/p>\n\n\n\n<p class=\"has-text-align-center\"><a href=\"https:\/\/redinfor.com.pe\/portal\/2019\/04\/24\/monitoreo-y-evaluacion-de-programas-y-proyectos-sociales\/\" target=\"_blank\" rel=\"noreferrer noopener\"><img decoding=\"async\" src=\" https:\/\/redinfor.com.pe\/Avisos\/MEPPS\/MEPPS_advisor_large.jpg \"><\/a><\/p>\n","protected":false},"excerpt":{"rendered":"<p>CONVOCATORIA DE ESPECIALISTA EN DESARROLLO DE CAPACIDADES \u2013 PIURA El Movimiento Manuela Ramos-MMR, organizaci\u00f3n feminista comprometida con el logro de la igualdad de g\u00e9nero, que trabaja por los derechos de&hellip; <\/p>\n","protected":false},"author":1,"featured_media":42387,"comment_status":"closed","ping_status":"closed","sticky":false,"template":"","format":"standard","meta":{"footnotes":""},"categories":[406],"tags":[398,19,146,198,90,183,427,53,510,1622,171,4558,82,94],"class_list":["post-51579","post","type-post","status-publish","format-standard","has-post-thumbnail","hentry","category-convoca_pub","tag-capacidades","tag-capacitacion","tag-ciencias","tag-derechos","tag-desarrollo","tag-educacion","tag-especialista","tag-genero","tag-piura","tag-reproductiva","tag-salud","tag-salud-sexual","tag-sociales","tag-violencia"],"_links":{"self":[{"href":"https:\/\/redinfor.com.pe\/portal\/wp-json\/wp\/v2\/posts\/51579","targetHints":{"allow":["GET"]}}],"collection":[{"href":"https:\/\/redinfor.com.pe\/portal\/wp-json\/wp\/v2\/posts"}],"about":[{"href":"https:\/\/redinfor.com.pe\/portal\/wp-json\/wp\/v2\/types\/post"}],"author":[{"embeddable":true,"href":"https:\/\/redinfor.com.pe\/portal\/wp-json\/wp\/v2\/users\/1"}],"replies":[{"embeddable":true,"href":"https:\/\/redinfor.com.pe\/portal\/wp-json\/wp\/v2\/comments?post=51579"}],"version-history":[{"count":1,"href":"https:\/\/redinfor.com.pe\/portal\/wp-json\/wp\/v2\/posts\/51579\/revisions"}],"predecessor-version":[{"id":51580,"href":"https:\/\/redinfor.com.pe\/portal\/wp-json\/wp\/v2\/posts\/51579\/revisions\/51580"}],"wp:featuredmedia":[{"embeddable":true,"href":"https:\/\/redinfor.com.pe\/portal\/wp-json\/wp\/v2\/media\/42387"}],"wp:attachment":[{"href":"https:\/\/redinfor.com.pe\/portal\/wp-json\/wp\/v2\/media?parent=51579"}],"wp:term":[{"taxonomy":"category","embeddable":true,"href":"https:\/\/redinfor.com.pe\/portal\/wp-json\/wp\/v2\/categories?post=51579"},{"taxonomy":"post_tag","embeddable":true,"href":"https:\/\/redinfor.com.pe\/portal\/wp-json\/wp\/v2\/tags?post=51579"}],"curies":[{"name":"wp","href":"https:\/\/api.w.org\/{rel}","templated":true}]}}