{"id":51585,"date":"2026-03-09T20:38:25","date_gmt":"2026-03-10T01:38:25","guid":{"rendered":"https:\/\/redinfor.com.pe\/portal\/?p=51585"},"modified":"2026-03-09T20:38:28","modified_gmt":"2026-03-10T01:38:28","slug":"contratacion-del-un-especialista-en-produccion-y-articulacion-comercial-de-artesania-textil","status":"publish","type":"post","link":"https:\/\/redinfor.com.pe\/portal\/2026\/03\/09\/contratacion-del-un-especialista-en-produccion-y-articulacion-comercial-de-artesania-textil\/","title":{"rendered":"CONTRATACI\u00d3N DEL UN ESPECIALISTA EN PRODUCCION Y ARTICULACION COMERCIAL DE ARTESANIA TEXTIL"},"content":{"rendered":"\n<p class=\"has-text-align-center has-small-font-size\"><strong>PROGRAMA DE MEJORAMIENTO DE CONFIANZA: ESTRATEGIAS PARA EL PLAN DE RELACIONAMIENTO CON PARTES INTERESADAS 2026<\/strong><\/p>\n\n\n\n<p class=\"has-text-align-center has-small-font-size\"><strong>COMPONENTE 4: ARTESAN\u00cdA Y COMERCIO \u00abESPINAR PARA EL MUNDO\u00bb<\/strong><\/p>\n\n\n\n<p class=\"has-text-align-center has-medium-font-size\"><strong>CONTRATACI\u00d3N DEL UN ESPECIALISTA EN PRODUCCION Y ARTICULACION COMERCIAL DE ARTESANIA TEXTIL<\/strong><\/p>\n\n\n\n<p><strong>OBJETIVO DEL TDR<\/strong><br>Contratar los servicios de una o un <strong>Especialista en producci\u00f3n y articulaci\u00f3n comercial de artesan\u00eda textil <\/strong>responsable de la ejecuci\u00f3n del <strong>Componente 4: Artesan\u00eda y Comercio \u00abEspinar para el mundo\u00bb<\/strong>, brindando asistencia t\u00e9cnica, transferencia tecnol\u00f3gica y otros, seg\u00fan el Plan Operativo Anual 2026, promoviendo el fortalecimiento de las capacidades t\u00e9cnicas productivas en artesan\u00eda, promoviendo el emprendimiento econ\u00f3mico en la provincia de Espinar.<\/p>\n\n\n\n<p><strong>Objetivos espec\u00edficos del especialista<\/strong><\/p>\n\n\n\n<ul class=\"wp-block-list\">\n<li>Mejorar las competencias en tejido artesanal, producci\u00f3n y gesti\u00f3n empresarial de pobladores organizados en Espinar.<\/li>\n\n\n\n<li>Dise\u00f1ar e implementar una estrategia de mejora capacidades de las artesanas, as\u00ed como la mejora de la calidad y estandarizaci\u00f3n de productos identificados.<\/li>\n\n\n\n<li>Asegurar el desarrollo de los m\u00f3dulos de tejido a mano, m\u00e1quina y telar, confecci\u00f3n de modelos, calidad de producci\u00f3n y manejo de herramientas de producci\u00f3n a nivel b\u00e1sico, intermedio y avanzado, seg\u00fan plan de trabajo definido para cada organizaci\u00f3n.<\/li>\n\n\n\n<li>Fortalecer capacidades organizativas y empresariales de las artesanas y realizar el acompa\u00f1amiento durante la ejecuci\u00f3n del programa.<\/li>\n\n\n\n<li>Desarrollar una colecci\u00f3n textil competitiva alineada a tendencias de mercado.<\/li>\n\n\n\n<li>Establecer y fortalecer la definici\u00f3n para la suscripci\u00f3n de alianzas estrat\u00e9gicas entre los artesanos y organizaciones clave para el desarrollo de la artesan\u00eda textil.<\/li>\n\n\n\n<li>Promover la mejora de los ingresos de los artesanos a trav\u00e9s de acuerdos comerciales e ingreso a mercados competitivos.<\/li>\n<\/ul>\n\n\n\n<p><strong>AMBITO DE LA CONSULTORIA<\/strong><br>El \u00e1mbito de la consultor\u00eda es la provincia de Espinar, regi\u00f3n Cusco, atendiendo prioritariamente las trece comunidades del AID de la Compa\u00f1\u00eda Minera Antapaccay.<\/p>\n\n\n\n<p class=\"has-text-align-center\"><a href=\"https:\/\/redinfor.com.pe\/portal\/2019\/04\/24\/metodologias-de-capacitacion-para-poblaciones-rurales\/\" target=\"_blank\" rel=\"noreferrer noopener\"><img decoding=\"async\" src=\" https:\/\/www.redinfor.com.pe\/Avisos\/MCPR\/MCPR_advisor.jpg \"><\/a><\/p>\n\n\n\n<p><strong>PERFIL Y REQUISITOS<\/strong><br>Los requisitos que deber\u00e1 cumplir el especialista:<\/p>\n\n\n\n<ul class=\"wp-block-list\">\n<li>T\u00e9cnico o tecn\u00f3logo, ingeniero industrial, ingeniero Textil, con conocimiento en la gesti\u00f3n t\u00e9cnica de los procesos de producci\u00f3n, todo ello en el \u00e1rea de la confecci\u00f3n de tejido a mano, m\u00e1quina y telar, actuando bajo normas de buena pr\u00e1ctica, as\u00ed como de seguridad laboral y ambiental.<\/li>\n\n\n\n<li>Manejo y aplicaci\u00f3n de t\u00e9cnicas y metodolog\u00edas participativas, l\u00fadicas y viv\u00e9nciales para la capacitaci\u00f3n de adultos.\u00a0<\/li>\n\n\n\n<li>Experiencia en el desarrollo de talleres y asistencias t\u00e9cnicas en emprendimientos de confecciones en zonas rurales y con poblaci\u00f3n adulta.<\/li>\n\n\n\n<li>Experiencia en negocios y articulaci\u00f3n comercial, de preferencia en l\u00edneas de negocio relacionadas con artesan\u00eda, bionegocios, comercio justo y\/o afines.<\/li>\n\n\n\n<li>Facilidad para relacionarse y establecer alianzas con actores p\u00fablicos y privados de nivel local y nacional, as\u00ed como con comunidades y organizaciones locales.<\/li>\n\n\n\n<li>Conocimiento y experiencia en el manejo de Tecnolog\u00edas de la Informaci\u00f3n y Comunicaci\u00f3n (TIC).<\/li>\n\n\n\n<li>Experiencia m\u00ednima de 3 a\u00f1os en dise\u00f1o y elaboraci\u00f3n de artesan\u00eda en tejidos adicionalmente que cumpla con lo siguiente:\n<ul class=\"wp-block-list\">\n<li>Capacidad de conducci\u00f3n y asesor\u00eda de grupos de mujeres organizadas.<\/li>\n\n\n\n<li>Capacidad y metodolog\u00eda pertinente para la ense\u00f1anza a adultos.<\/li>\n\n\n\n<li>Experiencia en trabajo con asociaciones de artesanas.<\/li>\n\n\n\n<li>Dominio de Office intermedio avanzado (Word y Excel).<\/li>\n<\/ul>\n<\/li>\n\n\n\n<li>Deseable:\n<ul class=\"wp-block-list\">\n<li>Dominio del idioma quechua<\/li>\n\n\n\n<li>Licencia de conducir A1<\/li>\n\n\n\n<li>Licencia de conducir motocicleta<\/li>\n<\/ul>\n<\/li>\n<\/ul>\n\n\n\n<p class=\"has-text-align-center\" style=\"font-size:30px\"><strong><a href=\"https:\/\/drive.google.com\/file\/d\/16OB-A0Dws0x0Pdh1YSOnguD_w3yY3T6R\/view?usp=sharing\" target=\"_blank\" rel=\"noreferrer noopener\">VER T\u00c9RMINOS DE REFERENCIA<\/a><\/strong><\/p>\n\n\n\n<p>Las\/os interesadas\/os enviar su CV documentado en formato PDF al correo: <a href=\"mailto:osmar.ajahuana@cfc.org.pe\">osmar.ajahuana@cfc.org.pe<\/a>; <a href=\"mailto:cfc.espinar@cfc.org.pe\">cfc.espinar@cfc.org.pe<\/a><\/p>\n\n\n\n<ul class=\"wp-block-list\">\n<li>Indicar en asunto: Postulante \u201cEspecialista de componente 4 de Programa_ CFC\u201d.<\/li>\n\n\n\n<li>La entrevista VIA ONLINE de candidatos preseleccionados se comunicar\u00e1 mediante correo electr\u00f3nico.<\/li>\n<\/ul>\n\n\n\n<p class=\"has-text-align-center\"><a href=\"https:\/\/redinfor.com.pe\/portal\/2019\/04\/24\/monitoreo-y-evaluacion-de-programas-y-proyectos-sociales\/\" target=\"_blank\" rel=\"noreferrer noopener\"><img decoding=\"async\" src=\" https:\/\/redinfor.com.pe\/Avisos\/MEPPS\/MEPPS_advisor_large.jpg \"><\/a><\/p>\n","protected":false},"excerpt":{"rendered":"<p>PROGRAMA DE MEJORAMIENTO DE CONFIANZA: ESTRATEGIAS PARA EL PLAN DE RELACIONAMIENTO CON PARTES INTERESADAS 2026 COMPONENTE 4: ARTESAN\u00cdA Y COMERCIO \u00abESPINAR PARA EL MUNDO\u00bb CONTRATACI\u00d3N DEL UN ESPECIALISTA EN PRODUCCION&hellip; <\/p>\n","protected":false},"author":1,"featured_media":44843,"comment_status":"closed","ping_status":"closed","sticky":false,"template":"","format":"standard","meta":{"footnotes":""},"categories":[406],"tags":[616,1414,905,3957,867,195,427,3624,323,623,456,425,709,428,1463,3769,940],"class_list":["post-51585","post","type-post","status-publish","format-standard","has-post-thumbnail","hentry","category-convoca_pub","tag-artesanal","tag-artesania","tag-articulacion","tag-cfc","tag-comercial","tag-empresarial","tag-especialista","tag-espinar","tag-gestion","tag-industrial","tag-ingenieria","tag-ingeniero","tag-produccion","tag-tecnico","tag-tecnologo","tag-tejido","tag-textil"],"_links":{"self":[{"href":"https:\/\/redinfor.com.pe\/portal\/wp-json\/wp\/v2\/posts\/51585","targetHints":{"allow":["GET"]}}],"collection":[{"href":"https:\/\/redinfor.com.pe\/portal\/wp-json\/wp\/v2\/posts"}],"about":[{"href":"https:\/\/redinfor.com.pe\/portal\/wp-json\/wp\/v2\/types\/post"}],"author":[{"embeddable":true,"href":"https:\/\/redinfor.com.pe\/portal\/wp-json\/wp\/v2\/users\/1"}],"replies":[{"embeddable":true,"href":"https:\/\/redinfor.com.pe\/portal\/wp-json\/wp\/v2\/comments?post=51585"}],"version-history":[{"count":1,"href":"https:\/\/redinfor.com.pe\/portal\/wp-json\/wp\/v2\/posts\/51585\/revisions"}],"predecessor-version":[{"id":51586,"href":"https:\/\/redinfor.com.pe\/portal\/wp-json\/wp\/v2\/posts\/51585\/revisions\/51586"}],"wp:featuredmedia":[{"embeddable":true,"href":"https:\/\/redinfor.com.pe\/portal\/wp-json\/wp\/v2\/media\/44843"}],"wp:attachment":[{"href":"https:\/\/redinfor.com.pe\/portal\/wp-json\/wp\/v2\/media?parent=51585"}],"wp:term":[{"taxonomy":"category","embeddable":true,"href":"https:\/\/redinfor.com.pe\/portal\/wp-json\/wp\/v2\/categories?post=51585"},{"taxonomy":"post_tag","embeddable":true,"href":"https:\/\/redinfor.com.pe\/portal\/wp-json\/wp\/v2\/tags?post=51585"}],"curies":[{"name":"wp","href":"https:\/\/api.w.org\/{rel}","templated":true}]}}