{"id":51592,"date":"2026-03-10T13:37:59","date_gmt":"2026-03-10T18:37:59","guid":{"rendered":"https:\/\/redinfor.com.pe\/portal\/?p=51592"},"modified":"2026-03-10T13:38:01","modified_gmt":"2026-03-10T18:38:01","slug":"consultoria-para-fortalecer-las-capacidades-de-vigilancia-y-control-del-eca-amarakaeri","status":"publish","type":"post","link":"https:\/\/redinfor.com.pe\/portal\/2026\/03\/10\/consultoria-para-fortalecer-las-capacidades-de-vigilancia-y-control-del-eca-amarakaeri\/","title":{"rendered":"CONSULTOR\u00cdA PARA FORTALECER LAS CAPACIDADES DE VIGILANCIA Y CONTROL DEL ECA AMARAKAERI"},"content":{"rendered":"\n<p><strong>Objetivo de la contrataci\u00f3n\u00a0<\/strong><br>Contratar los servicios de un consultor para proveer el soporte t\u00e9cnico con enfoque\u00a0 intercultural para el programa de vigilancia comunitaria del ECA Amarakaeri en el marco de\u00a0 la implementaci\u00f3n de actividades de vigilancia y control, siguiendo los lineamientos y\u00a0 objetivos establecidos en los documentos de gesti\u00f3n de la Reserva Comunal Amarakaeri,\u00a0 de manera articulada con las comunidades socias del ECA Amarakaeri y la jefatura de la\u00a0 RCAMA\/SERNANP.\u00a0<\/p>\n\n\n\n<p class=\"has-text-align-center\"><a href=\"https:\/\/redinfor.com.pe\/portal\/2019\/04\/24\/responsabilidad-social-empresarial-y-relaciones-comunitarias\/\" target=\"_blank\" rel=\"noreferrer noopener\"><img decoding=\"async\" src=\" https:\/\/www.redinfor.com.pe\/Avisos\/RSE\/RSE_advisor.jpg \"><\/a><\/p>\n\n\n\n<p><strong>Perfil de la persona candidata\u00a0<\/strong><br><strong>El\/la candidato\/a debe cumplir con lo siguiente:\u00a0<\/strong><\/p>\n\n\n\n<ul class=\"wp-block-list\">\n<li>Profesional titulado y\/o bachiller en biolog\u00eda, ciencias ambientales, antropolog\u00eda, geograf\u00eda, ingenier\u00eda forestal, ecoturismo u otras carreras afines.\u00a0<\/li>\n\n\n\n<li>M\u00ednimo 5 a\u00f1os de experiencia profesional, en gesti\u00f3n ambiental, gesti\u00f3n de recursos\u00a0 naturales, conservaci\u00f3n de la biodiversidad, trabajo con pueblos ind\u00edgenas u otras\u00a0 tem\u00e1ticas relacionadas a gesti\u00f3n de ANP.\u00a0<\/li>\n\n\n\n<li>Experiencia de trabajo en del modelo de cogesti\u00f3n en Reservas Comunales, con\u00a0 conocimiento de su normativa, funcionamiento y actores clave.\u00a0<\/li>\n\n\n\n<li>Experiencia no menor a 2 a\u00f1os en facilitaci\u00f3n de procesos participativos con enfoque\u00a0 ind\u00edgena, intercultural, intergeneracional y de g\u00e9nero.<\/li>\n\n\n\n<li>Capacidad comprobada para coordinar con m\u00faltiples actores, p\u00fablicos y privados, en\u00a0 el contexto amaz\u00f3nico peruano.\u00a0<\/li>\n\n\n\n<li>Se valorar\u00e1 el manejo de lenguas ind\u00edgenas amaz\u00f3nicas o experiencia intercultural\u00a0 en territorios ind\u00edgenas.\u00a0<\/li>\n<\/ul>\n\n\n\n<p class=\"has-text-align-center\" style=\"font-size:30px\"><strong><a href=\"https:\/\/drive.google.com\/file\/d\/1UIAH0YlwglaHGOjAHTvjlivcT-6eev0y\/view?usp=sharing\" target=\"_blank\" rel=\"noreferrer noopener\">VER T\u00c9RMINOS DE REFERENCIA<\/a><\/strong><\/p>\n\n\n\n<p><strong>Postulaci\u00f3n\u00a0<\/strong><br>Las personas naturales que est\u00e9n interesadas en postular deber\u00e1n enviar sus CV o\u00a0 brochure de presentaci\u00f3n detallando su experiencia sobre la materia al correo\u00a0 <strong><a href=\"mailto:contrataciones@spda.org.pe\">contrataciones@spda.org.pe<\/a> \u00a0con el siguiente asunto: Consultor\u00eda vigilancia\u00a0 comunal ECA Amarakaeri.\u00a0<\/strong><\/p>\n\n\n\n<p><strong>El plazo para postular es hasta el 13 de marzo de 2026.<\/strong><\/p>\n\n\n\n<p class=\"has-text-align-center\"><a href=\"https:\/\/redinfor.com.pe\/portal\/2019\/02\/20\/diseno-y-formulacion-de-proyectos-sociales\/\" target=\"_blank\" rel=\"noreferrer noopener\"><img decoding=\"async\" src=\"https:\/\/redinfor.com.pe\/Avisos\/DFPS\/DFPS_advisor_large.jpg\"><\/a><\/p>\n\n\n\n<p><\/p>\n","protected":false},"excerpt":{"rendered":"<p>Objetivo de la contrataci\u00f3n\u00a0Contratar los servicios de un consultor para proveer el soporte t\u00e9cnico con enfoque\u00a0 intercultural para el programa de vigilancia comunitaria del ECA Amarakaeri en el marco de\u00a0&hellip; <\/p>\n","protected":false},"author":3,"featured_media":2844,"comment_status":"closed","ping_status":"closed","sticky":false,"template":"","format":"standard","meta":{"footnotes":""},"categories":[406],"tags":[139,2399,437,90,66,1941,53,323,799,456,425,245,141,67],"class_list":["post-51592","post","type-post","status-publish","format-standard","has-post-thumbnail","hentry","category-convoca_pub","tag-administracion","tag-capacidad","tag-comunicacion","tag-desarrollo","tag-evaluacion","tag-fortalecer","tag-genero","tag-gestion","tag-implementacion","tag-ingenieria","tag-ingeniero","tag-programa","tag-programas","tag-proyectos"],"_links":{"self":[{"href":"https:\/\/redinfor.com.pe\/portal\/wp-json\/wp\/v2\/posts\/51592","targetHints":{"allow":["GET"]}}],"collection":[{"href":"https:\/\/redinfor.com.pe\/portal\/wp-json\/wp\/v2\/posts"}],"about":[{"href":"https:\/\/redinfor.com.pe\/portal\/wp-json\/wp\/v2\/types\/post"}],"author":[{"embeddable":true,"href":"https:\/\/redinfor.com.pe\/portal\/wp-json\/wp\/v2\/users\/3"}],"replies":[{"embeddable":true,"href":"https:\/\/redinfor.com.pe\/portal\/wp-json\/wp\/v2\/comments?post=51592"}],"version-history":[{"count":1,"href":"https:\/\/redinfor.com.pe\/portal\/wp-json\/wp\/v2\/posts\/51592\/revisions"}],"predecessor-version":[{"id":51593,"href":"https:\/\/redinfor.com.pe\/portal\/wp-json\/wp\/v2\/posts\/51592\/revisions\/51593"}],"wp:featuredmedia":[{"embeddable":true,"href":"https:\/\/redinfor.com.pe\/portal\/wp-json\/wp\/v2\/media\/2844"}],"wp:attachment":[{"href":"https:\/\/redinfor.com.pe\/portal\/wp-json\/wp\/v2\/media?parent=51592"}],"wp:term":[{"taxonomy":"category","embeddable":true,"href":"https:\/\/redinfor.com.pe\/portal\/wp-json\/wp\/v2\/categories?post=51592"},{"taxonomy":"post_tag","embeddable":true,"href":"https:\/\/redinfor.com.pe\/portal\/wp-json\/wp\/v2\/tags?post=51592"}],"curies":[{"name":"wp","href":"https:\/\/api.w.org\/{rel}","templated":true}]}}