{"id":51617,"date":"2026-03-11T14:27:27","date_gmt":"2026-03-11T19:27:27","guid":{"rendered":"https:\/\/redinfor.com.pe\/portal\/?p=51617"},"modified":"2026-03-11T14:27:29","modified_gmt":"2026-03-11T19:27:29","slug":"convocatoria-de-coordinadora-de-proyectos-educacion","status":"publish","type":"post","link":"https:\/\/redinfor.com.pe\/portal\/2026\/03\/11\/convocatoria-de-coordinadora-de-proyectos-educacion\/","title":{"rendered":"CONVOCATORIA DE COORDINADOR(A) DE PROYECTOS \u2013 EDUCACI\u00d3N."},"content":{"rendered":"\n<p><strong>Funciones:<\/strong><\/p>\n\n\n\n<ul class=\"wp-block-list\">\n<li>Coordinar la planificaci\u00f3n y ejecuci\u00f3n de los proyectos del Programa Educaci\u00f3n para la Sostenibilidad y Educaci\u00f3n para la Vida, en coordinaci\u00f3n con las \u00e1reas de soporte.<\/li>\n\n\n\n<li>Gestionar la mejora continua de los proyectos del Programa Educaci\u00f3n para la Sostenibilidad y Educaci\u00f3n para la Vida.<\/li>\n\n\n\n<li>Planificar y administrar los procesos, la informaci\u00f3n y el presupuesto del Programa Educaci\u00f3n para la Sostenibilidad y Educaci\u00f3n para la Vida.<\/li>\n\n\n\n<li>Realizar visitas de campo y\/o acompa\u00f1amiento a los proyectos del Programa Educaci\u00f3n para la Sostenibilidad y Educaci\u00f3n para la Vida.<\/li>\n\n\n\n<li>Coordinar, monitorear y evaluar el trabajo de los aliados, consultores, operadores t\u00e9cnicos y practicantes.<\/li>\n\n\n\n<li>Entre otras funciones.<\/li>\n<\/ul>\n\n\n\n<p class=\"has-text-align-center\"><a href=\"https:\/\/redinfor.com.pe\/portal\/2019\/02\/20\/diseno-y-formulacion-de-proyectos-sociales\/\" target=\"_blank\" rel=\"noreferrer noopener\"><img decoding=\"async\" src=\"https:\/\/www.redinfor.com.pe\/Avisos\/DFPS\/DFPS_advisor.jpg\"><\/a><\/p>\n\n\n\n<p><strong>Requisitos:<\/strong><\/p>\n\n\n\n<ul class=\"wp-block-list\">\n<li>Profesional universitario(a) titulado(a) en Ingenier\u00eda Ambiental, Educaci\u00f3n o carreras afines.<\/li>\n\n\n\n<li>Deseables estudios de posgrado (diplomados, especializaciones, cursos, entre otros).<\/li>\n\n\n\n<li>Experiencia de 3 a 5 a\u00f1os en posiciones afines, como Supervisor(a), Coordinador(a) o similares.<\/li>\n\n\n\n<li>Experiencia en la gesti\u00f3n y desarrollo de talleres de capacitaci\u00f3n en conservaci\u00f3n y patrimonio.<\/li>\n<\/ul>\n\n\n\n<p><strong>Enviar su CV al correo:\u00a0<a href=\"mailto:erika.sandoval@mill.pe\" target=\"_blank\" rel=\"noreferrer noopener\">erika.sandoval@mill.pe<\/a><\/strong><br><strong>Asunto:<\/strong> Coordinador(a) de Proyectos &#8211; Educaci\u00f3n<\/p>\n\n\n\n<p class=\"has-text-align-center\"><a href=\"https:\/\/redinfor.com.pe\/portal\/2019\/04\/24\/sistematizacion-de-experiencias-de-programas-y-proyectos-sociales\/\" target=\"_blank\" rel=\"noreferrer noopener\"><img decoding=\"async\" src=\" https:\/\/redinfor.com.pe\/Avisos\/SEPPS\/SEPPS_advisor_large.jpg \"><\/a><\/p>\n\n\n\n<p><\/p>\n","protected":false},"excerpt":{"rendered":"<p>Funciones: Requisitos: Enviar su CV al correo:\u00a0erika.sandoval@mill.peAsunto: Coordinador(a) de Proyectos &#8211; Educaci\u00f3n<\/p>\n","protected":false},"author":3,"featured_media":46833,"comment_status":"closed","ping_status":"closed","sticky":false,"template":"","format":"standard","meta":{"footnotes":""},"categories":[406],"tags":[139,437,452,90,183,66,53,323,456,425,245,141,67],"class_list":["post-51617","post","type-post","status-publish","format-standard","has-post-thumbnail","hentry","category-convoca_pub","tag-administracion","tag-comunicacion","tag-coordinador","tag-desarrollo","tag-educacion","tag-evaluacion","tag-genero","tag-gestion","tag-ingenieria","tag-ingeniero","tag-programa","tag-programas","tag-proyectos"],"_links":{"self":[{"href":"https:\/\/redinfor.com.pe\/portal\/wp-json\/wp\/v2\/posts\/51617","targetHints":{"allow":["GET"]}}],"collection":[{"href":"https:\/\/redinfor.com.pe\/portal\/wp-json\/wp\/v2\/posts"}],"about":[{"href":"https:\/\/redinfor.com.pe\/portal\/wp-json\/wp\/v2\/types\/post"}],"author":[{"embeddable":true,"href":"https:\/\/redinfor.com.pe\/portal\/wp-json\/wp\/v2\/users\/3"}],"replies":[{"embeddable":true,"href":"https:\/\/redinfor.com.pe\/portal\/wp-json\/wp\/v2\/comments?post=51617"}],"version-history":[{"count":1,"href":"https:\/\/redinfor.com.pe\/portal\/wp-json\/wp\/v2\/posts\/51617\/revisions"}],"predecessor-version":[{"id":51618,"href":"https:\/\/redinfor.com.pe\/portal\/wp-json\/wp\/v2\/posts\/51617\/revisions\/51618"}],"wp:featuredmedia":[{"embeddable":true,"href":"https:\/\/redinfor.com.pe\/portal\/wp-json\/wp\/v2\/media\/46833"}],"wp:attachment":[{"href":"https:\/\/redinfor.com.pe\/portal\/wp-json\/wp\/v2\/media?parent=51617"}],"wp:term":[{"taxonomy":"category","embeddable":true,"href":"https:\/\/redinfor.com.pe\/portal\/wp-json\/wp\/v2\/categories?post=51617"},{"taxonomy":"post_tag","embeddable":true,"href":"https:\/\/redinfor.com.pe\/portal\/wp-json\/wp\/v2\/tags?post=51617"}],"curies":[{"name":"wp","href":"https:\/\/api.w.org\/{rel}","templated":true}]}}