{"id":51623,"date":"2026-03-11T14:40:35","date_gmt":"2026-03-11T19:40:35","guid":{"rendered":"https:\/\/redinfor.com.pe\/portal\/?p=51623"},"modified":"2026-03-11T14:40:37","modified_gmt":"2026-03-11T19:40:37","slug":"consultoria-para-la-gestion-tecnica-e-implementacion-del-acompanamiento-nutricional-en-ii-ee-de-tambogrande","status":"publish","type":"post","link":"https:\/\/redinfor.com.pe\/portal\/2026\/03\/11\/consultoria-para-la-gestion-tecnica-e-implementacion-del-acompanamiento-nutricional-en-ii-ee-de-tambogrande\/","title":{"rendered":"CONSULTORIA PARA LA GESTI\u00d3N T\u00c9CNICA E IMPLEMENTACI\u00d3N DEL ACOMPA\u00d1AMIENTO NUTRICIONAL EN\u00a0II.EE\u00a0DE TAMBOGRANDE"},"content":{"rendered":"\n<p><strong>Perfil del locador:\u00a0<\/strong><br><strong>Se busca un\/a locador\/a con experiencia en:\u00a0<\/strong><\/p>\n\n\n\n<ul class=\"wp-block-list\">\n<li>Acompa\u00f1amiento nutricional o intervenci\u00f3n comunitaria.&nbsp;<\/li>\n\n\n\n<li>Implementaci\u00f3n de talleres educativos sobre estilos de vida saludable.<\/li>\n\n\n\n<li>Coordinaci\u00f3n con II.EE, centros de salud, municipalidades y autoridades locales.&nbsp;<\/li>\n\n\n\n<li>Sistematizaci\u00f3n de informaci\u00f3n y evaluaci\u00f3n.&nbsp;<\/li>\n<\/ul>\n\n\n\n<p class=\"has-text-align-center\"><a href=\"https:\/\/redinfor.com.pe\/portal\/2019\/04\/24\/metodologias-de-capacitacion-para-poblaciones-rurales\/\" target=\"_blank\" rel=\"noreferrer noopener\"><img decoding=\"async\" src=\" https:\/\/www.redinfor.com.pe\/Avisos\/MCPR\/MCPR_advisor.jpg \"><\/a><\/p>\n\n\n\n<p><strong>Requisitos espec\u00edficos:&nbsp;<\/strong><\/p>\n\n\n\n<ul class=\"wp-block-list\">\n<li>Bachiller o Licenciado\/a en Nutrici\u00f3n, Enfermer\u00eda, Salud P\u00fablica o carreras afines.&nbsp;<\/li>\n\n\n\n<li>M\u00ednimo 3 a\u00f1os de experiencia en trabajo con poblaci\u00f3n escolar y\/o comunidades rurales.&nbsp;<\/li>\n\n\n\n<li>Conocimiento en educaci\u00f3n nutricional, promoci\u00f3n de h\u00e1bitos de alimentaci\u00f3n saludable y trabajo con comedores o entornos alimentarios escolares.<\/li>\n\n\n\n<li>Habilidades para trabajo comunitario, facilitaci\u00f3n de espacios formativos y articulaci\u00f3n con actores de la comunidad educativa y servicios de salud.<\/li>\n\n\n\n<li>Deseable: Experiencia en intervenciones o proyectos desarrollados en contextos rurales.<\/li>\n<\/ul>\n\n\n\n<p class=\"has-text-align-center\" style=\"font-size:30px\"><strong><a href=\"https:\/\/drive.google.com\/file\/d\/18Sgbwx6PnTrAKK4hmatJE1JV4cYrgS3c\/view?usp=sharing\" target=\"_blank\" rel=\"noreferrer noopener\">VER T\u00c9RMINOS DE REFERENCIA<\/a><\/strong><\/p>\n\n\n\n<p><strong>Env\u00edo de postulaciones:\u00a0<\/strong><br><strong>Las personas interesadas deber\u00e1n enviar su CV y video al correo electr\u00f3nico: <a href=\"mailto:jovita.zurita@ensenaperu.org\">jovita.zurita@ensenaperu.org<\/a> \u00a0con el asunto: \u201cLocaci\u00f3n de servicios para la gesti\u00f3n t\u00e9cnica e implementaci\u00f3n del acompa\u00f1amiento nutricional en II.EE de Tambogrande\u201d<\/strong><\/p>\n\n\n\n<p class=\"has-text-align-center\"><a href=\"https:\/\/redinfor.com.pe\/portal\/2019\/04\/24\/monitoreo-y-evaluacion-de-programas-y-proyectos-sociales\/\" target=\"_blank\" rel=\"noreferrer noopener\"><img decoding=\"async\" src=\" https:\/\/redinfor.com.pe\/Avisos\/MEPPS\/MEPPS_advisor_large.jpg \"><\/a><\/p>\n\n\n\n<p><\/p>\n","protected":false},"excerpt":{"rendered":"<p>Perfil del locador:\u00a0Se busca un\/a locador\/a con experiencia en:\u00a0 Requisitos espec\u00edficos:&nbsp; VER T\u00c9RMINOS DE REFERENCIA Env\u00edo de postulaciones:\u00a0Las personas interesadas deber\u00e1n enviar su CV y video al correo electr\u00f3nico: jovita.zurita@ensenaperu.org&hellip; <\/p>\n","protected":false},"author":3,"featured_media":47191,"comment_status":"closed","ping_status":"closed","sticky":false,"template":"","format":"standard","meta":{"footnotes":""},"categories":[406],"tags":[139,437,1140,90,66,53,323,799,456,425,449,141,67,63],"class_list":["post-51623","post","type-post","status-publish","format-standard","has-post-thumbnail","hentry","category-convoca_pub","tag-administracion","tag-comunicacion","tag-coordinacion","tag-desarrollo","tag-evaluacion","tag-genero","tag-gestion","tag-implementacion","tag-ingenieria","tag-ingeniero","tag-nutricion","tag-programas","tag-proyectos","tag-sistematizacion"],"_links":{"self":[{"href":"https:\/\/redinfor.com.pe\/portal\/wp-json\/wp\/v2\/posts\/51623","targetHints":{"allow":["GET"]}}],"collection":[{"href":"https:\/\/redinfor.com.pe\/portal\/wp-json\/wp\/v2\/posts"}],"about":[{"href":"https:\/\/redinfor.com.pe\/portal\/wp-json\/wp\/v2\/types\/post"}],"author":[{"embeddable":true,"href":"https:\/\/redinfor.com.pe\/portal\/wp-json\/wp\/v2\/users\/3"}],"replies":[{"embeddable":true,"href":"https:\/\/redinfor.com.pe\/portal\/wp-json\/wp\/v2\/comments?post=51623"}],"version-history":[{"count":1,"href":"https:\/\/redinfor.com.pe\/portal\/wp-json\/wp\/v2\/posts\/51623\/revisions"}],"predecessor-version":[{"id":51624,"href":"https:\/\/redinfor.com.pe\/portal\/wp-json\/wp\/v2\/posts\/51623\/revisions\/51624"}],"wp:featuredmedia":[{"embeddable":true,"href":"https:\/\/redinfor.com.pe\/portal\/wp-json\/wp\/v2\/media\/47191"}],"wp:attachment":[{"href":"https:\/\/redinfor.com.pe\/portal\/wp-json\/wp\/v2\/media?parent=51623"}],"wp:term":[{"taxonomy":"category","embeddable":true,"href":"https:\/\/redinfor.com.pe\/portal\/wp-json\/wp\/v2\/categories?post=51623"},{"taxonomy":"post_tag","embeddable":true,"href":"https:\/\/redinfor.com.pe\/portal\/wp-json\/wp\/v2\/tags?post=51623"}],"curies":[{"name":"wp","href":"https:\/\/api.w.org\/{rel}","templated":true}]}}