{"id":51625,"date":"2026-03-11T14:47:39","date_gmt":"2026-03-11T19:47:39","guid":{"rendered":"https:\/\/redinfor.com.pe\/portal\/?p=51625"},"modified":"2026-03-11T14:47:41","modified_gmt":"2026-03-11T19:47:41","slug":"convocatoria-de-coordinadora-de-proyectos-angeles-d1","status":"publish","type":"post","link":"https:\/\/redinfor.com.pe\/portal\/2026\/03\/11\/convocatoria-de-coordinadora-de-proyectos-angeles-d1\/","title":{"rendered":"CONVOCATORIA DE COORDINADOR(A) DE PROYECTOS \u2013 \u00c1NGELES D1"},"content":{"rendered":"\n<p>En Asociaci\u00f3n Cultural D1 llevamos m\u00e1s de 20 a\u00f1os demostrando que el arte transforma vidas y abre oportunidades. A trav\u00e9s de \u00c1ngeles D1 impulsamos programas que utilizan el movimiento y la danza como herramientas para fortalecer habilidades socioemocionales y reducir factores de riesgo en ni\u00f1as, ni\u00f1os, adolescentes y j\u00f3venes en contextos de vulnerabilidad.&nbsp;<\/p>\n\n\n\n<p>Buscamos una persona estrat\u00e9gica, resolutiva y comprometida con el cambio social, que pueda liderar la implementaci\u00f3n de proyectos en territorio, acompa\u00f1ar equipos pedag\u00f3gicos y contribuir al fortalecimiento institucional de nuestros programas.&nbsp;<\/p>\n\n\n\n<p><strong>Misi\u00f3n del puesto:\u00a0<\/strong><br>Coordinar la implementaci\u00f3n, seguimiento y mejora de los proyectos asignados del portafolio de \u00c1ngeles D1, asegurando la calidad de los procesos formativos, el cumplimiento de objetivos e indicadores, y la articulaci\u00f3n con actores locales, en coherencia con la teor\u00eda de cambio de \u00c1ngeles D1.\u00a0<\/p>\n\n\n\n<p>El puesto combina gesti\u00f3n operativa en territorio, coordinaci\u00f3n de equipos pedag\u00f3gicos y participaci\u00f3n en procesos estrat\u00e9gicos institucionales, contribuyendo al fortalecimiento, la sostenibilidad y el impacto del programa.&nbsp;<\/p>\n\n\n\n<p><strong>Principales responsabilidades&nbsp;<\/strong><\/p>\n\n\n\n<ul class=\"wp-block-list\">\n<li>Gesti\u00f3n de proyectos&nbsp;<\/li>\n\n\n\n<li>Coordinar la implementaci\u00f3n de los proyectos asignados del portafolio de \u00c1ngeles D1, asegurando el cumplimiento de metas, cronogramas e indicadores.<\/li>\n\n\n\n<li>Realizar el seguimiento t\u00e9cnico y operativo de las actividades formativas en los territorios de intervenci\u00f3n.&nbsp;<\/li>\n\n\n\n<li>Identificar riesgos o dificultades en la ejecuci\u00f3n de los proyectos y proponer soluciones oportunas y eficientes.\u00a0<\/li>\n\n\n\n<li>Gestionar los recursos asignados a los proyectos de manera responsable, optimizando su uso.\u00a0<\/li>\n\n\n\n<li>Elaborar reportes de seguimiento, sistematizaci\u00f3n y evaluaci\u00f3n de los proyectos.\u00a0<\/li>\n<\/ul>\n\n\n\n<p class=\"has-text-align-center\"><a href=\"https:\/\/redinfor.com.pe\/portal\/2019\/02\/20\/diseno-y-formulacion-de-proyectos-sociales\/\" target=\"_blank\" rel=\"noreferrer noopener\"><img decoding=\"async\" src=\"https:\/\/www.redinfor.com.pe\/Avisos\/DFPS\/DFPS_advisor.jpg\"><\/a><\/p>\n\n\n\n<p><strong>Coordinaci\u00f3n pedag\u00f3gica\u00a0<\/strong><\/p>\n\n\n\n<ul class=\"wp-block-list\">\n<li>Acompa\u00f1ar y supervisar el trabajo de profesores\/as de danza y facilitadores\/as, promoviendo la calidad de los procesos formativos.&nbsp;<\/li>\n\n\n\n<li>Velar por la correcta implementaci\u00f3n del modelo educativo y metodol\u00f3gico de \u00c1ngeles D1.&nbsp;<\/li>\n\n\n\n<li>Generar espacios de retroalimentaci\u00f3n y mejora continua con el equipo pedag\u00f3gico.<\/li>\n\n\n\n<li>Promover entornos seguros y protectores para las y los participantes.&nbsp;<\/li>\n<\/ul>\n\n\n\n<p><strong>Articulaci\u00f3n territorial&nbsp;<\/strong><\/p>\n\n\n\n<ul class=\"wp-block-list\">\n<li>Coordinar con municipalidades, instituciones educativas y actores del ecosistema local para fortalecer la implementaci\u00f3n de los proyectos.&nbsp;<\/li>\n\n\n\n<li>Contribuir al desarrollo de redes de soporte comunitarias en los territorios de intervenci\u00f3n.&nbsp;<\/li>\n\n\n\n<li>Participar en procesos estrat\u00e9gicos de \u00c1ngeles D1, incluyendo campa\u00f1as de recaudaci\u00f3n, eventos institucionales y actividades de posicionamiento del programa.&nbsp;<\/li>\n\n\n\n<li>Contribuir a la identificaci\u00f3n de oportunidades de mejora, expansi\u00f3n o fortalecimiento de los proyectos del portafolio.&nbsp;<\/li>\n\n\n\n<li>Aportar a procesos de planificaci\u00f3n, monitoreo y aprendizaje institucional. <\/li>\n<\/ul>\n\n\n\n<p><strong>Requisitos\u00a0<\/strong><\/p>\n\n\n\n<ul class=\"wp-block-list\">\n<li>Profesional en Gesti\u00f3n Social, Ciencias Sociales, Educaci\u00f3n, Comunicaci\u00f3n para el Desarrollo, Gesti\u00f3n Cultural o carreras afines.&nbsp;<\/li>\n\n\n\n<li>Experiencia m\u00ednima de 4 a\u00f1os en la implementaci\u00f3n de proyectos sociales, educativos o culturales.&nbsp;<\/li>\n\n\n\n<li>Experiencia trabajando con ni\u00f1ez, adolescencia y juventudes en contextos de vulnerabilidad.&nbsp;<\/li>\n\n\n\n<li>Experiencia en coordinaci\u00f3n y acompa\u00f1amiento de equipos de trabajo.<\/li>\n\n\n\n<li>Conocimiento en monitoreo y evaluaci\u00f3n de proyectos sociales.\u00a0<\/li>\n\n\n\n<li>Experiencia trabajando con actores del ecosistema local en las regiones de intervenci\u00f3n de \u00c1ngeles D1: Lima, Ica y Callao (municipalidades, instituciones educativas, organizaciones comunitarias o cooperaci\u00f3n).\u00a0<\/li>\n\n\n\n<li>Deseable experiencia o conocimientos en recaudaci\u00f3n de fondos y estrategias de crowdfunding.\u00a0<\/li>\n\n\n\n<li>Deseable nivel de ingl\u00e9s avanzado.\u00a0<\/li>\n<\/ul>\n\n\n\n<p><strong>Competencias clave&nbsp;<\/strong><\/p>\n\n\n\n<ul class=\"wp-block-list\">\n<li>Liderazgo y gesti\u00f3n de equipos y\/o voluntarios&nbsp;<\/li>\n\n\n\n<li>Pensamiento estrat\u00e9gico y orientaci\u00f3n a resultados&nbsp;<\/li>\n\n\n\n<li>Capacidad de an\u00e1lisis y resoluci\u00f3n de problemas&nbsp;<\/li>\n\n\n\n<li>Autonom\u00eda y gesti\u00f3n eficiente de recursos&nbsp;<\/li>\n\n\n\n<li>Habilidades de articulaci\u00f3n institucional y comunitaria&nbsp;<\/li>\n\n\n\n<li>Compromiso con el desarrollo social y el trabajo con juventudes&nbsp;<\/li>\n<\/ul>\n\n\n\n<p><strong>Lo que ofrecemos&nbsp;<\/strong><\/p>\n\n\n\n<ul class=\"wp-block-list\">\n<li>Posici\u00f3n full-time con todos los beneficios de la ley.&nbsp;<\/li>\n\n\n\n<li>Ser parte de una organizaci\u00f3n con prop\u00f3sito y alto impacto social.<\/li>\n\n\n\n<li>Un entorno creativo, din\u00e1mico y colaborativo.<\/li>\n\n\n\n<li>La oportunidad de contribuir a la transformaci\u00f3n social a trav\u00e9s del arte y el movimiento.&nbsp;<\/li>\n\n\n\n<li>Experiencia directa en la implementaci\u00f3n de programas innovadores de desarrollo humano.&nbsp;<\/li>\n<\/ul>\n\n\n\n<p><strong>Proceso de postulaci\u00f3n&nbsp;<\/strong><\/p>\n\n\n\n<ul class=\"wp-block-list\">\n<li>Enviar hasta el 18 de marzo del 2026.&nbsp;<\/li>\n\n\n\n<li>CV actualizado.&nbsp;<\/li>\n\n\n\n<li>Carta de motivaci\u00f3n.&nbsp;<\/li>\n\n\n\n<li>Pretensi\u00f3n salarial.&nbsp;<\/li>\n<\/ul>\n\n\n\n<p><strong>Al correo: <a href=\"mailto:info@d1-dance.com\">info@d1-dance.com<\/a> \u00a0<\/strong><br><strong>Asunto:<\/strong> Coordinador\/a de Proyectos \u2013 \u00c1ngeles D1<\/p>\n\n\n\n<p class=\"has-text-align-center\"><a href=\"https:\/\/redinfor.com.pe\/portal\/2019\/04\/24\/sistematizacion-de-experiencias-de-programas-y-proyectos-sociales\/\" target=\"_blank\" rel=\"noreferrer noopener\"><img decoding=\"async\" src=\" https:\/\/redinfor.com.pe\/Avisos\/SEPPS\/SEPPS_advisor_large.jpg \"><\/a><\/p>\n","protected":false},"excerpt":{"rendered":"<p>En Asociaci\u00f3n Cultural D1 llevamos m\u00e1s de 20 a\u00f1os demostrando que el arte transforma vidas y abre oportunidades. A trav\u00e9s de \u00c1ngeles D1 impulsamos programas que utilizan el movimiento y&hellip; <\/p>\n","protected":false},"author":3,"featured_media":46753,"comment_status":"closed","ping_status":"closed","sticky":false,"template":"","format":"standard","meta":{"footnotes":""},"categories":[406],"tags":[139,437,1140,66,53,323,561,456,425,245,141,67],"class_list":["post-51625","post","type-post","status-publish","format-standard","has-post-thumbnail","hentry","category-convoca_pub","tag-administracion","tag-comunicacion","tag-coordinacion","tag-evaluacion","tag-genero","tag-gestion","tag-habilidades","tag-ingenieria","tag-ingeniero","tag-programa","tag-programas","tag-proyectos"],"_links":{"self":[{"href":"https:\/\/redinfor.com.pe\/portal\/wp-json\/wp\/v2\/posts\/51625","targetHints":{"allow":["GET"]}}],"collection":[{"href":"https:\/\/redinfor.com.pe\/portal\/wp-json\/wp\/v2\/posts"}],"about":[{"href":"https:\/\/redinfor.com.pe\/portal\/wp-json\/wp\/v2\/types\/post"}],"author":[{"embeddable":true,"href":"https:\/\/redinfor.com.pe\/portal\/wp-json\/wp\/v2\/users\/3"}],"replies":[{"embeddable":true,"href":"https:\/\/redinfor.com.pe\/portal\/wp-json\/wp\/v2\/comments?post=51625"}],"version-history":[{"count":1,"href":"https:\/\/redinfor.com.pe\/portal\/wp-json\/wp\/v2\/posts\/51625\/revisions"}],"predecessor-version":[{"id":51626,"href":"https:\/\/redinfor.com.pe\/portal\/wp-json\/wp\/v2\/posts\/51625\/revisions\/51626"}],"wp:featuredmedia":[{"embeddable":true,"href":"https:\/\/redinfor.com.pe\/portal\/wp-json\/wp\/v2\/media\/46753"}],"wp:attachment":[{"href":"https:\/\/redinfor.com.pe\/portal\/wp-json\/wp\/v2\/media?parent=51625"}],"wp:term":[{"taxonomy":"category","embeddable":true,"href":"https:\/\/redinfor.com.pe\/portal\/wp-json\/wp\/v2\/categories?post=51625"},{"taxonomy":"post_tag","embeddable":true,"href":"https:\/\/redinfor.com.pe\/portal\/wp-json\/wp\/v2\/tags?post=51625"}],"curies":[{"name":"wp","href":"https:\/\/api.w.org\/{rel}","templated":true}]}}