{"id":51628,"date":"2026-03-11T15:57:21","date_gmt":"2026-03-11T20:57:21","guid":{"rendered":"https:\/\/redinfor.com.pe\/portal\/?p=51628"},"modified":"2026-03-11T15:57:24","modified_gmt":"2026-03-11T20:57:24","slug":"consultoria-para-el-servicio-de-comunicacion-social-en-territorio-proyecto-creciendo-juntos","status":"publish","type":"post","link":"https:\/\/redinfor.com.pe\/portal\/2026\/03\/11\/consultoria-para-el-servicio-de-comunicacion-social-en-territorio-proyecto-creciendo-juntos\/","title":{"rendered":"CONSULTOR\u00cdA PARA EL SERVICIO DE COMUNICACI\u00d3N SOCIAL EN TERRITORIO PROYECTO CRECIENDO JUNTOS"},"content":{"rendered":"\n<p><strong>OBJETIVO DE LA CONTRATACI\u00d3N\u00a0<\/strong><br>Se requiere contratar el servicio de (03) tres comunicadores que apoyen en la identificaci\u00f3n, articulaci\u00f3n y gesti\u00f3n de espacios de difusi\u00f3n comunitaria con medios y espacios locales de mayor alcance en localidades asignadas, a fin de posicionar la campa\u00f1a de comunicaci\u00f3n a las familias de la zona de intervenci\u00f3n del Programa \u201cCreciendo Juntos\u201d.<\/p>\n\n\n\n<p class=\"has-text-align-center\"><a href=\"https:\/\/redinfor.com.pe\/portal\/2019\/02\/20\/diseno-y-formulacion-de-proyectos-sociales\/\" target=\"_blank\" rel=\"noreferrer noopener\"><img decoding=\"async\" src=\"https:\/\/www.redinfor.com.pe\/Avisos\/DFPS\/DFPS_advisor.jpg\"><\/a><\/p>\n\n\n\n<p><strong>Formaci\u00f3n Acad\u00e9mica:\u00a0<\/strong><br>Egresado o Bachiller en comunicaci\u00f3n, sociolog\u00eda, psicolog\u00eda, antropolog\u00eda u otras carreras afines a las ciencias sociales o al trabajo comunitario.\u00a0<\/p>\n\n\n\n<p><strong>Experiencia Laboral general:\u00a0<\/strong><br>Experiencia en comunicaci\u00f3n vinculada a proyectos sociales o iniciativas de desarrollo.\u00a0<\/p>\n\n\n\n<p><strong>Experiencia Espec\u00edfica m\u00ednima:&nbsp;<\/strong><\/p>\n\n\n\n<ul class=\"wp-block-list\">\n<li>Experiencia en comunicaci\u00f3n comunitaria o en procesos de gesti\u00f3n territorial.&nbsp;<\/li>\n\n\n\n<li>Experiencia en articulaci\u00f3n o trabajo con medios de comunicaci\u00f3n locales.&nbsp;<\/li>\n\n\n\n<li>Conocimiento de la localidad asignada o experiencia de trabajo en la zona.&nbsp;<\/li>\n\n\n\n<li>Se valorar\u00e1 contar con una red de contactos locales.&nbsp;<\/li>\n<\/ul>\n\n\n\n<p><strong>Conocimientos:\u00a0<\/strong><br>Manejo b\u00e1sico de herramientas digitales (Excel, correo electr\u00f3nico y plataformas de videoconferencia).<\/p>\n\n\n\n<p class=\"has-text-align-center\" style=\"font-size:30px\"><strong><a href=\"https:\/\/drive.google.com\/file\/d\/10ktKUX6wrhX2m6M2czEyElisQNr8kpuo\/view?usp=sharing\" target=\"_blank\" rel=\"noreferrer noopener\">VER T\u00c9RMINOS DE REFERENCIA<\/a><\/strong><\/p>\n\n\n\n<p><strong>Postulaci\u00f3n\u00a0<\/strong><br><strong>Los interesados deber\u00e1n enviar su CV al siguiente enlace: <a href=\"https:\/\/forms.gle\/sbY1Asi1RPgeiV3e6\" target=\"_blank\" rel=\"noreferrer noopener\">https:\/\/forms.gle\/sbY1Asi1RPgeiV3e6<\/a> \u00a0hasta el 16 de marzo del 2026.<\/strong><\/p>\n\n\n\n<p class=\"has-text-align-center\"><a href=\"https:\/\/redinfor.com.pe\/portal\/2019\/04\/24\/monitoreo-y-evaluacion-de-programas-y-proyectos-sociales\/\" target=\"_blank\" rel=\"noreferrer noopener\"><img decoding=\"async\" src=\" https:\/\/redinfor.com.pe\/Avisos\/MEPPS\/MEPPS_advisor_large.jpg \"><\/a><\/p>\n\n\n\n<p><\/p>\n","protected":false},"excerpt":{"rendered":"<p>OBJETIVO DE LA CONTRATACI\u00d3N\u00a0Se requiere contratar el servicio de (03) tres comunicadores que apoyen en la identificaci\u00f3n, articulaci\u00f3n y gesti\u00f3n de espacios de difusi\u00f3n comunitaria con medios y espacios locales&hellip; <\/p>\n","protected":false},"author":3,"featured_media":6316,"comment_status":"closed","ping_status":"closed","sticky":false,"template":"","format":"standard","meta":{"footnotes":""},"categories":[406],"tags":[139,437,90,66,53,323,456,425,141,67,436,476,2177],"class_list":["post-51628","post","type-post","status-publish","format-standard","has-post-thumbnail","hentry","category-convoca_pub","tag-administracion","tag-comunicacion","tag-desarrollo","tag-evaluacion","tag-genero","tag-gestion","tag-ingenieria","tag-ingeniero","tag-programas","tag-proyectos","tag-psicologia","tag-sociologia","tag-territorio"],"_links":{"self":[{"href":"https:\/\/redinfor.com.pe\/portal\/wp-json\/wp\/v2\/posts\/51628","targetHints":{"allow":["GET"]}}],"collection":[{"href":"https:\/\/redinfor.com.pe\/portal\/wp-json\/wp\/v2\/posts"}],"about":[{"href":"https:\/\/redinfor.com.pe\/portal\/wp-json\/wp\/v2\/types\/post"}],"author":[{"embeddable":true,"href":"https:\/\/redinfor.com.pe\/portal\/wp-json\/wp\/v2\/users\/3"}],"replies":[{"embeddable":true,"href":"https:\/\/redinfor.com.pe\/portal\/wp-json\/wp\/v2\/comments?post=51628"}],"version-history":[{"count":1,"href":"https:\/\/redinfor.com.pe\/portal\/wp-json\/wp\/v2\/posts\/51628\/revisions"}],"predecessor-version":[{"id":51629,"href":"https:\/\/redinfor.com.pe\/portal\/wp-json\/wp\/v2\/posts\/51628\/revisions\/51629"}],"wp:featuredmedia":[{"embeddable":true,"href":"https:\/\/redinfor.com.pe\/portal\/wp-json\/wp\/v2\/media\/6316"}],"wp:attachment":[{"href":"https:\/\/redinfor.com.pe\/portal\/wp-json\/wp\/v2\/media?parent=51628"}],"wp:term":[{"taxonomy":"category","embeddable":true,"href":"https:\/\/redinfor.com.pe\/portal\/wp-json\/wp\/v2\/categories?post=51628"},{"taxonomy":"post_tag","embeddable":true,"href":"https:\/\/redinfor.com.pe\/portal\/wp-json\/wp\/v2\/tags?post=51628"}],"curies":[{"name":"wp","href":"https:\/\/api.w.org\/{rel}","templated":true}]}}