{"id":51630,"date":"2026-03-11T16:03:58","date_gmt":"2026-03-11T21:03:58","guid":{"rendered":"https:\/\/redinfor.com.pe\/portal\/?p=51630"},"modified":"2026-03-11T16:04:00","modified_gmt":"2026-03-11T21:04:00","slug":"convocatoria-de-facilitadora-comunitarioa-de-danza-angeles-d1","status":"publish","type":"post","link":"https:\/\/redinfor.com.pe\/portal\/2026\/03\/11\/convocatoria-de-facilitadora-comunitarioa-de-danza-angeles-d1\/","title":{"rendered":"CONVOCATORIA DE FACILITADOR(A) COMUNITARIO(A) DE DANZA \u2013 \u00c1NGELES D1"},"content":{"rendered":"\n<p>En Asociaci\u00f3n Cultural D1 llevamos m\u00e1s de 20 a\u00f1os demostrando que el arte transforma vidas y abre oportunidades. A trav\u00e9s de \u00c1ngeles D1, impulsamos programas que utilizan la danza y el movimiento como herramientas para fortalecer habilidades socioemocionales y reducir factores de riesgo en ni\u00f1as, ni\u00f1os, adolescentes y j\u00f3venes en contextos de vulnerabilidad.&nbsp;<\/p>\n\n\n\n<p>Buscamos 3 facilitadores\/as comunitarios\/as de danza comprometidos con el trabajo social y educativo, que acompa\u00f1en procesos formativos con ni\u00f1eces y adolescencias, promoviendo espacios seguros de aprendizaje, expresi\u00f3n y desarrollo personal, a trav\u00e9s de la danza y el movimiento.&nbsp;<\/p>\n\n\n\n<p><strong>Misi\u00f3n del puesto:\u00a0<\/strong><br>Facilitar procesos formativos en danza y movimiento con ni\u00f1as, ni\u00f1os y adolescentes en instituciones educativas p\u00fablicas y espacios comunitarios, promoviendo el desarrollo de habilidades socioemocionales y entorno seguros, en coherencia con la metodolog\u00eda educativa de D1 y los programas Espacios Culturales y Revelarte de \u00c1ngeles D1.\u00a0<\/p>\n\n\n\n<p>El puesto combina docencia art\u00edstica, acompa\u00f1amiento socioemocional y trabajo comunitario en territorio, contribuyendo al bienestar y desarrollo integral de las y los participantes.&nbsp;<\/p>\n\n\n\n<p><strong>Principales responsabilidades&nbsp;<\/strong><\/p>\n\n\n\n<ul class=\"wp-block-list\">\n<li>Facilitaci\u00f3n pedag\u00f3gica&nbsp;<\/li>\n\n\n\n<li>Dise\u00f1ar y facilitar sesiones de danza y movimiento dirigidas a ni\u00f1as, ni\u00f1os y adolescentes.&nbsp;<\/li>\n\n\n\n<li>Implementar las sesiones pedag\u00f3gicas siguiendo la metodolog\u00eda educativa de D1 y del programa Revelarte.\u00a0<\/li>\n\n\n\n<li>Promover espacios seguros, participativos y respetuosos que favorezcan la expresi\u00f3n art\u00edstica y el desarrollo personal.\u00a0<\/li>\n\n\n\n<li>Adaptar las actividades pedag\u00f3gicas seg\u00fan las caracter\u00edsticas y necesidades de los grupos.\u00a0<\/li>\n<\/ul>\n\n\n\n<p class=\"has-text-align-center\"><a href=\"https:\/\/redinfor.com.pe\/portal\/2019\/04\/24\/transversalizacion-del-enfoque-de-genero-en-programas-y-proyectos-sociales\/\" target=\"_blank\" rel=\"noreferrer noopener\"><img decoding=\"async\" src=\" https:\/\/www.redinfor.com.pe\/Avisos\/TEGPPS\/TEGPPS_advisor.jpg \"><\/a><\/p>\n\n\n\n<p><strong>Acompa\u00f1amiento socioemocional\u00a0<\/strong><\/p>\n\n\n\n<ul class=\"wp-block-list\">\n<li>Promover el desarrollo de habilidades socioemocionales a trav\u00e9s de procesos art\u00edsticos y pedag\u00f3gicos.&nbsp;<\/li>\n\n\n\n<li>Realizar observaci\u00f3n y seguimiento del bienestar de las y los participantes.<\/li>\n\n\n\n<li>Contribuir a la generaci\u00f3n de entornos seguros dentro de los espacios formativos.&nbsp;<\/li>\n<\/ul>\n\n\n\n<p><strong>Monitoreo y seguimiento<\/strong><\/p>\n\n\n\n<ul class=\"wp-block-list\">\n<li>Registrar y reportar informaci\u00f3n sobre las actividades realizadas y la participaci\u00f3n de las y los estudiantes.&nbsp;<\/li>\n\n\n\n<li>Apoyar en el monitoreo de habilidades socioemocionales de las ni\u00f1eces y adolescencias participantes.&nbsp;<\/li>\n\n\n\n<li>Contribuir a procesos de evaluaci\u00f3n y aprendizaje del programa.&nbsp;<\/li>\n<\/ul>\n\n\n\n<p><strong>Trabajo comunitario&nbsp;<\/strong><\/p>\n\n\n\n<ul class=\"wp-block-list\">\n<li>Facilitar procesos comunitarios vinculados a los programas Espacios Culturales y Revelarte.&nbsp;<\/li>\n\n\n\n<li>Articular con docentes, directivos y actores de la comunidad educativa para fortalecer la implementaci\u00f3n del programa.&nbsp;<\/li>\n\n\n\n<li>Participar en actividades comunitarias, presentaciones art\u00edsticas y eventos institucionales.&nbsp;<\/li>\n<\/ul>\n\n\n\n<p><strong>Requisitos&nbsp;<\/strong><strong><\/strong><\/p>\n\n\n\n<ul class=\"wp-block-list\">\n<li>Formaci\u00f3n o experiencia en danza, artes esc\u00e9nicas, educaci\u00f3n art\u00edstica o carreras afines.&nbsp;<\/li>\n\n\n\n<li>Experiencia m\u00ednima de 1 a\u00f1o en docencia o facilitaci\u00f3n art\u00edstica con ni\u00f1as, ni\u00f1os o adolescentes.&nbsp;<\/li>\n\n\n\n<li>Conocimiento o experiencia en la metodolog\u00eda educativa de D1.<\/li>\n\n\n\n<li>Experiencia o inter\u00e9s en trabajo comunitario y educativo en contextos de vulnerabilidad.&nbsp;<\/li>\n\n\n\n<li>Disponibilidad para trabajar en territorio (Callao y\/o Ventanilla).&nbsp;<\/li>\n<\/ul>\n\n\n\n<p><strong>Competencias clave&nbsp;<\/strong><\/p>\n\n\n\n<ul class=\"wp-block-list\">\n<li>Habilidades pedag\u00f3gicas y de facilitaci\u00f3n art\u00edstica.&nbsp;<\/li>\n\n\n\n<li>Empat\u00eda y capacidad de acompa\u00f1amiento socioemocional.&nbsp;<\/li>\n\n\n\n<li>Trabajo en equipo y comunicaci\u00f3n interpersonal.&nbsp;<\/li>\n\n\n\n<li>Sensibilidad social y compromiso comunitario.&nbsp;<\/li>\n\n\n\n<li>Creatividad y capacidad de adaptaci\u00f3n en el aula.&nbsp;<\/li>\n<\/ul>\n\n\n\n<p><strong>Lo que ofrecemos&nbsp;<\/strong><\/p>\n\n\n\n<ul class=\"wp-block-list\">\n<li>Ser parte de una organizaci\u00f3n con prop\u00f3sito y alto impacto social.<\/li>\n\n\n\n<li>Un entorno creativo, din\u00e1mico y colaborativo.&nbsp;<\/li>\n\n\n\n<li>Experiencia en programas innovadores de arte y transformaci\u00f3n social.<\/li>\n\n\n\n<li>Un entorno creativo, colaborativo y de aprendizaje permanente.&nbsp;<\/li>\n<\/ul>\n\n\n\n<p><strong>Proceso de postulaci\u00f3n&nbsp;<\/strong><\/p>\n\n\n\n<ul class=\"wp-block-list\">\n<li>Enviar hasta el 18 de marzo del 2026.<\/li>\n\n\n\n<li>CV actualizado.&nbsp;<\/li>\n\n\n\n<li>Carta de motivaci\u00f3n.&nbsp;<\/li>\n\n\n\n<li>Pretensi\u00f3n salarial.&nbsp;<\/li>\n<\/ul>\n\n\n\n<p><strong>Al correo: <a href=\"mailto:info@d1-dance.com\">info@d1-dance.com<\/a> \u00a0<\/strong><br><strong>Asunto:<\/strong> Facilitador\/a Comunitario\/a de Danza \u2013 \u00c1ngeles D1\u00a0<\/p>\n\n\n\n<p class=\"has-text-align-center\"><a href=\"https:\/\/redinfor.com.pe\/portal\/2019\/04\/24\/metodologias-de-capacitacion-para-poblaciones-rurales\/\" target=\"_blank\" rel=\"noreferrer noopener\"><img decoding=\"async\" src=\" https:\/\/redinfor.com.pe\/Avisos\/MCPR\/MCPR_advisor_large.jpg \"><\/a><\/p>\n","protected":false},"excerpt":{"rendered":"<p>En Asociaci\u00f3n Cultural D1 llevamos m\u00e1s de 20 a\u00f1os demostrando que el arte transforma vidas y abre oportunidades. A trav\u00e9s de \u00c1ngeles D1, impulsamos programas que utilizan la danza y&hellip; <\/p>\n","protected":false},"author":3,"featured_media":50659,"comment_status":"closed","ping_status":"closed","sticky":false,"template":"","format":"standard","meta":{"footnotes":""},"categories":[406],"tags":[139,437,90,66,53,323,561,456,425,141,67,1209],"class_list":["post-51630","post","type-post","status-publish","format-standard","has-post-thumbnail","hentry","category-convoca_pub","tag-administracion","tag-comunicacion","tag-desarrollo","tag-evaluacion","tag-genero","tag-gestion","tag-habilidades","tag-ingenieria","tag-ingeniero","tag-programas","tag-proyectos","tag-socioemocional"],"_links":{"self":[{"href":"https:\/\/redinfor.com.pe\/portal\/wp-json\/wp\/v2\/posts\/51630","targetHints":{"allow":["GET"]}}],"collection":[{"href":"https:\/\/redinfor.com.pe\/portal\/wp-json\/wp\/v2\/posts"}],"about":[{"href":"https:\/\/redinfor.com.pe\/portal\/wp-json\/wp\/v2\/types\/post"}],"author":[{"embeddable":true,"href":"https:\/\/redinfor.com.pe\/portal\/wp-json\/wp\/v2\/users\/3"}],"replies":[{"embeddable":true,"href":"https:\/\/redinfor.com.pe\/portal\/wp-json\/wp\/v2\/comments?post=51630"}],"version-history":[{"count":1,"href":"https:\/\/redinfor.com.pe\/portal\/wp-json\/wp\/v2\/posts\/51630\/revisions"}],"predecessor-version":[{"id":51631,"href":"https:\/\/redinfor.com.pe\/portal\/wp-json\/wp\/v2\/posts\/51630\/revisions\/51631"}],"wp:featuredmedia":[{"embeddable":true,"href":"https:\/\/redinfor.com.pe\/portal\/wp-json\/wp\/v2\/media\/50659"}],"wp:attachment":[{"href":"https:\/\/redinfor.com.pe\/portal\/wp-json\/wp\/v2\/media?parent=51630"}],"wp:term":[{"taxonomy":"category","embeddable":true,"href":"https:\/\/redinfor.com.pe\/portal\/wp-json\/wp\/v2\/categories?post=51630"},{"taxonomy":"post_tag","embeddable":true,"href":"https:\/\/redinfor.com.pe\/portal\/wp-json\/wp\/v2\/tags?post=51630"}],"curies":[{"name":"wp","href":"https:\/\/api.w.org\/{rel}","templated":true}]}}