{"id":51632,"date":"2026-03-11T16:08:42","date_gmt":"2026-03-11T21:08:42","guid":{"rendered":"https:\/\/redinfor.com.pe\/portal\/?p=51632"},"modified":"2026-03-11T16:08:45","modified_gmt":"2026-03-11T21:08:45","slug":"convocatoria-de-pedagogo-a-especializado-en-la-ensenanza-de-ingles","status":"publish","type":"post","link":"https:\/\/redinfor.com.pe\/portal\/2026\/03\/11\/convocatoria-de-pedagogo-a-especializado-en-la-ensenanza-de-ingles\/","title":{"rendered":"CONVOCATORIA DE PEDAGOGO (A) ESPECIALIZADO EN LA ENSE\u00d1ANZA DE INGL\u00c9S"},"content":{"rendered":"\n<p>Fe y Alegr\u00eda es una asociaci\u00f3n sin fines de lucro que gestiona instituciones educativas p\u00fablicas&nbsp; con el compromiso de brindar educaci\u00f3n de calidad a los sectores excluidos y m\u00e1s vulnerables&nbsp; de la sociedad. Somos parte de la Federaci\u00f3n Internacional de Fe y Alegr\u00eda, presente en 22 pa\u00edses&nbsp; de Am\u00e9rica Latina, \u00c1frica y Europa. Estamos comprometidos con la construcci\u00f3n de una&nbsp; sociedad m\u00e1s justa y solidaria desde los valores evang\u00e9licos, gestionando una propuesta&nbsp; educativa p\u00fablica, transformadora y diversificada, como un referente de la educaci\u00f3n nacional.&nbsp;<\/p>\n\n\n\n<p>Estamos en b\u00fasqueda de un profesional para desempe\u00f1ar el cargo de Pedagogo (a), responsable&nbsp; del Programa para la ense\u00f1anza del ingl\u00e9s como segunda lengua, integrando el equipo de&nbsp; pedagogos de la Direcci\u00f3n de Propuesta Pedag\u00f3gica. La propuesta de calidad educativa de Fe y&nbsp; Alegr\u00eda apunta a que el estudiante avance en las competencias 13, 14 y 15 del CNEB de modo&nbsp; que adquiera un nivel avanzado en ingl\u00e9s, en la educaci\u00f3n b\u00e1sica o en la superior t\u00e9cnica.&nbsp;<\/p>\n\n\n\n<p><strong>REQUISITOS GENERALES:&nbsp;<\/strong><\/p>\n\n\n\n<ul class=\"wp-block-list\">\n<li>T\u00edtulo profesional en educaci\u00f3n, con especializad de ense\u00f1anza en ingl\u00e9s.&nbsp;<\/li>\n\n\n\n<li>Nivel avanzado de dominio del ingl\u00e9s (B+). Con certificaci\u00f3n internacional, deseable.&nbsp; &#8211; Estudios concluidos de maestr\u00eda, segunda especialidad, diplomado u otras&nbsp; especializaciones en temas relacionados a la tarea a desempe\u00f1ar.&nbsp;<\/li>\n\n\n\n<li>Experiencia m\u00ednima de 04 a\u00f1os en aula.&nbsp;<\/li>\n\n\n\n<li>Manejo adecuado de plataformas y herramientas virtuales de ense\u00f1anza de ingl\u00e9s.&nbsp;<\/li>\n<\/ul>\n\n\n\n<p><strong>PRINCIPALES FUNCIONES DEL CARGO (no limit\u00e1ndose a ellas):\u00a0<\/strong><br><strong>En su propia formaci\u00f3n:\u00a0<\/strong><\/p>\n\n\n\n<ul class=\"wp-block-list\">\n<li>Asumir su formaci\u00f3n permanente, personal y profesional, para responder a sus&nbsp; funciones y los desaf\u00edos de los nuevos escenarios.&nbsp;<\/li>\n\n\n\n<li>Reflexionar cr\u00edticamente sobre su pr\u00e1ctica como pedagogo y acompa\u00f1ante de las IIEE. &#8211; Actualizar permanentemente la informaci\u00f3n sobre el manejo del ingl\u00e9s como segunda&nbsp; lengua en las II.EE que acompa\u00f1a y el \u00e1mbito en que se encuentran.<\/li>\n\n\n\n<li>Participar activamente en los seminarios y talleres de formaci\u00f3n que organiza Fe y&nbsp; Alegr\u00eda, particularmente en Identidad y Misi\u00f3n.&nbsp;<\/li>\n<\/ul>\n\n\n\n<p><strong>En acompa\u00f1amiento a II.EE.:&nbsp;&nbsp;<\/strong><\/p>\n\n\n\n<ul class=\"wp-block-list\">\n<li>Acompa\u00f1ar en forma presencial y virtual y hacer seguimiento a los docentes de ingl\u00e9s\u00a0 de las II.EE. focalizadas.\u00a0\u00a0<\/li>\n\n\n\n<li>Proponer y desarrollar cursos o talleres para docentes, tanto en el idioma ingl\u00e9s como\u00a0 en el manejo de las plataformas y herramientas virtuales de ense\u00f1anza.\u00a0<\/li>\n\n\n\n<li>Reunirse virtual o presencialmente con los directores y equipos directivos cuando sea\u00a0 necesario para lograr los objetivos propuestos.\u00a0\u00a0<\/li>\n\n\n\n<li>Brindar asesor\u00eda a las II.EE en una gesti\u00f3n centrada en el aprendizaje del ingl\u00e9s como\u00a0 segunda lengua.\u00a0<\/li>\n\n\n\n<li>Identificar y acompa\u00f1ar las buenas pr\u00e1cticas pedag\u00f3gicas y de gesti\u00f3n que se\u00a0 implementan en las IIEE.\u00a0<\/li>\n\n\n\n<li>Hacer seguimiento y presentar informes peri\u00f3dicos del avance de profesores y\u00a0 estudiantes en el aprendizaje de ingl\u00e9s.\u00a0<\/li>\n<\/ul>\n\n\n\n<p class=\"has-text-align-center\"><a href=\"https:\/\/redinfor.com.pe\/portal\/2019\/04\/24\/sistematizacion-de-experiencias-de-programas-y-proyectos-sociales\/\" target=\"_blank\" rel=\"noreferrer noopener\"><img decoding=\"async\" src=\" https:\/\/www.redinfor.com.pe\/Avisos\/SEPPS\/SEPPS_advisor.jpg \"><\/a><\/p>\n\n\n\n<p><strong>Compromisos institucionales:&nbsp;&nbsp;<\/strong><\/p>\n\n\n\n<ul class=\"wp-block-list\">\n<li>Responsabilizarse de la vinculaci\u00f3n permanente con los encargados de las plataformas&nbsp; de ingl\u00e9s que se utilizan en el Programa.&nbsp;&nbsp;<\/li>\n\n\n\n<li>Desarrollar las coordinaciones con las diferentes oficinas y \u00e1reas de Fe y Alegr\u00eda para el&nbsp; logro de los objetivos del Programa.&nbsp;&nbsp;<\/li>\n\n\n\n<li>Representar a la instituci\u00f3n desde sus principios y enfoques en espacios p\u00fablicos cuando&nbsp; se le designe desde la direcci\u00f3n de Propuesta Pedag\u00f3gica.&nbsp;<\/li>\n\n\n\n<li>Asumir otras tareas que le asigne la direcci\u00f3n de Propuesta Pedag\u00f3gica.&nbsp;&nbsp;<\/li>\n<\/ul>\n\n\n\n<p><strong>COMPETENCIAS&nbsp;<\/strong><\/p>\n\n\n\n<ul class=\"wp-block-list\">\n<li>Valores: Integridad, \u00e9tica profesional, honradez y sensibilidad para relacionarse con&nbsp; otros sin discriminaci\u00f3n alguna (personas con discapacidad, edad, g\u00e9nero, religi\u00f3n, nivel&nbsp; socioecon\u00f3mico).&nbsp;<\/li>\n\n\n\n<li>Habilidades de comunicaci\u00f3n oral y escrita.&nbsp;<\/li>\n\n\n\n<li>Din\u00e1mico(a) y con capacidad para trabajar en equipo.\u00a0<\/li>\n\n\n\n<li>Proactivo(a) y con habilidades para impulsar soluciones creativas.\u00a0<\/li>\n\n\n\n<li>Capacidad de an\u00e1lisis y habilidad para redactar documentos de manera clara y correcta. &#8211; Persona organizada y disciplinada.\u00a0<\/li>\n\n\n\n<li>Destreza en ofim\u00e1tica (Excel nivel intermedio, Word, Power Point) y en los programas\u00a0 de dise\u00f1o gr\u00e1fico y audiovisuales mencionados.\u00a0<\/li>\n\n\n\n<li>Correcci\u00f3n ling\u00fc\u00edstica para brindar modelos adecuados de producci\u00f3n oral y escrita en\u00a0 ingl\u00e9s.\u00a0<\/li>\n\n\n\n<li>Entrevista (se valorar\u00e1 de manera especial el conocimiento que se tiene de Fe y Alegr\u00eda\u00a0 del Per\u00fa). Se recomienda acudir a la p\u00e1gina web: www.feyalegria.org.pe para conseguir\u00a0 informaci\u00f3n.<\/li>\n<\/ul>\n\n\n\n<p><strong>CONDICIONES LABORALES:\u00a0<\/strong><br><strong>Sueldo:<\/strong> A tratar seg\u00fan evaluaci\u00f3n. Ingreso a Planilla con los beneficios de Ley. &#8211; Pago: Mensual\u00a0<br><strong>Horario:<\/strong> 48 horas semanales (jornada completa).\u00a0<br><strong>Sede de trabajo:<\/strong> Jr. Cahuide 884 &#8211; Jes\u00fas Mar\u00eda\u00a0<br><strong>Modalidad de trabajo:<\/strong> Presencial\u00a0<br><strong>Disponibilidad:<\/strong> Viajar a las instituciones educativas de cualquier parte del Per\u00fa.\u00a0\u00a0<\/p>\n\n\n\n<p><strong>ENVIAR CV DOCUMENTADO A:\u00a0<\/strong><br><strong>email: <a href=\"mailto:convocatoria.rrhh@feyalegria.org.pe\">convocatoria.rrhh@feyalegria.org.pe<\/a> \u00a0<\/strong><\/p>\n\n\n\n<p>Las personas interesadas, que cumplan con los requisitos solicitados, deben enviar&nbsp; Curr\u00edculum Vitae documentado con referencias laborales y expectativas salariales en&nbsp; soles (indispensable).&nbsp;<\/p>\n\n\n\n<p><strong>Plazo de Convocatoria:&nbsp;<\/strong> El plazo para la remisi\u00f3n de la documentaci\u00f3n al correo indicado ser\u00e1 hasta el 30 de&nbsp; marzo del 2026.<\/p>\n\n\n\n<p class=\"has-text-align-center\"><a href=\"https:\/\/redinfor.com.pe\/portal\/2019\/04\/24\/transversalizacion-del-enfoque-de-genero-en-programas-y-proyectos-sociales\/\" target=\"_blank\" rel=\"noreferrer noopener\"><img decoding=\"async\" src=\" https:\/\/redinfor.com.pe\/Avisos\/TEGPPS\/TEGPPS_advisor_large.jpg \"><\/a><\/p>\n\n\n\n<p><\/p>\n","protected":false},"excerpt":{"rendered":"<p>Fe y Alegr\u00eda es una asociaci\u00f3n sin fines de lucro que gestiona instituciones educativas p\u00fablicas&nbsp; con el compromiso de brindar educaci\u00f3n de calidad a los sectores excluidos y m\u00e1s vulnerables&nbsp;&hellip; <\/p>\n","protected":false},"author":3,"featured_media":21811,"comment_status":"closed","ping_status":"closed","sticky":false,"template":"","format":"standard","meta":{"footnotes":""},"categories":[406],"tags":[139,437,90,324,66,53,323,456,425,134,141,67],"class_list":["post-51632","post","type-post","status-publish","format-standard","has-post-thumbnail","hentry","category-convoca_pub","tag-administracion","tag-comunicacion","tag-desarrollo","tag-ensenanza","tag-evaluacion","tag-genero","tag-gestion","tag-ingenieria","tag-ingeniero","tag-pedagogia","tag-programas","tag-proyectos"],"_links":{"self":[{"href":"https:\/\/redinfor.com.pe\/portal\/wp-json\/wp\/v2\/posts\/51632","targetHints":{"allow":["GET"]}}],"collection":[{"href":"https:\/\/redinfor.com.pe\/portal\/wp-json\/wp\/v2\/posts"}],"about":[{"href":"https:\/\/redinfor.com.pe\/portal\/wp-json\/wp\/v2\/types\/post"}],"author":[{"embeddable":true,"href":"https:\/\/redinfor.com.pe\/portal\/wp-json\/wp\/v2\/users\/3"}],"replies":[{"embeddable":true,"href":"https:\/\/redinfor.com.pe\/portal\/wp-json\/wp\/v2\/comments?post=51632"}],"version-history":[{"count":1,"href":"https:\/\/redinfor.com.pe\/portal\/wp-json\/wp\/v2\/posts\/51632\/revisions"}],"predecessor-version":[{"id":51633,"href":"https:\/\/redinfor.com.pe\/portal\/wp-json\/wp\/v2\/posts\/51632\/revisions\/51633"}],"wp:featuredmedia":[{"embeddable":true,"href":"https:\/\/redinfor.com.pe\/portal\/wp-json\/wp\/v2\/media\/21811"}],"wp:attachment":[{"href":"https:\/\/redinfor.com.pe\/portal\/wp-json\/wp\/v2\/media?parent=51632"}],"wp:term":[{"taxonomy":"category","embeddable":true,"href":"https:\/\/redinfor.com.pe\/portal\/wp-json\/wp\/v2\/categories?post=51632"},{"taxonomy":"post_tag","embeddable":true,"href":"https:\/\/redinfor.com.pe\/portal\/wp-json\/wp\/v2\/tags?post=51632"}],"curies":[{"name":"wp","href":"https:\/\/api.w.org\/{rel}","templated":true}]}}