{"id":51634,"date":"2026-03-11T16:45:55","date_gmt":"2026-03-11T21:45:55","guid":{"rendered":"https:\/\/redinfor.com.pe\/portal\/?p=51634"},"modified":"2026-03-11T16:45:57","modified_gmt":"2026-03-11T21:45:57","slug":"consultoria-para-la-sistematizacion-de-experiencias-de-ferias-agroecologicas-para-promover-el-consumo-de-productos-saludables","status":"publish","type":"post","link":"https:\/\/redinfor.com.pe\/portal\/2026\/03\/11\/consultoria-para-la-sistematizacion-de-experiencias-de-ferias-agroecologicas-para-promover-el-consumo-de-productos-saludables\/","title":{"rendered":"CONSULTORIA PARA LA SISTEMATIZACI\u00d3N DE EXPERIENCIAS DE FERIAS AGROECOL\u00d3GICAS PARA PROMOVER EL CONSUMO DE PRODUCTOS SALUDABLES."},"content":{"rendered":"\n<p><strong>Objetivo General: <\/strong><br>documentar y analizar las estrategias exitosas que han permitido impulsar\u00a0 los espacios de comercializaci\u00f3n local, en el marco del proyecto ECOBIOAY. As\u00ed como,\u00a0 facilitar un proceso de reflexi\u00f3n con el equipo t\u00e9cnico que permita explicar los cambios\u00a0 producidos en los \u00e1mbitos de intervenci\u00f3n y poblaci\u00f3n objetivo, los factores que intervinieron\u00a0 y las lecciones aprendidas de las experiencias de las ferias agroecol\u00f3gicas, desarrolladas en\u00a0 el eje:\u00a0<\/p>\n\n\n\n<p><strong>R2:<\/strong> Red de familias emprendedoras organizadas, mejoran la comercializaci\u00f3n y consumo&nbsp; de productos agroecol\u00f3gicos con la garant\u00eda de la certificaci\u00f3n participativa SGP.&nbsp;<\/p>\n\n\n\n<p class=\"has-text-align-center\"><a href=\"https:\/\/redinfor.com.pe\/portal\/2019\/04\/24\/sistematizacion-de-experiencias-de-programas-y-proyectos-sociales\/\" target=\"_blank\" rel=\"noreferrer noopener\"><img decoding=\"async\" src=\" https:\/\/www.redinfor.com.pe\/Avisos\/SEPPS\/SEPPS_advisor.jpg \"><\/a><\/p>\n\n\n\n<p><strong>PERFIL DEL CONSULTOR:&nbsp;<\/strong><\/p>\n\n\n\n<ul class=\"wp-block-list\">\n<li>Formaci\u00f3n profesional y experiencia&nbsp;<\/li>\n\n\n\n<li>Profesional en ciencias agrarias, ciencias sociales o afines; con experiencia en gesti\u00f3n&nbsp; de proyectos de desarrollo rural sostenible y sistematizaci\u00f3n.&nbsp;&nbsp;<\/li>\n\n\n\n<li>Al menos 5 a\u00f1os de experiencia en gesti\u00f3n de proyectos desarrollo rural sostenible.<\/li>\n\n\n\n<li>Al menos 3 a\u00f1os de experiencia en sistematizaci\u00f3n de proyectos de desarrollo sostenible<\/li>\n\n\n\n<li>Experiencia en documentaci\u00f3n y an\u00e1lisis de experiencias de desarrollo rural.<\/li>\n\n\n\n<li>Experiencia para trabajar en equipo.\u00a0<\/li>\n\n\n\n<li>Experiencia en trabajo con organizaciones sociales y zonas rurales.\u00a0<\/li>\n\n\n\n<li><br>Experiencia en trabajos con equipos multidisciplinarios.\u00a0<\/li>\n<\/ul>\n\n\n\n<p><strong>Conocimientos&nbsp;<\/strong><\/p>\n\n\n\n<ul class=\"wp-block-list\">\n<li>Tener conocimientos en comercializaci\u00f3n, asociatividad y estructuraci\u00f3n organizativa.<\/li>\n\n\n\n<li>Tener conocimientos en metodolog\u00edas participativas, principalmente con personas adultas.<\/li>\n<\/ul>\n\n\n\n<p class=\"has-text-align-center\" style=\"font-size:30px\"><strong><a href=\"https:\/\/drive.google.com\/file\/d\/1bfLtel_-C3L433LSlKabipiOuzllFP6-\/view?usp=sharing\" target=\"_blank\" rel=\"noreferrer noopener\">VER T\u00c9RMINOS DE REFERENCIA<\/a><\/strong><\/p>\n\n\n\n<p><strong>Si cumple con los requisitos, env\u00ede su propuesta t\u00e9cnica y econ\u00f3mica, adjuntando\u00a0 su CV, a los correos de contacto: <a href=\"mailto:duvert.ventocilla@idmaperu.org\">duvert.ventocilla@idmaperu.org<\/a> \u00a0<a href=\"mailto:maikol.munoz@idmaperu.org\">maikol.munoz@idmaperu.org<\/a> \u00a0<a href=\"mailto:idma-administracion@idmaperu.org\">idma-administracion@idmaperu.org<\/a> \u00a0<\/strong><\/p>\n\n\n\n<p class=\"has-text-align-center\"><a href=\"https:\/\/redinfor.com.pe\/portal\/2019\/04\/24\/metodologias-de-capacitacion-para-poblaciones-rurales\/\" target=\"_blank\" rel=\"noreferrer noopener\"><img decoding=\"async\" src=\" https:\/\/redinfor.com.pe\/Avisos\/MCPR\/MCPR_advisor_large.jpg \"><\/a><\/p>\n\n\n\n<p><\/p>\n","protected":false},"excerpt":{"rendered":"<p>Objetivo General: documentar y analizar las estrategias exitosas que han permitido impulsar\u00a0 los espacios de comercializaci\u00f3n local, en el marco del proyecto ECOBIOAY. As\u00ed como,\u00a0 facilitar un proceso de reflexi\u00f3n&hellip; <\/p>\n","protected":false},"author":3,"featured_media":30510,"comment_status":"closed","ping_status":"closed","sticky":false,"template":"","format":"standard","meta":{"footnotes":""},"categories":[406],"tags":[139,437,90,66,336,53,323,456,425,709,141,67,63],"class_list":["post-51634","post","type-post","status-publish","format-standard","has-post-thumbnail","hentry","category-convoca_pub","tag-administracion","tag-comunicacion","tag-desarrollo","tag-evaluacion","tag-experiencia","tag-genero","tag-gestion","tag-ingenieria","tag-ingeniero","tag-produccion","tag-programas","tag-proyectos","tag-sistematizacion"],"_links":{"self":[{"href":"https:\/\/redinfor.com.pe\/portal\/wp-json\/wp\/v2\/posts\/51634","targetHints":{"allow":["GET"]}}],"collection":[{"href":"https:\/\/redinfor.com.pe\/portal\/wp-json\/wp\/v2\/posts"}],"about":[{"href":"https:\/\/redinfor.com.pe\/portal\/wp-json\/wp\/v2\/types\/post"}],"author":[{"embeddable":true,"href":"https:\/\/redinfor.com.pe\/portal\/wp-json\/wp\/v2\/users\/3"}],"replies":[{"embeddable":true,"href":"https:\/\/redinfor.com.pe\/portal\/wp-json\/wp\/v2\/comments?post=51634"}],"version-history":[{"count":1,"href":"https:\/\/redinfor.com.pe\/portal\/wp-json\/wp\/v2\/posts\/51634\/revisions"}],"predecessor-version":[{"id":51635,"href":"https:\/\/redinfor.com.pe\/portal\/wp-json\/wp\/v2\/posts\/51634\/revisions\/51635"}],"wp:featuredmedia":[{"embeddable":true,"href":"https:\/\/redinfor.com.pe\/portal\/wp-json\/wp\/v2\/media\/30510"}],"wp:attachment":[{"href":"https:\/\/redinfor.com.pe\/portal\/wp-json\/wp\/v2\/media?parent=51634"}],"wp:term":[{"taxonomy":"category","embeddable":true,"href":"https:\/\/redinfor.com.pe\/portal\/wp-json\/wp\/v2\/categories?post=51634"},{"taxonomy":"post_tag","embeddable":true,"href":"https:\/\/redinfor.com.pe\/portal\/wp-json\/wp\/v2\/tags?post=51634"}],"curies":[{"name":"wp","href":"https:\/\/api.w.org\/{rel}","templated":true}]}}