{"id":51643,"date":"2026-03-11T18:22:07","date_gmt":"2026-03-11T23:22:07","guid":{"rendered":"https:\/\/redinfor.com.pe\/portal\/?p=51643"},"modified":"2026-03-11T18:22:10","modified_gmt":"2026-03-11T23:22:10","slug":"consultoria-para-diseno-e-implementacion-de-un-programa-de-formacion-de-formadores-en-metodologia-oit-para-el-emprendimiento-de-proyecto-educativo-comunidades-inclusivas","status":"publish","type":"post","link":"https:\/\/redinfor.com.pe\/portal\/2026\/03\/11\/consultoria-para-diseno-e-implementacion-de-un-programa-de-formacion-de-formadores-en-metodologia-oit-para-el-emprendimiento-de-proyecto-educativo-comunidades-inclusivas\/","title":{"rendered":"CONSULTORIA PARA DISE\u00d1O E IMPLEMENTACION DE UN PROGRAMA DE FORMACION DE FORMADORES EN METODOLOGIA OIT PARA EL EMPRENDIMIENTO DE PROYECTO EDUCATIVO: COMUNIDADES INCLUSIVAS"},"content":{"rendered":"\n<p class=\"has-text-align-center has-medium-font-size\"><strong>CONSULTORIA PARA DISE\u00d1O E IMPLEMENTACION DE UN PROGRAMA DE FORMACION DE FORMADORES EN METODOLOGIA OIT PARA EL EMPRENDIMIENTO DE PROYECTO EDUCATIVO: COMUNIDADES INCLUSIVAS<\/strong><\/p>\n\n\n\n<p>CARITAS del Per\u00fa es un organismo de la Iglesia Cat\u00f3lica fundado en 1955 por la Conferencia Episcopal Peruana con la finalidad de promover e incentivar programas en favor de los m\u00e1s pobres y facilitar su desarrollo humano integral, basado en los principios cristianos de justicia, solidaridad y respeto a la dignidad humana.<\/p>\n\n\n\n<p>Actualmente implementa los proyectos: i) <em>Promoviendo la inclusi\u00f3n econ\u00f3mica y social de personas j\u00f3venes con discapacidad en el sur peruano y ii) Construyendo comunidades educativas, empresas y comunidades inclusivas mediante el empoderamiento de ni\u00f1os, j\u00f3venes y adultos j\u00f3venes con discapacidad en el Per\u00fa. <\/em>Ambos proyectos intervienen en los departamentos de Arequipa, Moquegua y\u00a0 Tacna.<\/p>\n\n\n\n<p>En el marco del fortalecimiento institucional y la sostenibilidad de las intervenciones, se requiere desarrollar un proceso de <strong>formaci\u00f3n de formadores en metodolog\u00eda de emprendimiento de la Organizaci\u00f3n Internacional del Trabajo (OIT)<\/strong>, dirigido a profesionales de ambos proyectos, quienes asumir\u00e1n el rol de replicadores territoriales.<\/p>\n\n\n\n<p><strong>OBJETIVO DEL SERVICIO<\/strong><br>Contratar a una persona natural o jur\u00eddica especializada para dise\u00f1ar e implementar Programa de Formaci\u00f3n de Formadores basado en la metodolog\u00eda de emprendimiento de la Organizaci\u00f3n Internacional del Trabajo (OIT), dirigido a los integrantes del equipo t\u00e9cnico de las diocesanas de Arequipa, Tacna, Moquegua, Puno, Cusco y la sede central del proyecto de Comunidades inclusivas.\u00a0 El proceso formativo tiene como prop\u00f3sito fortalecer las capacidades metodol\u00f3gicas, pedag\u00f3gicas y t\u00e9cnicas de los participantes para que puedan replicar la metodolog\u00eda de emprendimiento con j\u00f3venes con discapacidad en sus respectivos territorios de intervenci\u00f3n, asegurando un enfoque de inclusi\u00f3n, accesibilidad y sostenibilidad.<\/p>\n\n\n\n<p><strong>PERFIL Y REQUISITOS M\u00cdNIMOS APLICABLES<\/strong><\/p>\n\n\n\n<p><strong>Formaci\u00f3n acad\u00e9mica<\/strong><\/p>\n\n\n\n<ul class=\"wp-block-list\">\n<li>Profesional del \u00e1rea de ciencias sociales o administrativas o afines<\/li>\n\n\n\n<li>Con estudios de especializaci\u00f3n en emprendimiento, empleabilidad o formaci\u00f3n de formador de la OIT<\/li>\n<\/ul>\n\n\n\n<p><strong>Experiencia<\/strong><\/p>\n\n\n\n<ul class=\"wp-block-list\">\n<li>M\u00ednimo dos (05) a\u00f1os de experiencia en procesos formativos.<\/li>\n\n\n\n<li>Experiencia comprobada m\u00ednimo de 3 a\u00f1os en la implementaci\u00f3n de Metodolog\u00edas de emprendimiento de la OIT\u00a0 y\/o\u00a0 Formaci\u00f3n de formadores.<\/li>\n\n\n\n<li>Haber trabajado con poblaci\u00f3n vulnerable o personas con discapacidad (deseable).<\/li>\n<\/ul>\n\n\n\n<p><strong>Competencias<\/strong><\/p>\n\n\n\n<ul class=\"wp-block-list\">\n<li>Capacidad de planificaci\u00f3n territorial.<\/li>\n\n\n\n<li>Habilidades de facilitaci\u00f3n y trabajo con adultos.<\/li>\n\n\n\n<li>Capacidad de articulaci\u00f3n interinstitucional.<\/li>\n\n\n\n<li>Disponibilidad para viajar.<\/li>\n<\/ul>\n\n\n\n<p class=\"has-text-align-center\"><a href=\"https:\/\/redinfor.com.pe\/portal\/2019\/04\/24\/metodologias-de-capacitacion-para-poblaciones-rurales\/\" target=\"_blank\" rel=\"noreferrer noopener\"><img decoding=\"async\" src=\" https:\/\/www.redinfor.com.pe\/Avisos\/MCPR\/MCPR_advisor.jpg \"><\/a><\/p>\n\n\n\n<p><strong>ALCANCE DEL SERVICIO<\/strong><\/p>\n\n\n\n<ul class=\"wp-block-list\">\n<li><strong>Revisar los documentos de los proyectos <\/strong>(marco l\u00f3gico, plan de trabajo, entre otros).<\/li>\n\n\n\n<li>Elaborar la propuesta de formaci\u00f3n de formadores basado en la metodolog\u00eda de IMESUN de la OIT, que incluye los m\u00f3dulos: GIN SUN y MESUN, adaptado bajo un enfoque de inclusi\u00f3n y accesibilidad para su r\u00e9plica con j\u00f3venes con discapacidad en los territorios de intervenci\u00f3n del proyecto<\/li>\n\n\n\n<li><strong>Elaborar <\/strong>el Manual del Formador y\/o gu\u00edas metodol\u00f3gicas de r\u00e9plica de los m\u00f3dulos GIN SUN y MESUN para j\u00f3venes con discapacidad.<\/li>\n\n\n\n<li><strong>Capacitar a 22 profesionales<\/strong> en la aplicaci\u00f3n integral de la metodolog\u00eda de la OIT, de forma mixta, por un total de 120 horas, durante 45 d\u00edas.<\/li>\n\n\n\n<li><strong>Ejecutar la evaluaci\u00f3n final y\/o <\/strong>de productos integradores, donde se verifican la implementaci\u00f3n de lo aprendido en el programa de actualizaci\u00f3n.<\/li>\n\n\n\n<li>Brindar la emisi\u00f3n de certificados del total de los participantes en el programa de formaci\u00f3n continua a nombre de OIT.<\/li>\n\n\n\n<li>Entregar informe final con evidencias de ejecuci\u00f3n, donde se incluya un apartado recomendaciones para la r\u00e9plica territorial por parte de los participantes.<\/li>\n<\/ul>\n\n\n\n<p><strong>ENTREGABLES<\/strong><br>En el siguiente cuadro se presentan los productos del servicio:<\/p>\n\n\n\n<ul class=\"wp-block-list\">\n<li>Propuesta de programa de formaci\u00f3n de formadores en la metodolog\u00eda de OIT para emprendimiento.<\/li>\n\n\n\n<li>Cronograma de talleres, jornadas o sesiones de capacitaci\u00f3n<\/li>\n\n\n\n<li>Certificados de OIT<\/li>\n\n\n\n<li>Manuel del formador de formadores y\/o gu\u00edas metodol\u00f3gicas<\/li>\n<\/ul>\n\n\n\n<p><strong>PLAZO EJECUCI\u00d3N: 60<\/strong> d\u00edas naturales, a partir del 20 de marzo<\/p>\n\n\n\n<ol start=\"6\" class=\"wp-block-list\"><\/ol>\n\n\n\n<p><strong>LUGAR DE EJECUCI\u00d3N: <\/strong>En la provincia de Moquegua, oficina de C\u00e1ritas Tacna \u2013 Sede Moquegua.<\/p>\n\n\n\n<ol start=\"7\" class=\"wp-block-list\"><\/ol>\n\n\n\n<p><strong>DOCUMENTOS PARA POSTULAR<\/strong><br>Los\/las interesados\/as deber\u00e1n enviar:<\/p>\n\n\n\n<ul class=\"wp-block-list\">\n<li>CV documentado.<\/li>\n\n\n\n<li>Copia de t\u00edtulo profesional.<\/li>\n\n\n\n<li>Propuesta t\u00e9cnica breve (m\u00e1ximo 5 p\u00e1ginas) que incluya: propuesta organizacional territorial y metodolog\u00eda del servicio<\/li>\n\n\n\n<li>Datos de contacto y referencias profesionales.<\/li>\n<\/ul>\n\n\n\n<p><strong>ENV\u00cdO DE POSTULACIONES<\/strong><br>Los candidatos, deber\u00e1n presentar su propuesta t\u00e9cnica &#8211; econ\u00f3mica y CV al correo <a href=\"mailto:convocatoria@caritas.org.pe\">convocatoria@caritas.org.pe<\/a> ; con el asunto: \u201cFORMACI\u00d3N OIT\u201d, hasta el d\u00eda mi\u00e9rcoles 18 de marzo del 2026.<\/p>\n\n\n\n<p class=\"has-text-align-center\"><a href=\"https:\/\/redinfor.com.pe\/portal\/2019\/04\/24\/monitoreo-y-evaluacion-de-programas-y-proyectos-sociales\/\" target=\"_blank\" rel=\"noreferrer noopener\"><img decoding=\"async\" src=\" https:\/\/redinfor.com.pe\/Avisos\/MEPPS\/MEPPS_advisor_large.jpg \"><\/a><\/p>\n","protected":false},"excerpt":{"rendered":"<p>CONSULTORIA PARA DISE\u00d1O E IMPLEMENTACION DE UN PROGRAMA DE FORMACION DE FORMADORES EN METODOLOGIA OIT PARA EL EMPRENDIMIENTO DE PROYECTO EDUCATIVO: COMUNIDADES INCLUSIVAS CARITAS del Per\u00fa es un organismo de&hellip; <\/p>\n","protected":false},"author":1,"featured_media":51644,"comment_status":"closed","ping_status":"closed","sticky":false,"template":"","format":"standard","meta":{"footnotes":""},"categories":[406],"tags":[139,3963,116,122,407,70,3273,1077,950,899,387,158,5665,799,1324,135,798,245,244],"class_list":["post-51643","post","type-post","status-publish","format-standard","has-post-thumbnail","hentry","category-convoca_pub","tag-administracion","tag-caritas-del-peru","tag-ciencias-sociales","tag-comunidades","tag-consultoria","tag-diseno","tag-disenos","tag-educativo","tag-empleabilidad","tag-emprendimiento","tag-especializacion","tag-formacion","tag-formadores","tag-implementacion","tag-inclusivas","tag-metodologia","tag-oit","tag-programa","tag-proyecto"],"_links":{"self":[{"href":"https:\/\/redinfor.com.pe\/portal\/wp-json\/wp\/v2\/posts\/51643","targetHints":{"allow":["GET"]}}],"collection":[{"href":"https:\/\/redinfor.com.pe\/portal\/wp-json\/wp\/v2\/posts"}],"about":[{"href":"https:\/\/redinfor.com.pe\/portal\/wp-json\/wp\/v2\/types\/post"}],"author":[{"embeddable":true,"href":"https:\/\/redinfor.com.pe\/portal\/wp-json\/wp\/v2\/users\/1"}],"replies":[{"embeddable":true,"href":"https:\/\/redinfor.com.pe\/portal\/wp-json\/wp\/v2\/comments?post=51643"}],"version-history":[{"count":1,"href":"https:\/\/redinfor.com.pe\/portal\/wp-json\/wp\/v2\/posts\/51643\/revisions"}],"predecessor-version":[{"id":51645,"href":"https:\/\/redinfor.com.pe\/portal\/wp-json\/wp\/v2\/posts\/51643\/revisions\/51645"}],"wp:featuredmedia":[{"embeddable":true,"href":"https:\/\/redinfor.com.pe\/portal\/wp-json\/wp\/v2\/media\/51644"}],"wp:attachment":[{"href":"https:\/\/redinfor.com.pe\/portal\/wp-json\/wp\/v2\/media?parent=51643"}],"wp:term":[{"taxonomy":"category","embeddable":true,"href":"https:\/\/redinfor.com.pe\/portal\/wp-json\/wp\/v2\/categories?post=51643"},{"taxonomy":"post_tag","embeddable":true,"href":"https:\/\/redinfor.com.pe\/portal\/wp-json\/wp\/v2\/tags?post=51643"}],"curies":[{"name":"wp","href":"https:\/\/api.w.org\/{rel}","templated":true}]}}