{"id":51684,"date":"2026-03-12T18:05:14","date_gmt":"2026-03-12T23:05:14","guid":{"rendered":"https:\/\/redinfor.com.pe\/portal\/?p=51684"},"modified":"2026-03-12T18:05:38","modified_gmt":"2026-03-12T23:05:38","slug":"consultoria-diseno-del-proceso-de-informacion-y-sensibilizacion-sobre-participacion-proteccion-e-igualdad-a-directivos-coordinadores-as-y-docentes","status":"publish","type":"post","link":"https:\/\/redinfor.com.pe\/portal\/2026\/03\/12\/consultoria-diseno-del-proceso-de-informacion-y-sensibilizacion-sobre-participacion-proteccion-e-igualdad-a-directivos-coordinadores-as-y-docentes\/","title":{"rendered":"CONSULTORIA DISE\u00d1O DEL PROCESO DE INFORMACI\u00d3N Y SENSIBILIZACI\u00d3N SOBRE PARTICIPACI\u00d3N, PROTECCI\u00d3N E IGUALDAD A DIRECTIVOS, COORDINADORES\/AS Y DOCENTES"},"content":{"rendered":"\n<p class=\"has-text-align-center has-medium-font-size\"><strong>CONSULTORIA <\/strong><strong>DISE\u00d1O DEL PROCESO DE INFORMACI\u00d3N Y SENSIBILIZACI\u00d3N SOBRE PARTICIPACI\u00d3N, PROTECCI\u00d3N E IGUALDAD A DIRECTIVOS, COORDINADORES\/AS Y DOCENTES<\/strong><\/p>\n\n\n\n<p class=\"has-text-align-center\"><strong>CESIP<\/strong><br><strong>Proyecto \u201cPrevenci\u00f3n de la Violencia Contra Ni\u00f1os y J\u00f3venes\u201d<\/strong><\/p>\n\n\n\n<p><strong>OBJETIVOS DE LA CONSULTOR\u00cdA<\/strong><\/p>\n\n\n\n<p><strong>Objetivo General de la consultor\u00eda:<\/strong><br>Dise\u00f1ar un proceso de informaci\u00f3n y sensibilizaci\u00f3n sobre participaci\u00f3n, protecci\u00f3n e igualdad dirigido a directivos, coordinadores\/as y docentes de las instituciones educativas.<\/p>\n\n\n\n<p><strong>Objetivos Espec\u00edficos de la consultor\u00eda:<\/strong><\/p>\n\n\n\n<ul class=\"wp-block-list\">\n<li>Dise\u00f1ar 01 material comunicacional y 04 sesiones que informen y sensibilicen a directivos, coordinadores\/as y docentes de las instituciones educativas de VMT sobre la promoci\u00f3n del derecho a la participaci\u00f3n de ni\u00f1os, ni\u00f1as y adolescentes y la prevenci\u00f3n de la violencia basada en g\u00e9nero.<\/li>\n\n\n\n<li>Brindar un kit que contenga el material comunicacional dise\u00f1ado y aquellos considerados en las actividades propuestas (fichas, presentaciones, lecturas, etc.); as\u00ed como material de apoyo complementario.<\/li>\n\n\n\n<li>Brindar estrategias y herramientas de evaluaci\u00f3n cuantitativas y cualitativas para dar cuenta de la efectividad del proceso de informaci\u00f3n y sensibilizaci\u00f3n.<\/li>\n\n\n\n<li>Socializar con el equipo del proyecto el marco te\u00f3rico y proceso de implementaci\u00f3n del proceso de informaci\u00f3n y sensibilizaci\u00f3n a directivos, coordinadores\/as y docentes.<\/li>\n<\/ul>\n\n\n\n<p class=\"has-text-align-center\"><a href=\"https:\/\/redinfor.com.pe\/portal\/2019\/04\/24\/transversalizacion-del-enfoque-de-genero-en-programas-y-proyectos-sociales\/\" target=\"_blank\" rel=\"noreferrer noopener\"><img decoding=\"async\" src=\" https:\/\/www.redinfor.com.pe\/Avisos\/TEGPPS\/TEGPPS_advisor.jpg \"><\/a><\/p>\n\n\n\n<p><strong>PERFIL DEL\/LA CONSULTOR O CONSULTORA<\/strong><br>Se requiere un consultor o consultora o equipo consultor con el siguiente perfil (como m\u00ednimo):<\/p>\n\n\n\n<ul class=\"wp-block-list\">\n<li>Licenciado en psicolog\u00eda, educaci\u00f3n, en comunicaci\u00f3n para el desarrollo o afines.<\/li>\n\n\n\n<li>Con manejo tem\u00e1tico en derechos de la ni\u00f1ez y adolescencia, participaci\u00f3n infantil, liderazgo juvenil, y violencia de g\u00e9nero.<\/li>\n\n\n\n<li>Con conocimiento de los enfoques de derechos y g\u00e9nero.<\/li>\n\n\n\n<li>Con conocimiento en herramientas de evaluaci\u00f3n cuantitativas y cualitativas.<\/li>\n\n\n\n<li>Experiencia en el dise\u00f1o e implementaci\u00f3n de procesos de informaci\u00f3n y sensibilizaci\u00f3n en temas relacionados a: participaci\u00f3n de ni\u00f1as, ni\u00f1os y adolescentes, protecci\u00f3n e igualdad.<\/li>\n\n\n\n<li>Experiencia en el desarrollo de materiales de comunicacionales y sesiones orientadas a informar, sensibilizar y\/o motivar el compromiso hacia el cambio social.<\/li>\n\n\n\n<li>Experiencia dise\u00f1ando y facilitando talleres con metodolog\u00edas participativas, l\u00fadicas y art\u00edsticas, preferiblemente en contextos educativos o comunitarios.<\/li>\n\n\n\n<li>Habilidades de: responsabilidad, comunicaci\u00f3n, creatividad, apertura, flexibilidad, trabajo en equipo.<\/li>\n<\/ul>\n\n\n\n<p class=\"has-text-align-center\" style=\"font-size:30px\"><strong><a href=\"https:\/\/drive.google.com\/file\/d\/14L5lquC8m1n2VGEhZRa6kDIgo_H4OY1U\/view?usp=sharing\" target=\"_blank\" rel=\"noreferrer noopener\">VER T\u00c9RMINOS DE REFERENCIA<\/a><\/strong><\/p>\n\n\n\n<p>Las personas interesadas deber\u00e1n enviar su curr\u00edculo vitae (sin documentar), plan de trabajo y propuesta de estructura del proceso a la siguiente direcci\u00f3n electr\u00f3nica: <a href=\"mailto:prevenciondelaviolencia.cesip@gmail.com\">prevenciondelaviolencia.cesip@gmail.com<\/a>&nbsp; indicando en el asunto: \u201cProceso de informaci\u00f3n y sensibilizaci\u00f3n a escuelas\u201d. &nbsp;Poner en Cc: <a href=\"mailto:mapichufp@hotmail.com\">mapichufp@hotmail.com<\/a>, <a href=\"mailto:la.caceda@gmail.com\">la.caceda@gmail.com<\/a>\u00ab<\/p>\n\n\n\n<p><strong>La convocatoria estar\u00e1 abierta hasta el 20 de marzo de 2026.<\/strong><\/p>\n\n\n\n<p class=\"has-text-align-center\"><a href=\"https:\/\/redinfor.com.pe\/portal\/2019\/04\/24\/monitoreo-y-evaluacion-de-programas-y-proyectos-sociales\/\" target=\"_blank\" rel=\"noreferrer noopener\"><img decoding=\"async\" src=\" https:\/\/redinfor.com.pe\/Avisos\/MEPPS\/MEPPS_advisor_large.jpg \"><\/a><\/p>\n","protected":false},"excerpt":{"rendered":"<p>CONSULTORIA DISE\u00d1O DEL PROCESO DE INFORMACI\u00d3N Y SENSIBILIZACI\u00d3N SOBRE PARTICIPACI\u00d3N, PROTECCI\u00d3N E IGUALDAD A DIRECTIVOS, COORDINADORES\/AS Y DOCENTES CESIPProyecto \u201cPrevenci\u00f3n de la Violencia Contra Ni\u00f1os y J\u00f3venes\u201d OBJETIVOS DE LA&hellip; <\/p>\n","protected":false},"author":1,"featured_media":37613,"comment_status":"closed","ping_status":"closed","sticky":false,"template":"","format":"standard","meta":{"footnotes":""},"categories":[406],"tags":[1018,2493,437,407,5048,2035,3044,3055,198,3419,70,239,183,66,53,55,338,483,144,731,76,1682,802,436,754,94],"class_list":["post-51684","post","type-post","status-publish","format-standard","has-post-thumbnail","hentry","category-convoca_pub","tag-adolescencia","tag-cesip","tag-comunicacion","tag-consultoria","tag-coordinadoras","tag-coordinadores","tag-cualitativas","tag-cuantitativas","tag-derechos","tag-directivos","tag-diseno","tag-docentes","tag-educacion","tag-evaluacion","tag-genero","tag-igualdad","tag-infantil","tag-informacion","tag-liderazgo","tag-ninez","tag-participacion","tag-proceso","tag-proteccion","tag-psicologia","tag-sensibilizacion","tag-violencia"],"_links":{"self":[{"href":"https:\/\/redinfor.com.pe\/portal\/wp-json\/wp\/v2\/posts\/51684","targetHints":{"allow":["GET"]}}],"collection":[{"href":"https:\/\/redinfor.com.pe\/portal\/wp-json\/wp\/v2\/posts"}],"about":[{"href":"https:\/\/redinfor.com.pe\/portal\/wp-json\/wp\/v2\/types\/post"}],"author":[{"embeddable":true,"href":"https:\/\/redinfor.com.pe\/portal\/wp-json\/wp\/v2\/users\/1"}],"replies":[{"embeddable":true,"href":"https:\/\/redinfor.com.pe\/portal\/wp-json\/wp\/v2\/comments?post=51684"}],"version-history":[{"count":1,"href":"https:\/\/redinfor.com.pe\/portal\/wp-json\/wp\/v2\/posts\/51684\/revisions"}],"predecessor-version":[{"id":51685,"href":"https:\/\/redinfor.com.pe\/portal\/wp-json\/wp\/v2\/posts\/51684\/revisions\/51685"}],"wp:featuredmedia":[{"embeddable":true,"href":"https:\/\/redinfor.com.pe\/portal\/wp-json\/wp\/v2\/media\/37613"}],"wp:attachment":[{"href":"https:\/\/redinfor.com.pe\/portal\/wp-json\/wp\/v2\/media?parent=51684"}],"wp:term":[{"taxonomy":"category","embeddable":true,"href":"https:\/\/redinfor.com.pe\/portal\/wp-json\/wp\/v2\/categories?post=51684"},{"taxonomy":"post_tag","embeddable":true,"href":"https:\/\/redinfor.com.pe\/portal\/wp-json\/wp\/v2\/tags?post=51684"}],"curies":[{"name":"wp","href":"https:\/\/api.w.org\/{rel}","templated":true}]}}