{"id":51705,"date":"2026-03-13T17:44:03","date_gmt":"2026-03-13T22:44:03","guid":{"rendered":"https:\/\/redinfor.com.pe\/portal\/?p=51705"},"modified":"2026-03-13T17:44:05","modified_gmt":"2026-03-13T22:44:05","slug":"consultoria-diseno-de-guia-de-sesiones-de-aprendizaje-para-el-desarrollo-de-recursos-personales-formacion-ciudadana-y-liderazgo-para-adolescentes","status":"publish","type":"post","link":"https:\/\/redinfor.com.pe\/portal\/2026\/03\/13\/consultoria-diseno-de-guia-de-sesiones-de-aprendizaje-para-el-desarrollo-de-recursos-personales-formacion-ciudadana-y-liderazgo-para-adolescentes\/","title":{"rendered":"CONSULTORIA DISE\u00d1O DE GUIA DE SESIONES DE APRENDIZAJE PARA EL DESARROLLO DE RECURSOS PERSONALES, FORMACI\u00d3N CIUDADANA Y LIDERAZGO PARA ADOLESCENTES"},"content":{"rendered":"\n<p class=\"has-text-align-center has-medium-font-size\"><strong>CONSULTORIA DISE\u00d1O DE GUIA DE SESIONES DE APRENDIZAJE PARA EL DESARROLLO DE RECURSOS PERSONALES, FORMACI\u00d3N CIUDADANA Y LIDERAZGO PARA ADOLESCENTES<\/strong><\/p>\n\n\n\n<p class=\"has-text-align-center\"><strong>CESIP<\/strong><br><strong>Proyecto \u201cPrevenci\u00f3n de la violencia contra ni\u00f1os y j\u00f3venes\u201d<\/strong><\/p>\n\n\n\n<p><strong>OBJETIVOS DE LA CONSULTOR\u00cdA<\/strong><\/p>\n\n\n\n<p><strong>Objetivo general de la consultor\u00eda:<\/strong><br>Dise\u00f1ar sesiones de capacitaci\u00f3n orientadas al desarrollo de recursos personales, formaci\u00f3n ciudadana y liderazgo en adolescentes de 02 instituciones educativas de Villa Mar\u00eda del Triunfo.<\/p>\n\n\n\n<p><strong>Objetivos espec\u00edficos de la consultor\u00eda:<\/strong><\/p>\n\n\n\n<ul class=\"wp-block-list\">\n<li>Dise\u00f1ar 4 sesiones de aprendizaje que incluyan actividades dirigidas al fortalecimiento de habilidades personales, ciudadan\u00eda y liderazgo para hacer frente a la violencia basada en g\u00e9nero.<\/li>\n\n\n\n<li>Brindar un kit de materiales que contenga aquellos considerados en las actividades propuestas (fichas, presentaciones, lecturas, etc); as\u00ed como material de apoyo complementario.<\/li>\n\n\n\n<li>Brindar estrategias y herramientas de evaluaci\u00f3n cuantitativas y cualitativas para medir el fortalecimiento de las capacidades de las y los participantes.<\/li>\n\n\n\n<li>Capacitar al equipo del proyecto en el marco te\u00f3rico de los dise\u00f1os elaborados y en la implementaci\u00f3n de las sesiones del programa formativo.\u00a0<\/li>\n<\/ul>\n\n\n\n<p><strong>PERFIL DEL\/LA CONSULTOR O CONSULTORA<\/strong><br>Se requiere un consultor o consultora o equipo consultor con el siguiente perfil (como m\u00ednimo):<\/p>\n\n\n\n<ul class=\"wp-block-list\">\n<li>Licenciado en psicolog\u00eda, educaci\u00f3n o afines.<\/li>\n\n\n\n<li>Con manejo tem\u00e1tico en derechos de la ni\u00f1ez y adolescencia, participaci\u00f3n infantil, liderazgo juvenil, y violencia de g\u00e9nero.<\/li>\n\n\n\n<li>Con conocimiento de los enfoques de derechos y g\u00e9nero.<\/li>\n\n\n\n<li>Conocimiento en metodolog\u00edas activas y colaborativas para el desarrollo de capacidades en adolescentes (como el aprendizaje basado en proyectos, teatro, arte, din\u00e1micas grupales, etc.).<\/li>\n\n\n\n<li>Con experiencia en el dise\u00f1o y facilitaci\u00f3n de programas formativos\/ talleres dirigidos a adolescentes, especialmente en \u00e1reas de liderazgo, participaci\u00f3n ciudadana, empoderamiento personal y prevenci\u00f3n de la VbG.<\/li>\n\n\n\n<li>Experiencia en el dise\u00f1o de sesiones educativas y materiales pedag\u00f3gicos (con sus respectivas herramientas de evaluaci\u00f3n) adaptados a las necesidades de las y los adolescentes.<\/li>\n\n\n\n<li>De preferencia experiencia previa de trabajo con ONGs u organizaciones de cooperaci\u00f3n internacional (en entornos escolares o comunitarios).<\/li>\n\n\n\n<li>Habilidades de: responsabilidad, comunicaci\u00f3n, creatividad, apertura, flexibilidad, trabajo en equipo.<\/li>\n<\/ul>\n\n\n\n<p class=\"has-text-align-center\" style=\"font-size:30px\"><strong><a href=\"https:\/\/drive.google.com\/file\/d\/1C_BnLU-X6ktTDfcSpELhHdnfB8gVFXOy\/view?usp=sharing\" target=\"_blank\" rel=\"noreferrer noopener\">VER T\u00c9RMINOS DE REFERENCIA<\/a><\/strong><\/p>\n\n\n\n<p><strong>PRESENTACI\u00d3N DE LA PROPUESTA<\/strong><br>El consultor o consultora debe presentar su CV sin documentar, plan de trabajo b\u00e1sico de la consultor\u00eda y propuesta simple de la estructura del programa de capacitaci\u00f3n para el desarrollo de recursos personales, formaci\u00f3n ciudadana y liderazgo para adolescentes.<\/p>\n\n\n\n<p>La evaluaci\u00f3n tendr\u00e1 dos criterios fundamentales que el equipo tomar\u00e1 en cuenta:<br>1ro. La experiencia y el manejo tem\u00e1tico del consultor o consultora (CV \u2013 Hoja de vida)<br>2do Plan de trabajo y propuesta de estructura del programa de fortalecimiento de capacidades.<\/p>\n\n\n\n<p>Las personas interesadas deber\u00e1n enviar su curr\u00edculo vitae (sin documentar), plan de trabajo y propuesta de estructura del programa a la siguiente direcci\u00f3n electr\u00f3nica: <a href=\"mailto:prevenciondelaviolencia.cesip@gmail.com\">prevenciondelaviolencia.cesip@gmail.com<\/a> indicando en el asunto: \u201cPrograma de liderazgo en adolescentes. Poner en Cc: <a href=\"mailto:mapichufp@hotmail.com\">mapichufp@hotmail.com<\/a>, <a href=\"mailto:la.caceda@gmail.com\">la.caceda@gmail.com<\/a>\u00ab<\/p>\n\n\n\n<p><strong>La convocatoria estar\u00e1 abierta hasta el 24 de marzo de 2025.<\/strong><\/p>\n\n\n\n<p class=\"has-text-align-center\"><a href=\"https:\/\/redinfor.com.pe\/portal\/2019\/04\/24\/metodologias-de-capacitacion-para-poblaciones-rurales\/\" target=\"_blank\" rel=\"noreferrer noopener\"><img decoding=\"async\" src=\" https:\/\/redinfor.com.pe\/Avisos\/MCPR\/MCPR_advisor_large.jpg \"><\/a><\/p>\n","protected":false},"excerpt":{"rendered":"<p>CONSULTORIA DISE\u00d1O DE GUIA DE SESIONES DE APRENDIZAJE PARA EL DESARROLLO DE RECURSOS PERSONALES, FORMACI\u00d3N CIUDADANA Y LIDERAZGO PARA ADOLESCENTES CESIPProyecto \u201cPrevenci\u00f3n de la violencia contra ni\u00f1os y j\u00f3venes\u201d OBJETIVOS&hellip; <\/p>\n","protected":false},"author":1,"featured_media":37613,"comment_status":"closed","ping_status":"closed","sticky":false,"template":"","format":"standard","meta":{"footnotes":""},"categories":[406],"tags":[432,23,2493,209,407,198,90,70,183,56,158,53,153,144,1003,436,31],"class_list":["post-51705","post","type-post","status-publish","format-standard","has-post-thumbnail","hentry","category-convoca_pub","tag-adolescentes","tag-aprendizaje","tag-cesip","tag-ciudadana","tag-consultoria","tag-derechos","tag-desarrollo","tag-diseno","tag-educacion","tag-enfoque","tag-formacion","tag-genero","tag-guia","tag-liderazgo","tag-personales","tag-psicologia","tag-recursos"],"_links":{"self":[{"href":"https:\/\/redinfor.com.pe\/portal\/wp-json\/wp\/v2\/posts\/51705","targetHints":{"allow":["GET"]}}],"collection":[{"href":"https:\/\/redinfor.com.pe\/portal\/wp-json\/wp\/v2\/posts"}],"about":[{"href":"https:\/\/redinfor.com.pe\/portal\/wp-json\/wp\/v2\/types\/post"}],"author":[{"embeddable":true,"href":"https:\/\/redinfor.com.pe\/portal\/wp-json\/wp\/v2\/users\/1"}],"replies":[{"embeddable":true,"href":"https:\/\/redinfor.com.pe\/portal\/wp-json\/wp\/v2\/comments?post=51705"}],"version-history":[{"count":1,"href":"https:\/\/redinfor.com.pe\/portal\/wp-json\/wp\/v2\/posts\/51705\/revisions"}],"predecessor-version":[{"id":51706,"href":"https:\/\/redinfor.com.pe\/portal\/wp-json\/wp\/v2\/posts\/51705\/revisions\/51706"}],"wp:featuredmedia":[{"embeddable":true,"href":"https:\/\/redinfor.com.pe\/portal\/wp-json\/wp\/v2\/media\/37613"}],"wp:attachment":[{"href":"https:\/\/redinfor.com.pe\/portal\/wp-json\/wp\/v2\/media?parent=51705"}],"wp:term":[{"taxonomy":"category","embeddable":true,"href":"https:\/\/redinfor.com.pe\/portal\/wp-json\/wp\/v2\/categories?post=51705"},{"taxonomy":"post_tag","embeddable":true,"href":"https:\/\/redinfor.com.pe\/portal\/wp-json\/wp\/v2\/tags?post=51705"}],"curies":[{"name":"wp","href":"https:\/\/api.w.org\/{rel}","templated":true}]}}