{"id":52756,"date":"2026-04-24T11:15:29","date_gmt":"2026-04-24T16:15:29","guid":{"rendered":"https:\/\/redinfor.com.pe\/portal\/?p=52756"},"modified":"2026-04-24T17:39:21","modified_gmt":"2026-04-24T22:39:21","slug":"convocatoria-de-especialista-territorial-apurimac","status":"publish","type":"post","link":"https:\/\/redinfor.com.pe\/portal\/2026\/04\/24\/convocatoria-de-especialista-territorial-apurimac\/","title":{"rendered":"CONVOCATORIA DE ESPECIALISTA TERRITORIAL \u2013 APUR\u00cdMAC"},"content":{"rendered":"\n<p class=\"has-text-align-center has-medium-font-size\"><strong>CONVOCATORIA DE ESPECIALISTA TERRITORIAL \u2013 APUR\u00cdMAC<\/strong><\/p>\n\n\n\n<p><strong>OBJETIVO DE LA POSICI\u00d3N:<\/strong><br>Asegurar la implementaci\u00f3n efectiva, articulada y sostenible de los programas y proyectos institucionales en el territorio asignado, mediante la gesti\u00f3n program\u00e1tica, la articulaci\u00f3n interinstitucional, el monitoreo territorial y la aplicaci\u00f3n del enfoque de derechos, protecci\u00f3n, gesti\u00f3n de riesgos de desastres y rendici\u00f3n de cuentas, contribuyendo al logro de los resultados de las l\u00edneas estrat\u00e9gicas y al fortalecimiento de la presencia institucional en los \u00e1mbitos regional, provincial y distrital<\/p>\n\n\n\n<p><strong>REQUISITOS<\/strong><\/p>\n\n\n\n<p><strong>Conocimientos y experiencia:<\/strong><\/p>\n\n\n\n<ul class=\"wp-block-list\">\n<li>Formaci\u00f3n: Profesional universitario, egresado o bachiller en ciencias sociales y humanas&nbsp;(sociolog\u00eda, psicolog\u00eda, geograf\u00eda, antropolog\u00eda), o de otras&nbsp;ciencias como Arquitectura, Ing. Civil, Ing. Ambiental, Ing. Geogr\u00e1fica, Ing.&nbsp;Geol\u00f3gica entre otras carreras afines&nbsp;a la GRD<\/li>\n\n\n\n<li>Deseable: diplomados o especializaciones en desarrollo territorial, gesti\u00f3n p\u00fablica, gesti\u00f3n de proyectos sociales, pol\u00edticas p\u00fablicas o cooperaci\u00f3n internacional), gesti\u00f3n del riesgo de desastres.<\/li>\n\n\n\n<li>Experiencia general: M\u00ednimo 03 a\u00f1os de experiencia laboral.<\/li>\n\n\n\n<li>Experiencia espec\u00edfica: M\u00ednimo 02 a\u00f1os en:\n<ul class=\"wp-block-list\">\n<li>Implementaci\u00f3n o gesti\u00f3n de proyectos sociales en territorio.<\/li>\n\n\n\n<li>Articulaci\u00f3n con gobiernos locales y regionales.<\/li>\n\n\n\n<li>Desarrollo de proyectos directamente con Comunidad y organizaciones sociales de base.&nbsp;<\/li>\n\n\n\n<li>Conocimientos de facilitaci\u00f3n de talleres \/ sesiones \/ jornadas con diferentes p\u00fablicos<\/li>\n\n\n\n<li>Deseable con conocimiento actualizado en GRD y en casu\u00edstica de la aplicaci\u00f3n de la normativa del SINAGERD<\/li>\n<\/ul>\n<\/li>\n\n\n\n<li>Experiencia m\u00ednima de un (1) a\u00f1o en temas referidos a la promoci\u00f3n, sensibilizaci\u00f3n y fortalecimiento de capacidades a nivel comunitario y con municipalidades, en el marco de la GRD, ACC y\/o medios de vida. Acreditada con experiencia en trabajo\/voluntariado social en Organizaciones No Gubernamentales.<\/li>\n<\/ul>\n\n\n\n<p>(Deseable experiencia en ONG, cooperaci\u00f3n internacional o programas financiados por donantes en Per\u00fa).<\/p>\n\n\n\n<p class=\"has-text-align-center\"><a href=\"https:\/\/redinfor.com.pe\/portal\/2019\/04\/24\/metodologias-de-capacitacion-para-poblaciones-rurales\/\" target=\"_blank\" rel=\"noreferrer noopener\"><img decoding=\"async\" src=\" https:\/\/www.redinfor.com.pe\/Avisos\/MCPR\/MCPR_advisor.jpg \"><\/a><\/p>\n\n\n\n<p><strong>Conocimientos Espec\u00edficos (Indispensables)<\/strong><\/p>\n\n\n\n<ul class=\"wp-block-list\">\n<li>Gesti\u00f3n e implementaci\u00f3n de programas y proyectos sociales en territorio.<\/li>\n\n\n\n<li>Articulaci\u00f3n interinstitucional con:\n<ul class=\"wp-block-list\">\n<li>Gobiernos regionales, provinciales y distritales.<\/li>\n\n\n\n<li>Sectores del Estado (MINEDU, MIDIS, MIMP, MINSA, entre otros).<\/li>\n<\/ul>\n<\/li>\n\n\n\n<li>Conocimiento del marco institucional del Estado peruano y de los espacios de concertaci\u00f3n (mesas multisectoriales, comit\u00e9s, consejos, plataformas).<\/li>\n\n\n\n<li>Enfoque de Gesti\u00f3n por Resultados.<\/li>\n\n\n\n<li>Enfoque de Derechos Humanos, Protecci\u00f3n, Salvaguarda y participaci\u00f3n ciudadana.<\/li>\n\n\n\n<li>Monitoreo territorial y levantamiento de informaci\u00f3n de campo.<\/li>\n\n\n\n<li>Elaboraci\u00f3n de informes t\u00e9cnicos y reportes para jefaturas y donantes.<\/li>\n\n\n\n<li>Conocimiento del ecosistema empresarial y productivo del territorio<\/li>\n\n\n\n<li>Manejo de herramientas ofim\u00e1ticas (MS Office \/ Google Workspace).<\/li>\n<\/ul>\n\n\n\n<p><strong>Conocimientos Deseables<\/strong><\/p>\n\n\n\n<ul class=\"wp-block-list\">\n<li>Sistemas y herramientas MEAL.<\/li>\n\n\n\n<li>Conocimiento de:\n<ul class=\"wp-block-list\">\n<li>Planes de Desarrollo Concertado (PDC).<\/li>\n\n\n\n<li>Presupuesto Participativo.<\/li>\n\n\n\n<li>Programas sociales del Estado peruano.<\/li>\n<\/ul>\n<\/li>\n\n\n\n<li>Experiencia en l\u00edneas estrat\u00e9gicas como: Desarrollo productivo, incubaci\u00f3n y aceleraci\u00f3n de MIPYMES, Educaci\u00f3n, Empleabilidad, Gesti\u00f3n del Riesgo de Desastres, Acci\u00f3n Humanitaria, Protecci\u00f3n y Desarrollo Comunitario.<\/li>\n\n\n\n<li>Enfoque de interculturalidad, trabajo comunitario y enfoque territorial.<\/li>\n\n\n\n<li>Conocimiento b\u00e1sico de normativa laboral peruana aplicable al trabajo de campo (jornadas, vi\u00e1ticos, seguridad y salud en el trabajo).<\/li>\n<\/ul>\n\n\n\n<p><strong>Idiomas:<\/strong><br>Muy valorable: Ingl\u00e9s: B1: Intermedio, Quechua B2: Medio, C1: Avanzado<\/p>\n\n\n\n<p class=\"has-text-align-center\" style=\"font-size:30px\"><strong><a href=\"https:\/\/empleoayudaenaccion.talentclue.com\/es\/node\/124731180\/12623479\" target=\"_blank\" rel=\"noreferrer noopener\">VER T\u00c9RMINOS DE REFERENCIA Y POSTULACIONES<\/a><\/strong><\/p>\n\n\n\n<p><strong>CONDICIONES DE LA OFERTA:<\/strong><\/p>\n\n\n\n<ul class=\"wp-block-list\">\n<li><strong>Los interesados deben ingresar su Cv al link: <\/strong><br><a href=\"https:\/\/empleoayudaenaccion.talentclue.com\/es\/node\/124731180\/12623479\"><strong>https:\/\/empleoayudaenaccion.talentclue.com\/es\/node\/124731180\/12623479<\/strong><\/a><\/li>\n\n\n\n<li><strong>Incorporaci\u00f3n:&nbsp;<\/strong>Inmediata<\/li>\n\n\n\n<li><strong>Duraci\u00f3n del contrato:&nbsp;<\/strong>Temporal, con un periodo de prueba de 03 meses<\/li>\n\n\n\n<li><strong>Jornada:&nbsp;<\/strong>Completa (<em>48hrs semanales<\/em>)<\/li>\n\n\n\n<li><strong>Horario:&nbsp;<\/strong>L a V de 8 a 5pm.<\/li>\n\n\n\n<li><strong>Centro de Trabajo:&nbsp;<\/strong>Andahuaylas, Apur\u00edmac &#8211; Per\u00fa<\/li>\n\n\n\n<li><strong>Remuneraci\u00f3n\/Salario acorde a la pol\u00edtica retributiva de Ayuda en Acci\u00f3n.<\/strong><\/li>\n<\/ul>\n\n\n\n<p class=\"has-text-align-center\"><a href=\"https:\/\/redinfor.com.pe\/portal\/2019\/04\/24\/monitoreo-y-evaluacion-de-programas-y-proyectos-sociales\/\" target=\"_blank\" rel=\"noreferrer noopener\"><img decoding=\"async\" src=\" https:\/\/redinfor.com.pe\/Avisos\/MEPPS\/MEPPS_advisor_large.jpg \"><\/a><\/p>\n","protected":false},"excerpt":{"rendered":"<p>CONVOCATORIA DE ESPECIALISTA TERRITORIAL \u2013 APUR\u00cdMAC OBJETIVO DE LA POSICI\u00d3N:Asegurar la implementaci\u00f3n efectiva, articulada y sostenible de los programas y proyectos institucionales en el territorio asignado, mediante la gesti\u00f3n program\u00e1tica,&hellip; <\/p>\n","protected":false},"author":1,"featured_media":50236,"comment_status":"closed","ping_status":"closed","sticky":false,"template":"","format":"standard","meta":{"footnotes":""},"categories":[406],"tags":[455,477,1035,1450,905,511,116,545,198,851,427,825,506,1862,323,456,65,4353,802,67,436,786,476,720],"class_list":["post-52756","post","type-post","status-publish","format-standard","has-post-thumbnail","hentry","category-convoca_pub","tag-ambiental","tag-antropologia","tag-apurimac-2","tag-arquitectura","tag-articulacion","tag-ayuda-en-accion","tag-ciencias-sociales","tag-civil","tag-derechos","tag-desastres","tag-especialista","tag-geografia","tag-geografica","tag-geologica","tag-gestion","tag-ingenieria","tag-monitoreo","tag-programatica","tag-proteccion","tag-proyectos","tag-psicologia","tag-riesgos","tag-sociologia","tag-territorial"],"_links":{"self":[{"href":"https:\/\/redinfor.com.pe\/portal\/wp-json\/wp\/v2\/posts\/52756","targetHints":{"allow":["GET"]}}],"collection":[{"href":"https:\/\/redinfor.com.pe\/portal\/wp-json\/wp\/v2\/posts"}],"about":[{"href":"https:\/\/redinfor.com.pe\/portal\/wp-json\/wp\/v2\/types\/post"}],"author":[{"embeddable":true,"href":"https:\/\/redinfor.com.pe\/portal\/wp-json\/wp\/v2\/users\/1"}],"replies":[{"embeddable":true,"href":"https:\/\/redinfor.com.pe\/portal\/wp-json\/wp\/v2\/comments?post=52756"}],"version-history":[{"count":2,"href":"https:\/\/redinfor.com.pe\/portal\/wp-json\/wp\/v2\/posts\/52756\/revisions"}],"predecessor-version":[{"id":52786,"href":"https:\/\/redinfor.com.pe\/portal\/wp-json\/wp\/v2\/posts\/52756\/revisions\/52786"}],"wp:featuredmedia":[{"embeddable":true,"href":"https:\/\/redinfor.com.pe\/portal\/wp-json\/wp\/v2\/media\/50236"}],"wp:attachment":[{"href":"https:\/\/redinfor.com.pe\/portal\/wp-json\/wp\/v2\/media?parent=52756"}],"wp:term":[{"taxonomy":"category","embeddable":true,"href":"https:\/\/redinfor.com.pe\/portal\/wp-json\/wp\/v2\/categories?post=52756"},{"taxonomy":"post_tag","embeddable":true,"href":"https:\/\/redinfor.com.pe\/portal\/wp-json\/wp\/v2\/tags?post=52756"}],"curies":[{"name":"wp","href":"https:\/\/api.w.org\/{rel}","templated":true}]}}