{"id":52767,"date":"2026-04-24T15:10:16","date_gmt":"2026-04-24T20:10:16","guid":{"rendered":"https:\/\/redinfor.com.pe\/portal\/?p=52767"},"modified":"2026-04-24T15:10:18","modified_gmt":"2026-04-24T20:10:18","slug":"convocatoria-de-especialista-de-incidencia-politica","status":"publish","type":"post","link":"https:\/\/redinfor.com.pe\/portal\/2026\/04\/24\/convocatoria-de-especialista-de-incidencia-politica\/","title":{"rendered":"CONVOCATORIA DE ESPECIALISTA DE INCIDENCIA POL\u00cdTICA"},"content":{"rendered":"\n<p><strong>ESPECIALISTA DE INCIDENCIA POL\u00cdTICA\u00a0<\/strong><br><strong>C\u00f3digo:<\/strong> EIP-L\u00a0<br><strong>Ubicaci\u00f3n:<\/strong> Lima\u00a0<br><strong>\u00c1rea:<\/strong> Direcci\u00f3n Nacional\u00a0<br><strong>Reporta a:<\/strong> Director(a) Nacional\u00a0<\/p>\n\n\n\n<p><strong>Requisitos:&nbsp;<\/strong><\/p>\n\n\n\n<ul class=\"wp-block-list\">\n<li>Profesional en las carreras de Ciencias Pol\u00edticas, Sociolog\u00eda, Derecho, Relaciones Internacionales o afines.\u00a0<\/li>\n\n\n\n<li>Diplomado, especializaci\u00f3n o Maestr\u00eda en Incidencia Pol\u00edtica, Migraciones, Acci\u00f3n Humanitaria, Pol\u00edticas P\u00fablicas o Gesti\u00f3n Social.\u00a0\u00a0<\/li>\n\n\n\n<li>Dominio de enfoques de derechos humanos, interculturalidad y protecci\u00f3n internacional.\u00a0<\/li>\n\n\n\n<li>Conocimientos en an\u00e1lisis estructural, barreras de acceso a derechos y mapeo de actores.\u00a0<\/li>\n\n\n\n<li>Conocimiento y experiencia facilitando procesos de influencia p\u00fablica, negociaci\u00f3n y di\u00e1logo multiactor.\u00a0<\/li>\n\n\n\n<li>Experiencia m\u00ednima de 03 a\u00f1os en programas con poblaci\u00f3n en situaci\u00f3n de vulnerabilidad, especialmente personas migrantes y refugiadas.\u00a0<\/li>\n\n\n\n<li>Experiencia espec\u00edfica en dise\u00f1o y ejecuci\u00f3n de estrategias de incidencia pol\u00edtica y articulaci\u00f3n interinstitucional.\u00a0<\/li>\n\n\n\n<li>Trabajo documentado con gobiernos locales, sector p\u00fablico, redes civiles y cooperaci\u00f3n\u00a0 internacional.\u00a0<\/li>\n\n\n\n<li>Experiencia en an\u00e1lisis de contexto pol\u00edtico y social, formulaci\u00f3n de posicionamientos y vocer\u00edas institucionales.\u00a0<\/li>\n\n\n\n<li>Experiencia en comunicaci\u00f3n para incidencia y campa\u00f1as p\u00fablicas basadas en evidencia. (deseable)<\/li>\n\n\n\n<li>Conocimiento Microsoft office, nivel intermedio y de herramientas virtuales.\u00a0<\/li>\n\n\n\n<li>Deseable: Ingl\u00e9s escrito\u00a0\u00a0<\/li>\n\n\n\n<li>Disponibilidad para viajar y desplazarse cuando se requiera.\u00a0<\/li>\n<\/ul>\n\n\n\n<p class=\"has-text-align-center\"><a href=\"https:\/\/redinfor.com.pe\/portal\/2019\/04\/24\/monitoreo-y-evaluacion-de-programas-y-proyectos-sociales\/\" target=\"_blank\" rel=\"noreferrer noopener\"><img decoding=\"async\" src=\" https:\/\/www.redinfor.com.pe\/Avisos\/MEPPS\/MEPPS_advisor.jpg \"><\/a><\/p>\n\n\n\n<p><strong>Funciones:&nbsp;<\/strong><\/p>\n\n\n\n<ul class=\"wp-block-list\">\n<li>Liderar la Estrategia de Incidencia Pol\u00edtica de Encuentros \u2013 SJM, alineada a la misi\u00f3n institucional y a\u00a0 las prioridades de la Compa\u00f1\u00eda de Jes\u00fas y al marco de an\u00e1lisis de protecci\u00f3n.\u00a0\u00a0<\/li>\n\n\n\n<li>Conducir procesos de an\u00e1lisis pol\u00edtico y social: identificaci\u00f3n de barreras estructurales, riesgos de\u00a0 protecci\u00f3n, patrones de discriminaci\u00f3n y brechas de acceso a derechos de personas migrantes y\u00a0 refugiadas.\u00a0<\/li>\n\n\n\n<li>Asegurar la coherencia discursiva y el posicionamiento p\u00fablico de la organizaci\u00f3n a trav\u00e9s de\u00a0 mensajes t\u00e9cnicos, \u00e9ticos y basados en evidencia.\u00a0<\/li>\n\n\n\n<li>Representar a Encuentros \u2013 SJM en espacios de incidencia multiactor: mesas de articulaci\u00f3n,\u00a0 GTMRM, plataformas de sociedad civil y redes jesuitas internacionales.\u00a0\u00a0<\/li>\n\n\n\n<li>Construir, sostener y fortalecer alianzas estrat\u00e9gicas con actores gubernamentales, agencias\u00a0 internacionales, academia y organizaciones sociales.\u00a0<\/li>\n\n\n\n<li>Gestionar y transformar los insumos provenientes del monitoreo de protecci\u00f3n y otros sistemas de\u00a0 informaci\u00f3n en productos de incidencia: reportes, policy briefs, alertas y comunicaciones.\u00a0<\/li>\n\n\n\n<li>Organizar y liderar eventos p\u00fablicos para la difusi\u00f3n de productos de incidencia como conversatorios,\u00a0 mesas de trabajo entre otros.\u00a0\u00a0<\/li>\n\n\n\n<li>Desarrollar documentos de posicionamiento, pronunciamientos p\u00fablicos y recomendaciones\u00a0 legislativas basadas en DDHH y est\u00e1ndares internacionales.\u00a0<\/li>\n\n\n\n<li>Innovar estrategias de comunicaci\u00f3n para incidencia en estrecha coordinaci\u00f3n con el \u00e1rea de\u00a0 comunicaciones institucional.\u00a0<\/li>\n\n\n\n<li>Sistematizar y reportar avances de la estrategia de incidencia: resultados, aprendizajes, riesgos y\u00a0 recomendaciones.<\/li>\n\n\n\n<li>Asegurar la difusi\u00f3n \u00e9tica y responsable de la informaci\u00f3n, protegiendo identidades y\u00a0 confidencialidad seg\u00fan pol\u00edticas institucionales.\u00a0<\/li>\n<\/ul>\n\n\n\n<p><strong>Beneficios:&nbsp;<\/strong><\/p>\n\n\n\n<ul class=\"wp-block-list\">\n<li>Modalidad: Planilla\u00a0<\/li>\n\n\n\n<li>Remuneraci\u00f3n S\/2550\u00a0<\/li>\n\n\n\n<li>Grato Ambiente Laboral\u00a0<\/li>\n\n\n\n<li>L\u00ednea de carrera\u00a0<\/li>\n<\/ul>\n\n\n\n<p><strong>Modalidad de trabajo:&nbsp;<\/strong><\/p>\n\n\n\n<ul class=\"wp-block-list\">\n<li>Trabajo presencial.\u00a0<\/li>\n\n\n\n<li>Lugar de trabajo: Lima.\u00a0<\/li>\n<\/ul>\n\n\n\n<p><strong>Env\u00eda tu Curriculum Vitae v\u00eda email a <a href=\"mailto:portal.rrhh@encuentros-sjs.org\">portal.rrhh@encuentros-sjs.org<\/a> &nbsp;especificando en el asunto, el c\u00f3digo&nbsp; del puesto.<\/strong><\/p>\n\n\n\n<p class=\"has-text-align-center\"><a href=\"https:\/\/redinfor.com.pe\/portal\/2019\/11\/06\/diseno-y-metodos-de-evaluacion-de-impacto\/\" target=\"_blank\" rel=\"noreferrer noopener\"><img decoding=\"async\" src=\" https:\/\/redinfor.com.pe\/Avisos\/DMEI\/DMEI_advisor_large.jpg \"><\/a><\/p>\n\n\n\n<p><\/p>\n","protected":false},"excerpt":{"rendered":"<p>ESPECIALISTA DE INCIDENCIA POL\u00cdTICA\u00a0C\u00f3digo: EIP-L\u00a0Ubicaci\u00f3n: Lima\u00a0\u00c1rea: Direcci\u00f3n Nacional\u00a0Reporta a: Director(a) Nacional\u00a0 Requisitos:&nbsp; Funciones:&nbsp; Beneficios:&nbsp; Modalidad de trabajo:&nbsp; Env\u00eda tu Curriculum Vitae v\u00eda email a portal.rrhh@encuentros-sjs.org &nbsp;especificando en el asunto, el&hellip; <\/p>\n","protected":false},"author":3,"featured_media":5986,"comment_status":"closed","ping_status":"closed","sticky":false,"template":"","format":"standard","meta":{"footnotes":""},"categories":[406],"tags":[139,437,147,90,3820,66,53,323,37,456,425,38,141,67,476],"class_list":["post-52767","post","type-post","status-publish","format-standard","has-post-thumbnail","hentry","category-convoca_pub","tag-administracion","tag-comunicacion","tag-conocimiento","tag-desarrollo","tag-especialidad","tag-evaluacion","tag-genero","tag-gestion","tag-incidencia","tag-ingenieria","tag-ingeniero","tag-politica","tag-programas","tag-proyectos","tag-sociologia"],"_links":{"self":[{"href":"https:\/\/redinfor.com.pe\/portal\/wp-json\/wp\/v2\/posts\/52767","targetHints":{"allow":["GET"]}}],"collection":[{"href":"https:\/\/redinfor.com.pe\/portal\/wp-json\/wp\/v2\/posts"}],"about":[{"href":"https:\/\/redinfor.com.pe\/portal\/wp-json\/wp\/v2\/types\/post"}],"author":[{"embeddable":true,"href":"https:\/\/redinfor.com.pe\/portal\/wp-json\/wp\/v2\/users\/3"}],"replies":[{"embeddable":true,"href":"https:\/\/redinfor.com.pe\/portal\/wp-json\/wp\/v2\/comments?post=52767"}],"version-history":[{"count":1,"href":"https:\/\/redinfor.com.pe\/portal\/wp-json\/wp\/v2\/posts\/52767\/revisions"}],"predecessor-version":[{"id":52768,"href":"https:\/\/redinfor.com.pe\/portal\/wp-json\/wp\/v2\/posts\/52767\/revisions\/52768"}],"wp:featuredmedia":[{"embeddable":true,"href":"https:\/\/redinfor.com.pe\/portal\/wp-json\/wp\/v2\/media\/5986"}],"wp:attachment":[{"href":"https:\/\/redinfor.com.pe\/portal\/wp-json\/wp\/v2\/media?parent=52767"}],"wp:term":[{"taxonomy":"category","embeddable":true,"href":"https:\/\/redinfor.com.pe\/portal\/wp-json\/wp\/v2\/categories?post=52767"},{"taxonomy":"post_tag","embeddable":true,"href":"https:\/\/redinfor.com.pe\/portal\/wp-json\/wp\/v2\/tags?post=52767"}],"curies":[{"name":"wp","href":"https:\/\/api.w.org\/{rel}","templated":true}]}}