{"id":52769,"date":"2026-04-24T15:26:32","date_gmt":"2026-04-24T20:26:32","guid":{"rendered":"https:\/\/redinfor.com.pe\/portal\/?p=52769"},"modified":"2026-04-24T15:26:34","modified_gmt":"2026-04-24T20:26:34","slug":"convocatoria-de-oficial-de-monitoreo-de-proteccion","status":"publish","type":"post","link":"https:\/\/redinfor.com.pe\/portal\/2026\/04\/24\/convocatoria-de-oficial-de-monitoreo-de-proteccion\/","title":{"rendered":"CONVOCATORIA DE OFICIAL DE MONITOREO DE PROTECCI\u00d3N"},"content":{"rendered":"\n<p><strong>C\u00f3digo:<\/strong> OMP- AQP\u00a0<br><strong>Ubicaci\u00f3n:<\/strong> Arequipa\u00a0<br><strong>\u00c1rea:<\/strong> Monitoreo de Protecci\u00f3n\u00a0<br><strong>Reporta a:<\/strong> Especialista de Monitoreo de Protecci\u00f3n\u00a0<\/p>\n\n\n\n<p><strong>Requisitos:&nbsp;<\/strong><\/p>\n\n\n\n<ul class=\"wp-block-list\">\n<li>Profesional en Ciencia Sociales o afines.\u00a0\u00a0<\/li>\n\n\n\n<li>Dominio en recojo y procesamiento de informaci\u00f3n con metodolog\u00eda cualitativa y cuantitativa (construcci\u00f3n\u00a0 y aplicaci\u00f3n de instrumentos)\u00a0<\/li>\n\n\n\n<li>Experiencia comprobada en la atenci\u00f3n y gesti\u00f3n de casos de personas refugiadas y migrantes o en situaci\u00f3n de\u00a0 desplazamiento forzado.\u00a0\u00a0<\/li>\n\n\n\n<li>Experiencia m\u00ednima de 2 a\u00f1os en posiciones similares en trabajo humanitario, de intervenci\u00f3n social,\u00a0 intervenciones en situaciones de emergencia y\/o con poblaci\u00f3n en situaci\u00f3n de vulnerabilidad.\u00a0\u00a0<\/li>\n\n\n\n<li>Conocimiento de enfoque de derechos, de protecci\u00f3n, de g\u00e9nero y comunitario.\u00a0\u00a0<\/li>\n\n\n\n<li>Conocimientos en Microsoft Office, nivel Intermedio \u2013 avanzado.\u00a0<\/li>\n\n\n\n<li>Manejo de habilidades blandas: manejo de grupo, comportamiento \u00e9tico, trabajo en equipo, comunicaci\u00f3n\u00a0 asertiva, capacidad de resoluci\u00f3n de conflictos, organizaci\u00f3n y planificaci\u00f3n.\u00a0<\/li>\n\n\n\n<li>Trabajo presencial en oficina y espacios comunitarios.\u00a0\u00a0<\/li>\n\n\n\n<li>Disponibilidad para trabajo de campo.\u00a0\u00a0<\/li>\n<\/ul>\n\n\n\n<p class=\"has-text-align-center\"><a href=\"https:\/\/redinfor.com.pe\/portal\/2019\/04\/24\/monitoreo-y-evaluacion-de-programas-y-proyectos-sociales\/\" target=\"_blank\" rel=\"noreferrer noopener\"><img decoding=\"async\" src=\" https:\/\/www.redinfor.com.pe\/Avisos\/MEPPS\/MEPPS_advisor.jpg \"><\/a><\/p>\n\n\n\n<p><strong>Responsabilidades:&nbsp;<\/strong><\/p>\n\n\n\n<ul class=\"wp-block-list\">\n<li>Brindar orientaci\u00f3n, asistencia y acompa\u00f1amiento especializado a personas refugiadas, solicitantes de refugio y\u00a0 migrantes en situaci\u00f3n de vulnerabilidad identificadas en el trabajo de campo o en actividades institucionales.\u00a0\u00a0<\/li>\n\n\n\n<li>Recolectar, sistematizar y analizar informaci\u00f3n cualitativa y cuantitativa mediante herramientas estandarizadas de\u00a0 monitoreo de protecci\u00f3n, con el fin de identificar tendencias, riesgos y necesidades en las zonas de intervenci\u00f3n bajo\u00a0 el marco de an\u00e1lisis de protecci\u00f3n.\u00a0\u00a0<\/li>\n\n\n\n<li>Aplicar metodolog\u00edas de an\u00e1lisis cualitativo utilizando software de gesti\u00f3n de datos para la elaboraci\u00f3n de informes\u00a0 t\u00e9cnicos, sistematizaci\u00f3n de grupos focales y entrevistas a actores clave.\u00a0<\/li>\n\n\n\n<li>Dise\u00f1ar, coordinar y ejecutar actividades de difusi\u00f3n de informaci\u00f3n de protecci\u00f3n, dirigidas a la poblaci\u00f3n de inter\u00e9s\u00a0 y actores comunitarios, en articulaci\u00f3n con organizaciones y l\u00edderes locales.\u00a0<\/li>\n\n\n\n<li>Gestionar la entrega de asistencias humanitarias a partir de un an\u00e1lisis de protecci\u00f3n y coordinar remisiones seguras\u00a0 hacia servicios especializados internos y externos, garantizando el cumplimiento de los protocolos de protecci\u00f3n de\u00a0 datos y gesti\u00f3n de casos.\u00a0<\/li>\n\n\n\n<li>Elaborar informes mensuales de resultados, incluyendo an\u00e1lisis de indicadores, sistematizaci\u00f3n de actividades\u00a0 realizadas y recomendaciones operativas.\u00a0\u00a0<\/li>\n\n\n\n<li>Establecer y mantener v\u00ednculos de coordinaci\u00f3n interinstitucional con organizaciones de base comunitaria, entidades\u00a0 del Estado y actores humanitarios a partir de un mapeo permanente, promoviendo articulaci\u00f3n territorial y respuesta\u00a0 integral a riesgos de protecci\u00f3n.\u00a0<\/li>\n\n\n\n<li>Ejecutar otras funciones afines al cargo que le sean asignadas por la coordinaci\u00f3n del proyecto.\u00a0\u00a0<\/li>\n<\/ul>\n\n\n\n<p><strong>Beneficios:\u00a0<\/strong><br><strong>Modalidad:<\/strong> Ingreso a planilla.\u00a0<br><strong>Remuneraci\u00f3n:<\/strong> S\/. 3,500 (Tres mil quinientos con 00\/100 Nuevos Soles)\u00a0<br>Grato ambiente laboral\u00a0<br><strong>Modalidad de trabajo:\u00a0<\/strong><br><strong>Horario de trabajo:<\/strong> De lunes a viernes de 08:00 &#8211; 17:00 Hrs. S\u00e1bados de 9:00 \u2013 13:00 pm\u00a0<\/p>\n\n\n\n<p><strong>Trabajo presencial.\u00a0<\/strong><br><strong>Lugar de trabajo:<\/strong> Arequipa\u00a0<strong>Env\u00eda tu Curriculum Vitae v\u00eda email a <a href=\"mailto:portal.rrhh@encuentros-sjs.org\">portal.rrhh@encuentros-sjs.org<\/a> \u00a0especificando en el asunto el c\u00f3digo<\/strong><\/p>\n\n\n\n<p class=\"has-text-align-center\"><a href=\"https:\/\/redinfor.com.pe\/portal\/2019\/04\/24\/transversalizacion-del-enfoque-de-genero-en-programas-y-proyectos-sociales\/\" target=\"_blank\" rel=\"noreferrer noopener\"><img decoding=\"async\" src=\" https:\/\/redinfor.com.pe\/Avisos\/TEGPPS\/TEGPPS_advisor_large.jpg \"><\/a><\/p>\n\n\n\n<p><\/p>\n","protected":false},"excerpt":{"rendered":"<p>C\u00f3digo: OMP- AQP\u00a0Ubicaci\u00f3n: Arequipa\u00a0\u00c1rea: Monitoreo de Protecci\u00f3n\u00a0Reporta a: Especialista de Monitoreo de Protecci\u00f3n\u00a0 Requisitos:&nbsp; Responsabilidades:&nbsp; Beneficios:\u00a0Modalidad: Ingreso a planilla.\u00a0Remuneraci\u00f3n: S\/. 3,500 (Tres mil quinientos con 00\/100 Nuevos Soles)\u00a0Grato ambiente laboral\u00a0Modalidad&hellip; <\/p>\n","protected":false},"author":3,"featured_media":46753,"comment_status":"closed","ping_status":"closed","sticky":false,"template":"","format":"standard","meta":{"footnotes":""},"categories":[406],"tags":[139,437,90,66,53,323,456,425,65,141,802,67],"class_list":["post-52769","post","type-post","status-publish","format-standard","has-post-thumbnail","hentry","category-convoca_pub","tag-administracion","tag-comunicacion","tag-desarrollo","tag-evaluacion","tag-genero","tag-gestion","tag-ingenieria","tag-ingeniero","tag-monitoreo","tag-programas","tag-proteccion","tag-proyectos"],"_links":{"self":[{"href":"https:\/\/redinfor.com.pe\/portal\/wp-json\/wp\/v2\/posts\/52769","targetHints":{"allow":["GET"]}}],"collection":[{"href":"https:\/\/redinfor.com.pe\/portal\/wp-json\/wp\/v2\/posts"}],"about":[{"href":"https:\/\/redinfor.com.pe\/portal\/wp-json\/wp\/v2\/types\/post"}],"author":[{"embeddable":true,"href":"https:\/\/redinfor.com.pe\/portal\/wp-json\/wp\/v2\/users\/3"}],"replies":[{"embeddable":true,"href":"https:\/\/redinfor.com.pe\/portal\/wp-json\/wp\/v2\/comments?post=52769"}],"version-history":[{"count":1,"href":"https:\/\/redinfor.com.pe\/portal\/wp-json\/wp\/v2\/posts\/52769\/revisions"}],"predecessor-version":[{"id":52772,"href":"https:\/\/redinfor.com.pe\/portal\/wp-json\/wp\/v2\/posts\/52769\/revisions\/52772"}],"wp:featuredmedia":[{"embeddable":true,"href":"https:\/\/redinfor.com.pe\/portal\/wp-json\/wp\/v2\/media\/46753"}],"wp:attachment":[{"href":"https:\/\/redinfor.com.pe\/portal\/wp-json\/wp\/v2\/media?parent=52769"}],"wp:term":[{"taxonomy":"category","embeddable":true,"href":"https:\/\/redinfor.com.pe\/portal\/wp-json\/wp\/v2\/categories?post=52769"},{"taxonomy":"post_tag","embeddable":true,"href":"https:\/\/redinfor.com.pe\/portal\/wp-json\/wp\/v2\/tags?post=52769"}],"curies":[{"name":"wp","href":"https:\/\/api.w.org\/{rel}","templated":true}]}}