{"id":52773,"date":"2026-04-24T15:36:39","date_gmt":"2026-04-24T20:36:39","guid":{"rendered":"https:\/\/redinfor.com.pe\/portal\/?p=52773"},"modified":"2026-04-24T15:36:41","modified_gmt":"2026-04-24T20:36:41","slug":"consultoria-asistencia-tecnica-al-proyecto-paisajes-andinos","status":"publish","type":"post","link":"https:\/\/redinfor.com.pe\/portal\/2026\/04\/24\/consultoria-asistencia-tecnica-al-proyecto-paisajes-andinos\/","title":{"rendered":"CONSULTORIA ASISTENCIA T\u00c9CNICA AL PROYECTO \u201cPAISAJES ANDINOS\u201d"},"content":{"rendered":"\n<p><strong>Objetivo del servicio de consultor\u00eda\u00a0<\/strong><br>Contratar los servicios del Asistente T\u00e9cnico del Proyecto \u201cConstruyendo un programa para\u00a0 la adaptaci\u00f3n y la resiliencia ante el cambio clim\u00e1tico de las comunidades locales y los\u00a0 ecosistemas andinos en Per\u00fa\u201d para la implementaci\u00f3n del Plan Operativo Anual 2026 del\u00a0 Proyecto.<\/p>\n\n\n\n<p><strong>Perfil requerido\u00a0<\/strong><br><strong>Formaci\u00f3n acad\u00e9mica\u00a0<\/strong><\/p>\n\n\n\n<ul class=\"wp-block-list\">\n<li>Profesional titulado en Biolog\u00eda o Ingenier\u00eda Forestal o Ingenier\u00eda Ambiental o carreras\u00a0 afines a las ciencias naturales.\u00a0<\/li>\n\n\n\n<li>Estudios de posgrado en gesti\u00f3n de recursos naturales o gesti\u00f3n p\u00fablica o gesti\u00f3n de\u00a0 proyectos (titulado preferentemente).\u00a0<\/li>\n\n\n\n<li>Nivel de ingl\u00e9s: B2\u00a0<\/li>\n\n\n\n<li>Formaci\u00f3n complementaria deseable: enfoques participativos, g\u00e9nero, sostenibilidad y conservaci\u00f3n de biodiversidad.\u00a0<\/li>\n<\/ul>\n\n\n\n<p class=\"has-text-align-center\"><a href=\"https:\/\/redinfor.com.pe\/portal\/2019\/02\/20\/diseno-y-formulacion-de-proyectos-sociales\/\" target=\"_blank\" rel=\"noreferrer noopener\"><img decoding=\"async\" src=\"https:\/\/www.redinfor.com.pe\/Avisos\/DFPS\/DFPS_advisor.jpg\"><\/a><\/p>\n\n\n\n<p><strong>Experiencia laboral general&nbsp;<\/strong><\/p>\n\n\n\n<ul class=\"wp-block-list\">\n<li>Experiencia profesional general m\u00ednima de ocho (8) a\u00f1os en el sector p\u00fablico y\/o\u00a0 privado en proyectos ambientales o conservaci\u00f3n de biodiversidad o gesti\u00f3n p\u00fablica\u00a0 ambiental.\u00a0<\/li>\n\n\n\n<li>Experiencia en planificaci\u00f3n, ejecuci\u00f3n y seguimiento de proyectos, trabajando con\u00a0 equipos multidisciplinarios y bajo coordinaci\u00f3n de un\/a responsable de proyecto.<\/li>\n\n\n\n<li>Experiencia de trabajo con entidades p\u00fablicas (a nivel nacional y subnacional),\u00a0 cooperaci\u00f3n internacional y organizaciones de la sociedad civil, en contextos\u00a0 territoriales y de articulaci\u00f3n interinstitucional.\u00a0<\/li>\n\n\n\n<li>Experiencia en preparaci\u00f3n de informes t\u00e9cnicos para proyectos financiados por\u00a0 cooperaci\u00f3n internacional y\/o entidades p\u00fablicas.\u00a0<\/li>\n<\/ul>\n\n\n\n<p><strong>Experiencia espec\u00edfica deseable&nbsp;<\/strong><\/p>\n\n\n\n<ul class=\"wp-block-list\">\n<li>Experiencia en la elaboraci\u00f3n de t\u00e9rminos de referencia (TDR) y en el seguimiento\u00a0 t\u00e9cnico de procesos de contrataci\u00f3n de bienes y servicios.\u00a0\u00a0<\/li>\n\n\n\n<li>Experiencia con sistemas de Monitoreo y Evaluaci\u00f3n (M&amp;E)\u00a0<\/li>\n\n\n\n<li>Experiencia en coordinaci\u00f3n y articulaci\u00f3n con autoridades del sector ambiental y\u00a0 forestal a nivel nacional y organizaciones de la sociedad civil a nivel subnacional.<\/li>\n<\/ul>\n\n\n\n<p class=\"has-text-align-center\" style=\"font-size:30px\"><strong><a href=\"https:\/\/drive.google.com\/file\/d\/15g6my0FS-HBQA9USpZq98M1tAFxaKLHi\/view?usp=sharing\" target=\"_blank\" rel=\"noreferrer noopener\">VER T\u00c9RMINOS DE REFERENCIA<\/a><\/strong><\/p>\n\n\n\n<p><strong>Presentaci\u00f3n de Hoja de Vida (no documentada) incluyendo 3 referencias\u00a0 personales y Carta de Motivaci\u00f3n, hasta el 28 de abril de 2026.\u00a0\u00a0<\/strong><br><strong>Correo-e: <a href=\"mailto:Karheryne.Jara@helvetas.org\">Karheryne.Jara@helvetas.org<\/a> \u00a0<\/strong><br><strong>Asunto:<\/strong> Asistente T\u00e9cnico Proyecto \u201cPaisajes Andinos\u201d\u00a0 Adjuntar documentos en formato PDF.\u00a0<\/p>\n\n\n\n<p class=\"has-text-align-center\"><a href=\"https:\/\/redinfor.com.pe\/portal\/2019\/04\/24\/monitoreo-y-evaluacion-de-programas-y-proyectos-sociales\/\" target=\"_blank\" rel=\"noreferrer noopener\"><img decoding=\"async\" src=\" https:\/\/redinfor.com.pe\/Avisos\/MEPPS\/MEPPS_advisor_large.jpg \"><\/a><\/p>\n\n\n\n<p><\/p>\n","protected":false},"excerpt":{"rendered":"<p>Objetivo del servicio de consultor\u00eda\u00a0Contratar los servicios del Asistente T\u00e9cnico del Proyecto \u201cConstruyendo un programa para\u00a0 la adaptaci\u00f3n y la resiliencia ante el cambio clim\u00e1tico de las comunidades locales y&hellip; <\/p>\n","protected":false},"author":3,"featured_media":46428,"comment_status":"closed","ping_status":"closed","sticky":false,"template":"","format":"standard","meta":{"footnotes":""},"categories":[406],"tags":[139,455,437,90,52,66,53,323,456,5594,425,141,67],"class_list":["post-52773","post","type-post","status-publish","format-standard","has-post-thumbnail","hentry","category-convoca_pub","tag-administracion","tag-ambiental","tag-comunicacion","tag-desarrollo","tag-enfoque-de-genero","tag-evaluacion","tag-genero","tag-gestion","tag-ingenieria","tag-ingenieria-industrial","tag-ingeniero","tag-programas","tag-proyectos"],"_links":{"self":[{"href":"https:\/\/redinfor.com.pe\/portal\/wp-json\/wp\/v2\/posts\/52773","targetHints":{"allow":["GET"]}}],"collection":[{"href":"https:\/\/redinfor.com.pe\/portal\/wp-json\/wp\/v2\/posts"}],"about":[{"href":"https:\/\/redinfor.com.pe\/portal\/wp-json\/wp\/v2\/types\/post"}],"author":[{"embeddable":true,"href":"https:\/\/redinfor.com.pe\/portal\/wp-json\/wp\/v2\/users\/3"}],"replies":[{"embeddable":true,"href":"https:\/\/redinfor.com.pe\/portal\/wp-json\/wp\/v2\/comments?post=52773"}],"version-history":[{"count":1,"href":"https:\/\/redinfor.com.pe\/portal\/wp-json\/wp\/v2\/posts\/52773\/revisions"}],"predecessor-version":[{"id":52774,"href":"https:\/\/redinfor.com.pe\/portal\/wp-json\/wp\/v2\/posts\/52773\/revisions\/52774"}],"wp:featuredmedia":[{"embeddable":true,"href":"https:\/\/redinfor.com.pe\/portal\/wp-json\/wp\/v2\/media\/46428"}],"wp:attachment":[{"href":"https:\/\/redinfor.com.pe\/portal\/wp-json\/wp\/v2\/media?parent=52773"}],"wp:term":[{"taxonomy":"category","embeddable":true,"href":"https:\/\/redinfor.com.pe\/portal\/wp-json\/wp\/v2\/categories?post=52773"},{"taxonomy":"post_tag","embeddable":true,"href":"https:\/\/redinfor.com.pe\/portal\/wp-json\/wp\/v2\/tags?post=52773"}],"curies":[{"name":"wp","href":"https:\/\/api.w.org\/{rel}","templated":true}]}}