{"id":52810,"date":"2026-04-27T13:24:41","date_gmt":"2026-04-27T18:24:41","guid":{"rendered":"https:\/\/redinfor.com.pe\/portal\/?p=52810"},"modified":"2026-04-27T13:24:43","modified_gmt":"2026-04-27T18:24:43","slug":"convocatoria-de-especialista-en-educacion-y-promocion-comunitaria","status":"publish","type":"post","link":"https:\/\/redinfor.com.pe\/portal\/2026\/04\/27\/convocatoria-de-especialista-en-educacion-y-promocion-comunitaria\/","title":{"rendered":"CONVOCATORIA DE ESPECIALISTA EN EDUCACI\u00d3N Y PROMOCI\u00d3N COMUNITARIA"},"content":{"rendered":"\n<p><strong>(C\u00f3digo:<\/strong> Docente-Generalitat)\u00a0<br><strong>Formaci\u00f3n:<\/strong>\u00a0Profesional titulado en Educaci\u00f3n Secundaria, Psicolog\u00eda o Ciencias Sociales.\u00a0\u00a0\u00a0<\/p>\n\n\n\n<p><strong>Experiencia\u00a0<\/strong><br><strong>Experiencia m\u00ednima de 3 a\u00f1os en:\u00a0<\/strong><\/p>\n\n\n\n<ul class=\"wp-block-list\">\n<li>En educaci\u00f3n de adultos y en instituciones educativas secundarias, con enfoque en derechos humanos, g\u00e9nero e intercultural.\u00a0<\/li>\n\n\n\n<li>Articulaci\u00f3n con establecimientos de salud e instituciones educativas para la atenci\u00f3n de los derechos de las y los estudiantes en salud sexual y reproductiva, con \u00e9nfasis en la prevenci\u00f3n del embarazo adolescente, y la disminuci\u00f3n de factores de riesgo de violencia en la instituci\u00f3n educativa.\u00a0<\/li>\n\n\n\n<li>Facilitaci\u00f3n de procesos de fortalecimiento de capacidades y manejo de estrategias participativas en derechos sexuales y reproductivos en instituciones educativas, en coordinaci\u00f3n con establecimientos de salud.\u00a0<\/li>\n\n\n\n<li>Gesti\u00f3n de alianzas interinstitucionales con centros de salud, instituciones educativas y en espacios de articulaci\u00f3n comunal, local y multisectoriales.\u00a0<\/li>\n<\/ul>\n\n\n\n<p><strong>Competencias&nbsp;<\/strong><\/p>\n\n\n\n<ul class=\"wp-block-list\">\n<li>Capacidad anal\u00edtica, de reflexi\u00f3n y sistematizaci\u00f3n de experiencias.\u00a0<\/li>\n\n\n\n<li>Buenas relaciones interpersonales y capacidad de coordinaci\u00f3n de las actividades relacionadas a sus funciones.\u00a0<\/li>\n\n\n\n<li>Habilidades comunicativas, tanto orales como escritas.\u00a0<\/li>\n\n\n\n<li>Conocimiento de computaci\u00f3n a nivel usuario, manejo de hojas de c\u00e1lculo, correo electr\u00f3nico, redes sociales y otros.\u00a0<\/li>\n\n\n\n<li>Conducci\u00f3n de motocicleta y con brevete vigente.\u00a0<\/li>\n<\/ul>\n\n\n\n<p class=\"has-text-align-center\"><a href=\"https:\/\/redinfor.com.pe\/portal\/2019\/04\/24\/transversalizacion-del-enfoque-de-genero-en-programas-y-proyectos-sociales\/\" target=\"_blank\" rel=\"noreferrer noopener\"><img decoding=\"async\" src=\" https:\/\/www.redinfor.com.pe\/Avisos\/TEGPPS\/TEGPPS_advisor.jpg \"><\/a><\/p>\n\n\n\n<p><strong>Funciones Principales&nbsp;<\/strong><\/p>\n\n\n\n<ul class=\"wp-block-list\">\n<li>Capacitaci\u00f3n y acompa\u00f1amiento a docentes de instituciones educativas secundarias en desarrollo de capacidades pedag\u00f3gicas en la prevenci\u00f3n del embarazo adolescente y atenci\u00f3n de la violencia desde la escuela.\u00a0<\/li>\n\n\n\n<li>Acompa\u00f1amiento y asesor\u00eda a directivos\/as y docentes de las II.EE focalizadas para la actualizaci\u00f3n participativa de documentos de gesti\u00f3n a favor de una convivencia escolar democr\u00e1tica con enfoque de g\u00e9nero y sin violencia ni discriminaci\u00f3n.\u00a0<\/li>\n\n\n\n<li>Acompa\u00f1amiento a docentes de instituciones educativas en la realizaci\u00f3n de jornadas de Escuelas de Madres y Padres de Familia, sobre prevenci\u00f3n del embarazo adolescente y violencia contra las mujeres en las instituciones educativas y la comunidad.\u00a0<\/li>\n\n\n\n<li>Capacitaci\u00f3n a docentes en promoci\u00f3n de la convivencia escolar democr\u00e1tica, sin violencia y sin discriminaci\u00f3n.\u00a0\u00a0<\/li>\n\n\n\n<li>Asesor\u00eda y acompa\u00f1amiento al funcionariado del N\u00facleo Educativo Local (NEL), instancia desconcentrada de la UGEL, en la implementaci\u00f3n de acciones de acompa\u00f1amiento y seguimiento pedag\u00f3gico.\u00a0<\/li>\n\n\n\n<li>Acompa\u00f1amiento y elaboraci\u00f3n de m\u00f3dulos para promover el trabajo con padres de familia en la atenci\u00f3n y prevenci\u00f3n de la violencia y el embarazo adolescente, considerando estrategias para promover la participaci\u00f3n estudiantil.\u00a0<\/li>\n<\/ul>\n\n\n\n<p>\u00a0<strong>\u00c1mbito de trabajo\u00a0<\/strong><br>Corredor Alto Piura (San Juan de Bigote, Lalaquiz, Canchaque, San Miguel de El Faique)\u00a0<\/p>\n\n\n\n<p><strong>Plazo de convocatoria\u00a0<\/strong><br>Enviar formulario de postulaci\u00f3n y curr\u00edculum vitae (documentado en archivo adjunto) a <strong><a href=\"mailto:convocatoria@cipca.pe\">convocatoria@cipca.pe<\/a> \u00a0y <a href=\"mailto:arosas@cipca.pe\">arosas@cipca.pe<\/a>, \u00a0hasta el d\u00eda mi\u00e9rcoles 29 de abril de 2026 a las 5.00 p.m.\u00a0<\/strong><\/p>\n\n\n\n<p><strong>En Asunto colocar Apellido_Nombre_Codigo.\u00a0<\/strong><br><strong>Ejemplo:<\/strong> Aguilar_Nadia_Docente-Generalitat\u00a0<\/p>\n\n\n\n<p><strong>Descargar Formulario de postulaci\u00f3n desde el siguiente enlace:<\/strong><br><strong><a href=\"https:\/\/www.cipca.pe\/wp-content\/uploads\/2026\/04\/FORMULARIO-DE-SOLICITUD-DE-EMPLEO-2026_DT.docx\" target=\"_blank\" rel=\"noreferrer noopener\">https:\/\/www.cipca.pe\/wp-content\/uploads\/2026\/04\/FORMULARIO-DE-SOLICITUD-DE-EMPLEO-2026_DT.docx<\/a><\/strong><\/p>\n\n\n\n<p><strong>Nota:<\/strong> Solo se evaluar\u00e1n las postulaciones que cumplan estrictamente con el llenado y env\u00edo del formulario de postulaci\u00f3n y el CV. \u00a0<\/p>\n\n\n\n<p class=\"has-text-align-center\"><a href=\"https:\/\/redinfor.com.pe\/portal\/2019\/04\/24\/monitoreo-y-evaluacion-de-programas-y-proyectos-sociales\/\" target=\"_blank\" rel=\"noreferrer noopener\"><img decoding=\"async\" src=\" https:\/\/redinfor.com.pe\/Avisos\/MEPPS\/MEPPS_advisor_large.jpg \"><\/a><\/p>\n\n\n\n<p><\/p>\n","protected":false},"excerpt":{"rendered":"<p>(C\u00f3digo: Docente-Generalitat)\u00a0Formaci\u00f3n:\u00a0Profesional titulado en Educaci\u00f3n Secundaria, Psicolog\u00eda o Ciencias Sociales.\u00a0\u00a0\u00a0 Experiencia\u00a0Experiencia m\u00ednima de 3 a\u00f1os en:\u00a0 Competencias&nbsp; Funciones Principales&nbsp; \u00a0\u00c1mbito de trabajo\u00a0Corredor Alto Piura (San Juan de Bigote, Lalaquiz, Canchaque,&hellip; <\/p>\n","protected":false},"author":3,"featured_media":5163,"comment_status":"closed","ping_status":"closed","sticky":false,"template":"","format":"standard","meta":{"footnotes":""},"categories":[406],"tags":[139,437,90,183,2683,427,66,53,323,456,425,141,170,67,722],"class_list":["post-52810","post","type-post","status-publish","format-standard","has-post-thumbnail","hentry","category-convoca_pub","tag-administracion","tag-comunicacion","tag-desarrollo","tag-educacion","tag-embarazo","tag-especialista","tag-evaluacion","tag-genero","tag-gestion","tag-ingenieria","tag-ingeniero","tag-programas","tag-promocion","tag-proyectos","tag-secundaria"],"_links":{"self":[{"href":"https:\/\/redinfor.com.pe\/portal\/wp-json\/wp\/v2\/posts\/52810","targetHints":{"allow":["GET"]}}],"collection":[{"href":"https:\/\/redinfor.com.pe\/portal\/wp-json\/wp\/v2\/posts"}],"about":[{"href":"https:\/\/redinfor.com.pe\/portal\/wp-json\/wp\/v2\/types\/post"}],"author":[{"embeddable":true,"href":"https:\/\/redinfor.com.pe\/portal\/wp-json\/wp\/v2\/users\/3"}],"replies":[{"embeddable":true,"href":"https:\/\/redinfor.com.pe\/portal\/wp-json\/wp\/v2\/comments?post=52810"}],"version-history":[{"count":1,"href":"https:\/\/redinfor.com.pe\/portal\/wp-json\/wp\/v2\/posts\/52810\/revisions"}],"predecessor-version":[{"id":52811,"href":"https:\/\/redinfor.com.pe\/portal\/wp-json\/wp\/v2\/posts\/52810\/revisions\/52811"}],"wp:featuredmedia":[{"embeddable":true,"href":"https:\/\/redinfor.com.pe\/portal\/wp-json\/wp\/v2\/media\/5163"}],"wp:attachment":[{"href":"https:\/\/redinfor.com.pe\/portal\/wp-json\/wp\/v2\/media?parent=52810"}],"wp:term":[{"taxonomy":"category","embeddable":true,"href":"https:\/\/redinfor.com.pe\/portal\/wp-json\/wp\/v2\/categories?post=52810"},{"taxonomy":"post_tag","embeddable":true,"href":"https:\/\/redinfor.com.pe\/portal\/wp-json\/wp\/v2\/tags?post=52810"}],"curies":[{"name":"wp","href":"https:\/\/api.w.org\/{rel}","templated":true}]}}