{"id":52820,"date":"2026-04-27T14:09:00","date_gmt":"2026-04-27T19:09:00","guid":{"rendered":"https:\/\/redinfor.com.pe\/portal\/?p=52820"},"modified":"2026-04-27T14:09:02","modified_gmt":"2026-04-27T19:09:02","slug":"convocatoria-de-coordinador-de-medicion-evaluacion-y-learning","status":"publish","type":"post","link":"https:\/\/redinfor.com.pe\/portal\/2026\/04\/27\/convocatoria-de-coordinador-de-medicion-evaluacion-y-learning\/","title":{"rendered":"CONVOCATORIA DE COORDINADOR DE MEDICI\u00d3N, EVALUACI\u00d3N Y LEARNING"},"content":{"rendered":"\n<p><strong>Prop\u00f3sito del Rol\u00a0<\/strong><br>El\/la Coordinador\/a de Medici\u00f3n, Evaluaci\u00f3n y Learning (MEL) ser\u00e1 responsable de liderar y fortalecer el sistema de seguimiento, evaluaci\u00f3n y aprendizaje de los proyectos, programas e intervenciones territoriales. Su rol es clave para asegurar que la informaci\u00f3n que se recoge sea pertinente, confiable, oportuna y \u00fatil para la toma de decisiones, promoviendo una cultura organizacional orientada al uso estrat\u00e9gico de datos para la mejora continua.\u00a0<\/p>\n\n\n\n<p class=\"has-text-align-center\"><a href=\"https:\/\/redinfor.com.pe\/portal\/2019\/04\/24\/monitoreo-y-evaluacion-de-programas-y-proyectos-sociales\/\" target=\"_blank\" rel=\"noreferrer noopener\"><img decoding=\"async\" src=\" https:\/\/www.redinfor.com.pe\/Avisos\/MEPPS\/MEPPS_advisor.jpg \"><\/a><\/p>\n\n\n\n<p><strong>El perfil que buscamos:&nbsp;<\/strong><\/p>\n\n\n\n<ul class=\"wp-block-list\">\n<li>Carrera en Educaci\u00f3n, Estad\u00edstica, Ciencias Sociales, Ingenier\u00eda Industrial o afines.<\/li>\n\n\n\n<li>Bachiller o Licenciatura completa (deseable estudios en evaluaci\u00f3n, pol\u00edticas p\u00fablicas o gesti\u00f3n de proyectos).\u00a0<\/li>\n\n\n\n<li>M\u00ednimo 3 a\u00f1os de experiencia en monitoreo, evaluaci\u00f3n, investigaci\u00f3n aplicada o gesti\u00f3n de datos en proyectos sociales o educativos.\u00a0<\/li>\n\n\n\n<li>Experiencia en dise\u00f1o de indicadores, instrumentos de recolecci\u00f3n de datos y sistemas de seguimiento.<\/li>\n\n\n\n<li>Manejo de herramientas de an\u00e1lisis y visualizaci\u00f3n de datos (Excel avanzado, Power BI, u otros).\u00a0<\/li>\n\n\n\n<li>Capacidad para traducir datos en recomendaciones estrat\u00e9gicas.\u00a0<\/li>\n\n\n\n<li>Deseable: experiencia trabajando con UGEL, DRE u otras instancias del sector p\u00fablico.\u00a0<\/li>\n\n\n\n<li>Disponibilidad para desplazamientos frecuentes dentro del territorio.<\/li>\n<\/ul>\n\n\n\n<p class=\"has-text-align-center\" style=\"font-size:30px\"><strong><a href=\"https:\/\/drive.google.com\/file\/d\/1R1nM7PKDOL28FyTXbVFy4ahurS9Wog4y\/view?usp=sharing\" target=\"_blank\" rel=\"noreferrer noopener\">VER T\u00c9RMINOS DE REFERENCIA<\/a><\/strong><\/p>\n\n\n\n<p><strong>Para postular sigue los siguientes pasos:\u00a0Si te interesa la posici\u00f3n, completa el siguiente formulario: <a href=\"https:\/\/forms.gle\/7AUdDvYda97k2EVs9\" target=\"_blank\" rel=\"noreferrer noopener\">https:\/\/forms.gle\/7AUdDvYda97k2EVs9<\/a><\/strong><\/p>\n\n\n\n<p class=\"has-text-align-center\"><a href=\"https:\/\/redinfor.com.pe\/portal\/2019\/04\/24\/responsabilidad-social-empresarial-y-relaciones-comunitarias\/\" target=\"_blank\" rel=\"noreferrer noopener\"><img decoding=\"async\" src=\" https:\/\/redinfor.com.pe\/Avisos\/RSE\/RSE_advisor_large.jpg \"><\/a><\/p>\n\n\n\n<p><\/p>\n","protected":false},"excerpt":{"rendered":"<p>Prop\u00f3sito del Rol\u00a0El\/la Coordinador\/a de Medici\u00f3n, Evaluaci\u00f3n y Learning (MEL) ser\u00e1 responsable de liderar y fortalecer el sistema de seguimiento, evaluaci\u00f3n y aprendizaje de los proyectos, programas e intervenciones territoriales.&hellip; <\/p>\n","protected":false},"author":3,"featured_media":46833,"comment_status":"closed","ping_status":"closed","sticky":false,"template":"","format":"standard","meta":{"footnotes":""},"categories":[406],"tags":[139,146,437,1140,90,66,53,323,456,425,167,65,141,67],"class_list":["post-52820","post","type-post","status-publish","format-standard","has-post-thumbnail","hentry","category-convoca_pub","tag-administracion","tag-ciencias","tag-comunicacion","tag-coordinacion","tag-desarrollo","tag-evaluacion","tag-genero","tag-gestion","tag-ingenieria","tag-ingeniero","tag-investigacion","tag-monitoreo","tag-programas","tag-proyectos"],"_links":{"self":[{"href":"https:\/\/redinfor.com.pe\/portal\/wp-json\/wp\/v2\/posts\/52820","targetHints":{"allow":["GET"]}}],"collection":[{"href":"https:\/\/redinfor.com.pe\/portal\/wp-json\/wp\/v2\/posts"}],"about":[{"href":"https:\/\/redinfor.com.pe\/portal\/wp-json\/wp\/v2\/types\/post"}],"author":[{"embeddable":true,"href":"https:\/\/redinfor.com.pe\/portal\/wp-json\/wp\/v2\/users\/3"}],"replies":[{"embeddable":true,"href":"https:\/\/redinfor.com.pe\/portal\/wp-json\/wp\/v2\/comments?post=52820"}],"version-history":[{"count":1,"href":"https:\/\/redinfor.com.pe\/portal\/wp-json\/wp\/v2\/posts\/52820\/revisions"}],"predecessor-version":[{"id":52821,"href":"https:\/\/redinfor.com.pe\/portal\/wp-json\/wp\/v2\/posts\/52820\/revisions\/52821"}],"wp:featuredmedia":[{"embeddable":true,"href":"https:\/\/redinfor.com.pe\/portal\/wp-json\/wp\/v2\/media\/46833"}],"wp:attachment":[{"href":"https:\/\/redinfor.com.pe\/portal\/wp-json\/wp\/v2\/media?parent=52820"}],"wp:term":[{"taxonomy":"category","embeddable":true,"href":"https:\/\/redinfor.com.pe\/portal\/wp-json\/wp\/v2\/categories?post=52820"},{"taxonomy":"post_tag","embeddable":true,"href":"https:\/\/redinfor.com.pe\/portal\/wp-json\/wp\/v2\/tags?post=52820"}],"curies":[{"name":"wp","href":"https:\/\/api.w.org\/{rel}","templated":true}]}}